{"id":26690,"date":"2025-07-15T18:36:33","date_gmt":"2025-07-15T17:36:33","guid":{"rendered":"https:\/\/insideamateurfussball-ffm.de\/?p=26690"},"modified":"2025-07-15T20:52:05","modified_gmt":"2025-07-15T19:52:05","slug":"posavina-will-erstmal-gute-halbsaison-spielen","status":"publish","type":"post","link":"https:\/\/insideamateurfussball-ffm.de\/?p=26690","title":{"rendered":"Posavina will erstmal gute Halbsaison spielen"},"content":{"rendered":"<h6><span style=\"font-size: 20px;\">Wir beginnen nun im Rahmen unserer Serie vor Saisonbeginn auch mit der Kreisoberliga und bitten alle Vereine, die noch nicht geantwortet haben, die Informationen noch zu schicken. Der erste Club von dem Antworten eingingen, ist der FC Posavina. Die Fragen hat Spielertrainer Danijel Koturic beantwortet.\u00a0<\/span><\/h6>\n<figure id=\"attachment_26691\" aria-describedby=\"caption-attachment-26691\" style=\"width: 300px\" class=\"wp-caption aligncenter\"><img loading=\"lazy\" decoding=\"async\" class=\"wp-image-26691 size-medium\" src=\"http:\/\/insideamateurfussball-ffm.de\/wp-content\/uploads\/2025\/07\/croa6-6-300x195.jpg\" alt=\"\" width=\"300\" height=\"195\" srcset=\"https:\/\/insideamateurfussball-ffm.de\/wp-content\/uploads\/2025\/07\/croa6-6-300x195.jpg 300w, https:\/\/insideamateurfussball-ffm.de\/wp-content\/uploads\/2025\/07\/croa6-6-768x499.jpg 768w, https:\/\/insideamateurfussball-ffm.de\/wp-content\/uploads\/2025\/07\/croa6-6.jpg 886w\" sizes=\"auto, (max-width: 300px) 100vw, 300px\" \/><figcaption id=\"caption-attachment-26691\" class=\"wp-caption-text\">Posavina-Spielertrainer Danijel Koturic beim kroatischen Derby vor vollem Haus. Foto: Archiv Mithat G\u00fcrser.<\/figcaption><\/figure>\n<p><img loading=\"lazy\" decoding=\"async\" class=\"alignnone size-full wp-image-22\" src=\"http:\/\/insideamateurfussball-ffm.de\/wp-content\/uploads\/2021\/11\/posavina.jpg\" alt=\"\" width=\"63\" height=\"80\" \/><\/p>\n<p><span style=\"font-size: 20px;\">Der FC Posavina schaffte in der Saison nach dem Wiederaufstieg in die Kreisoberliga Rang 13 und den damit verbundenen Klassenerhalt. Mit zahlreichen personellen Ver\u00e4nderungen strebt der kroatische Verein vom Riederwald in der kommenden Saison eine bessere Runde an.\u00a0<\/span><\/p>\n<h6><span style=\"font-size: 20px;\">Was erwartet ihr von der neuen Saison? <\/span><span style=\"font-size: 20px;\">Wie lautet euer Saisonziel? <\/span><\/h6>\n<p><span style=\"font-size: 20px;\">Wir wollen erstmal eine gute Halbsaison spielen, den Rest sehen wir dann. Unser Fokus liegt auf Stabilit\u00e4t, Teamzusammenhalt und der Weiterentwicklung jedes einzelnen Spielers.<\/span><\/p>\n<h6><span style=\"font-size: 20px;\">Welche Zu- und Abg\u00e4nge habt ihr Stand jetzt zu verzeichnen?<\/span><\/h6>\n<p><span style=\"font-size: 20px;\">Zug\u00e4nge: <\/span><\/p>\n<div><span style=\"font-size: 20px;\">\u2022 Ivan Wessel (19, FV 08 Neuenhain)<\/span><\/div>\n<div><\/div>\n<div><span style=\"font-size: 20px;\">\u2022 Dario Dubravac (18, Spvgg. 05 Oberrad)<\/span><\/div>\n<div><\/div>\n<div><span style=\"font-size: 20px;\">\u2022 Dominik Loncar (21, SV 07 Kriftel)<\/span><\/div>\n<div><\/div>\n<div><span style=\"font-size: 20px;\">\u2022 Okan Tastan (30, TSV 1860 Hanau)<\/span><\/div>\n<div><\/div>\n<div><span style=\"font-size: 20px;\">\u2022 Robert Radovac (22, FC Croatia)<\/span><\/div>\n<div><\/div>\n<div><span style=\"font-size: 20px;\">\u2022 Mete Kulak (25, TSV 1860 Hanau)<\/span><\/div>\n<div><\/div>\n<div><span style=\"font-size: 20px;\">\u2022 Maximilian H\u00f6ller (28, SG Nassau Diedenbergen)<\/span><\/div>\n<div><\/div>\n<div><span style=\"font-size: 20px;\">\u2022 Manir Can Karasu (21, SC Riedberg)<\/span><\/div>\n<div><\/div>\n<div><span style=\"font-size: 20px;\">Abgang:\u00a0 Alen Tahirovic (VfB Offenbach).<\/span><\/div>\n<h6><span style=\"font-size: 20px;\"> Wer sind f\u00fcr euch die Favoriten in der Liga?<\/span><\/h6>\n<p><span style=\"font-size: 20px;\">Andere Mannschaften interessieren uns nicht \u2013 wir sind nur auf uns selbst fokussiert.<\/span><\/p>\n<h6><span style=\"font-size: 20px;\">Wie ist eure Meinung zur neuen Auswechselregelung in Hessens Amateurfu\u00dfball (5 Wechsel maximal inklusive R\u00fcckwechsel)?<\/span><\/h6>\n<p><span style=\"font-size: 20px;\">Finden wir albern und unn\u00f6tig. Diese Regelung passt unserer Meinung nach nicht zur Realit\u00e4t des Amateurfu\u00dfballs.<\/span><\/p>\n","protected":false},"excerpt":{"rendered":"<p>Wir beginnen nun im Rahmen unserer Serie vor Saisonbeginn auch mit der Kreisoberliga und bitten alle Vereine, die noch nicht geantwortet haben, die Informationen noch zu schicken. Der erste Club von dem Antworten eingingen, ist der FC Posavina. Die Fragen hat Spielertrainer Danijel Koturic beantwortet.\u00a0 Der FC Posavina schaffte in der Saison nach dem Wiederaufstieg [&hellip;]<\/p>\n","protected":false},"author":1,"featured_media":26691,"comment_status":"closed","ping_status":"closed","sticky":true,"template":"","format":"standard","meta":{"footnotes":""},"categories":[2],"tags":[],"class_list":["post-26690","post","type-post","status-publish","format-standard","has-post-thumbnail","hentry","category-kreisoberliga-frankfurt"],"_links":{"self":[{"href":"https:\/\/insideamateurfussball-ffm.de\/index.php?rest_route=\/wp\/v2\/posts\/26690","targetHints":{"allow":["GET"]}}],"collection":[{"href":"https:\/\/insideamateurfussball-ffm.de\/index.php?rest_route=\/wp\/v2\/posts"}],"about":[{"href":"https:\/\/insideamateurfussball-ffm.de\/index.php?rest_route=\/wp\/v2\/types\/post"}],"author":[{"embeddable":true,"href":"https:\/\/insideamateurfussball-ffm.de\/index.php?rest_route=\/wp\/v2\/users\/1"}],"replies":[{"embeddable":true,"href":"https:\/\/insideamateurfussball-ffm.de\/index.php?rest_route=%2Fwp%2Fv2%2Fcomments&post=26690"}],"version-history":[{"count":2,"href":"https:\/\/insideamateurfussball-ffm.de\/index.php?rest_route=\/wp\/v2\/posts\/26690\/revisions"}],"predecessor-version":[{"id":26704,"href":"https:\/\/insideamateurfussball-ffm.de\/index.php?rest_route=\/wp\/v2\/posts\/26690\/revisions\/26704"}],"wp:featuredmedia":[{"embeddable":true,"href":"https:\/\/insideamateurfussball-ffm.de\/index.php?rest_route=\/wp\/v2\/media\/26691"}],"wp:attachment":[{"href":"https:\/\/insideamateurfussball-ffm.de\/index.php?rest_route=%2Fwp%2Fv2%2Fmedia&parent=26690"}],"wp:term":[{"taxonomy":"category","embeddable":true,"href":"https:\/\/insideamateurfussball-ffm.de\/index.php?rest_route=%2Fwp%2Fv2%2Fcategories&post=26690"},{"taxonomy":"post_tag","embeddable":true,"href":"https:\/\/insideamateurfussball-ffm.de\/index.php?rest_route=%2Fwp%2Fv2%2Ftags&post=26690"}],"curies":[{"name":"wp","href":"https:\/\/api.w.org\/{rel}","templated":true}]}}