{"id":26674,"date":"2025-07-14T20:55:01","date_gmt":"2025-07-14T19:55:01","guid":{"rendered":"https:\/\/insideamateurfussball-ffm.de\/?p=26674"},"modified":"2025-07-14T20:55:01","modified_gmt":"2025-07-14T19:55:01","slug":"teklu-tewelde-glaenzt-nun-in-roedelheim","status":"publish","type":"post","link":"https:\/\/insideamateurfussball-ffm.de\/?p=26674","title":{"rendered":"Teklu Tewelde gl\u00e4nzt nun in R\u00f6delheim"},"content":{"rendered":"<h6><span style=\"font-size: 20px;\">Kreisoberligist 1. R\u00f6delheimer FC 02 hat nun mit Teklu Tewelde einen exzellenten Fu\u00dfballer in seinen Reihen. Der langj\u00e4hrige Spielmacher bei Verbandsligist SG Bornheim\/Gr\u00fcn-Wei\u00df gl\u00e4nzte im Testspiel gegen den VfB Unterliederbach II und erzielte den R\u00f6delheimer Siegtreffer.\u00a0<\/span><\/h6>\n<figure id=\"attachment_26675\" aria-describedby=\"caption-attachment-26675\" style=\"width: 300px\" class=\"wp-caption aligncenter\"><img loading=\"lazy\" decoding=\"async\" class=\"wp-image-26675 size-medium\" src=\"http:\/\/insideamateurfussball-ffm.de\/wp-content\/uploads\/2025\/07\/roed5-2-300x231.jpg\" alt=\"\" width=\"300\" height=\"231\" srcset=\"https:\/\/insideamateurfussball-ffm.de\/wp-content\/uploads\/2025\/07\/roed5-2-300x231.jpg 300w, https:\/\/insideamateurfussball-ffm.de\/wp-content\/uploads\/2025\/07\/roed5-2-768x590.jpg 768w, https:\/\/insideamateurfussball-ffm.de\/wp-content\/uploads\/2025\/07\/roed5-2.jpg 886w\" sizes=\"auto, (max-width: 300px) 100vw, 300px\" \/><figcaption id=\"caption-attachment-26675\" class=\"wp-caption-text\">Teklu Tewelde verst\u00e4rkt den R\u00f6delheimer Fu\u00dfballclub. Foto: Mithat G\u00fcrser.<\/figcaption><\/figure>\n<h6><span style=\"font-size: 20px;\">1. R\u00f6delheimer FC 02 &#8211; VfB Unterliederbach II 3:2 (1:1)\u00a0<\/span><\/h6>\n<p><img loading=\"lazy\" decoding=\"async\" class=\"alignnone size-full wp-image-333\" src=\"http:\/\/insideamateurfussball-ffm.de\/wp-content\/uploads\/2022\/05\/Roedelheim.jpg\" alt=\"\" width=\"80\" height=\"73\" \/><img loading=\"lazy\" decoding=\"async\" class=\"alignnone size-full wp-image-4690\" src=\"http:\/\/insideamateurfussball-ffm.de\/wp-content\/uploads\/2023\/01\/Unterliederbach.jpg\" alt=\"\" width=\"62\" height=\"80\" \/><\/p>\n<p><span style=\"font-size: 20px;\">Der langj\u00e4hrige Verbandsligaspieler der Bornheimer hatte vor einem Jahr das Traineramt bei der SGB \u00fcbernommen, aber noch in der Vorbereitung das Handtuch aus pers\u00f6nlichen Gr\u00fcnden geworfen und in der vergangenen Saison bei Rot-Weiss Frankfurt eine Jugendmannschaft trainiert. <\/span><\/p>\n<p><span style=\"font-size: 20px;\">Dem Vernehmen nach wohnt Tewelde in R\u00f6delheim und kam \u00fcber pers\u00f6nliche Kontakte zum RFC und traut sich trotz seiner langwierigen Knieverletzungen zumindest das Niveau der Kreisoberliga zu. Das stellte Tewelde auch im Spiel gegen den A-Ligisten Unterliederbach II unter Beweis, als ihm in der 86. Minute der Siegtreffer gelang.<\/span><\/p>\n<h6><span style=\"font-size: 20px;\">Tewelde entscheidet Spiel mit Geniestreich\u00a0<\/span><\/h6>\n<p><span style=\"font-size: 20px;\">&#8222;Wir nehmen ihn mit offenen Armen auf, fu\u00dfballerisch kann Teklu Tewelde uns nur weiterhelfen. Wichtig ist, dass er auch fit bleibt&#8220;, freut sich RFC-Pressesprecher Volker Flauaus \u00fcber den bekannten Neuzugang. Zuvor hatten die G\u00e4ste durch Elham Qadri in F\u00fchrung gelegen (19.). <\/span><\/p>\n<p><span style=\"font-size: 20px;\">Tim Eckert, ein weiterer Neuzugang von SF Eintracht Freiburg, war der Ausgleich gelungen (30.). Nach dem Seitenwechsel konnte Lokman Simsek (ASV Maxdorf) das 2:1 erzielen (50.). Unterliederbachs Reserve egalisierte wiederum durch Qadri (68.), ehe Tewelde das Spiel mit einem seiner Geniestreiche entschied.<\/span><\/p>\n<h6><span style=\"font-size: 20px;\">Schiedsrichter: Muammer Ikbal (TSKV T\u00fcrkg\u00fcc\u00fc). Zuschauer: 65. <\/span><\/h6>\n<h6><span style=\"font-size: 20px;\">Tore: 0:1 Elham Qadri (19.), 1:1 Tim Eckert (30.), 2:1 Lokman Simsek (50.), 2:2 Elham Qadri (68.), 3:2 Teklu Tewelde (86.). <\/span><\/h6>\n<h6><span style=\"font-size: 20px;\">Bildergalerie: Wir danken Mithat G\u00fcrser f\u00fcr die tollen Impressionen.\u00a0<\/span><\/h6>\n<p>\u00a0<\/p>\n\n\n<figure class=\"wp-block-gallery has-nested-images columns-default is-cropped wp-block-gallery-1 is-layout-flex wp-block-gallery-is-layout-flex\">\n<figure class=\"wp-block-image size-large\"><img loading=\"lazy\" decoding=\"async\" width=\"886\" height=\"590\" data-id=\"26679\" src=\"https:\/\/insideamateurfussball-ffm.de\/wp-content\/uploads\/2025\/07\/roed-2.jpg\" alt=\"\" class=\"wp-image-26679\" srcset=\"https:\/\/insideamateurfussball-ffm.de\/wp-content\/uploads\/2025\/07\/roed-2.jpg 886w, https:\/\/insideamateurfussball-ffm.de\/wp-content\/uploads\/2025\/07\/roed-2-300x200.jpg 300w, https:\/\/insideamateurfussball-ffm.de\/wp-content\/uploads\/2025\/07\/roed-2-768x511.jpg 768w\" sizes=\"auto, (max-width: 886px) 100vw, 886px\" \/><\/figure>\n<\/figure>\n\n\n\n<figure class=\"wp-block-gallery has-nested-images columns-default is-cropped wp-block-gallery-2 is-layout-flex wp-block-gallery-is-layout-flex\">\n<figure class=\"wp-block-image size-large\"><img loading=\"lazy\" decoding=\"async\" width=\"886\" height=\"694\" data-id=\"26680\" src=\"https:\/\/insideamateurfussball-ffm.de\/wp-content\/uploads\/2025\/07\/roed6-2.jpg\" alt=\"\" class=\"wp-image-26680\" srcset=\"https:\/\/insideamateurfussball-ffm.de\/wp-content\/uploads\/2025\/07\/roed6-2.jpg 886w, https:\/\/insideamateurfussball-ffm.de\/wp-content\/uploads\/2025\/07\/roed6-2-300x235.jpg 300w, https:\/\/insideamateurfussball-ffm.de\/wp-content\/uploads\/2025\/07\/roed6-2-768x602.jpg 768w\" sizes=\"auto, (max-width: 886px) 100vw, 886px\" \/><\/figure>\n<\/figure>\n\n\n\n<figure class=\"wp-block-gallery has-nested-images columns-default is-cropped wp-block-gallery-3 is-layout-flex wp-block-gallery-is-layout-flex\">\n<figure class=\"wp-block-image size-large\"><img loading=\"lazy\" decoding=\"async\" width=\"886\" height=\"610\" data-id=\"26681\" src=\"https:\/\/insideamateurfussball-ffm.de\/wp-content\/uploads\/2025\/07\/roed1-2.jpg\" alt=\"\" class=\"wp-image-26681\" srcset=\"https:\/\/insideamateurfussball-ffm.de\/wp-content\/uploads\/2025\/07\/roed1-2.jpg 886w, https:\/\/insideamateurfussball-ffm.de\/wp-content\/uploads\/2025\/07\/roed1-2-300x207.jpg 300w, https:\/\/insideamateurfussball-ffm.de\/wp-content\/uploads\/2025\/07\/roed1-2-768x529.jpg 768w\" sizes=\"auto, (max-width: 886px) 100vw, 886px\" \/><\/figure>\n<\/figure>\n\n\n\n<figure class=\"wp-block-gallery has-nested-images columns-default is-cropped wp-block-gallery-4 is-layout-flex wp-block-gallery-is-layout-flex\">\n<figure class=\"wp-block-image size-large\"><img loading=\"lazy\" decoding=\"async\" width=\"886\" height=\"627\" data-id=\"26682\" src=\"https:\/\/insideamateurfussball-ffm.de\/wp-content\/uploads\/2025\/07\/roed7-2.jpg\" alt=\"\" class=\"wp-image-26682\" srcset=\"https:\/\/insideamateurfussball-ffm.de\/wp-content\/uploads\/2025\/07\/roed7-2.jpg 886w, https:\/\/insideamateurfussball-ffm.de\/wp-content\/uploads\/2025\/07\/roed7-2-300x212.jpg 300w, https:\/\/insideamateurfussball-ffm.de\/wp-content\/uploads\/2025\/07\/roed7-2-768x543.jpg 768w\" sizes=\"auto, (max-width: 886px) 100vw, 886px\" \/><\/figure>\n<\/figure>\n\n\n\n<figure class=\"wp-block-gallery has-nested-images columns-default is-cropped wp-block-gallery-5 is-layout-flex wp-block-gallery-is-layout-flex\">\n<figure class=\"wp-block-image size-large\"><img loading=\"lazy\" decoding=\"async\" width=\"886\" height=\"674\" data-id=\"26683\" src=\"https:\/\/insideamateurfussball-ffm.de\/wp-content\/uploads\/2025\/07\/roed2.jpg\" alt=\"\" class=\"wp-image-26683\" srcset=\"https:\/\/insideamateurfussball-ffm.de\/wp-content\/uploads\/2025\/07\/roed2.jpg 886w, https:\/\/insideamateurfussball-ffm.de\/wp-content\/uploads\/2025\/07\/roed2-300x228.jpg 300w, https:\/\/insideamateurfussball-ffm.de\/wp-content\/uploads\/2025\/07\/roed2-768x584.jpg 768w\" sizes=\"auto, (max-width: 886px) 100vw, 886px\" \/><\/figure>\n<\/figure>\n\n\n\n<figure class=\"wp-block-gallery has-nested-images columns-default is-cropped wp-block-gallery-6 is-layout-flex wp-block-gallery-is-layout-flex\">\n<figure class=\"wp-block-image size-large\"><img loading=\"lazy\" decoding=\"async\" width=\"886\" height=\"608\" data-id=\"26684\" src=\"https:\/\/insideamateurfussball-ffm.de\/wp-content\/uploads\/2025\/07\/roed8-1.jpg\" alt=\"\" class=\"wp-image-26684\" srcset=\"https:\/\/insideamateurfussball-ffm.de\/wp-content\/uploads\/2025\/07\/roed8-1.jpg 886w, https:\/\/insideamateurfussball-ffm.de\/wp-content\/uploads\/2025\/07\/roed8-1-300x206.jpg 300w, https:\/\/insideamateurfussball-ffm.de\/wp-content\/uploads\/2025\/07\/roed8-1-768x527.jpg 768w\" sizes=\"auto, (max-width: 886px) 100vw, 886px\" \/><\/figure>\n<\/figure>\n\n\n\n<figure class=\"wp-block-gallery has-nested-images columns-default is-cropped wp-block-gallery-7 is-layout-flex wp-block-gallery-is-layout-flex\">\n<figure class=\"wp-block-image size-large\"><img loading=\"lazy\" decoding=\"async\" width=\"886\" height=\"615\" data-id=\"26685\" src=\"https:\/\/insideamateurfussball-ffm.de\/wp-content\/uploads\/2025\/07\/roed3-3.jpg\" alt=\"\" class=\"wp-image-26685\" srcset=\"https:\/\/insideamateurfussball-ffm.de\/wp-content\/uploads\/2025\/07\/roed3-3.jpg 886w, https:\/\/insideamateurfussball-ffm.de\/wp-content\/uploads\/2025\/07\/roed3-3-300x208.jpg 300w, https:\/\/insideamateurfussball-ffm.de\/wp-content\/uploads\/2025\/07\/roed3-3-768x533.jpg 768w\" sizes=\"auto, (max-width: 886px) 100vw, 886px\" \/><\/figure>\n<\/figure>\n\n\n\n<figure class=\"wp-block-gallery has-nested-images columns-default is-cropped wp-block-gallery-8 is-layout-flex wp-block-gallery-is-layout-flex\">\n<figure class=\"wp-block-image size-large\"><img loading=\"lazy\" decoding=\"async\" width=\"886\" height=\"639\" data-id=\"26686\" src=\"https:\/\/insideamateurfussball-ffm.de\/wp-content\/uploads\/2025\/07\/roed9-2.jpg\" alt=\"\" class=\"wp-image-26686\" srcset=\"https:\/\/insideamateurfussball-ffm.de\/wp-content\/uploads\/2025\/07\/roed9-2.jpg 886w, https:\/\/insideamateurfussball-ffm.de\/wp-content\/uploads\/2025\/07\/roed9-2-300x216.jpg 300w, https:\/\/insideamateurfussball-ffm.de\/wp-content\/uploads\/2025\/07\/roed9-2-768x554.jpg 768w\" sizes=\"auto, (max-width: 886px) 100vw, 886px\" \/><\/figure>\n<\/figure>\n\n\n\n<figure class=\"wp-block-gallery has-nested-images columns-default is-cropped wp-block-gallery-9 is-layout-flex wp-block-gallery-is-layout-flex\">\n<figure class=\"wp-block-image size-large\"><img loading=\"lazy\" decoding=\"async\" width=\"886\" height=\"636\" data-id=\"26687\" src=\"https:\/\/insideamateurfussball-ffm.de\/wp-content\/uploads\/2025\/07\/roed4-3.jpg\" alt=\"\" class=\"wp-image-26687\" srcset=\"https:\/\/insideamateurfussball-ffm.de\/wp-content\/uploads\/2025\/07\/roed4-3.jpg 886w, https:\/\/insideamateurfussball-ffm.de\/wp-content\/uploads\/2025\/07\/roed4-3-300x215.jpg 300w, https:\/\/insideamateurfussball-ffm.de\/wp-content\/uploads\/2025\/07\/roed4-3-768x551.jpg 768w\" sizes=\"auto, (max-width: 886px) 100vw, 886px\" \/><\/figure>\n<\/figure>\n\n\n\n<figure class=\"wp-block-gallery has-nested-images columns-default is-cropped wp-block-gallery-10 is-layout-flex wp-block-gallery-is-layout-flex\">\n<figure class=\"wp-block-image size-large\"><img loading=\"lazy\" decoding=\"async\" width=\"886\" height=\"675\" data-id=\"26688\" src=\"https:\/\/insideamateurfussball-ffm.de\/wp-content\/uploads\/2025\/07\/roed10-1.jpg\" alt=\"\" class=\"wp-image-26688\" srcset=\"https:\/\/insideamateurfussball-ffm.de\/wp-content\/uploads\/2025\/07\/roed10-1.jpg 886w, https:\/\/insideamateurfussball-ffm.de\/wp-content\/uploads\/2025\/07\/roed10-1-300x229.jpg 300w, https:\/\/insideamateurfussball-ffm.de\/wp-content\/uploads\/2025\/07\/roed10-1-768x585.jpg 768w\" sizes=\"auto, (max-width: 886px) 100vw, 886px\" \/><\/figure>\n<\/figure>\n","protected":false},"excerpt":{"rendered":"<p>Kreisoberligist 1. R\u00f6delheimer FC 02 hat nun mit Teklu Tewelde einen exzellenten Fu\u00dfballer in seinen Reihen. Der langj\u00e4hrige Spielmacher bei Verbandsligist SG Bornheim\/Gr\u00fcn-Wei\u00df gl\u00e4nzte im Testspiel gegen den VfB Unterliederbach II und erzielte den R\u00f6delheimer Siegtreffer.\u00a0 1. R\u00f6delheimer FC 02 &#8211; VfB Unterliederbach II 3:2 (1:1)\u00a0 Der langj\u00e4hrige Verbandsligaspieler der Bornheimer hatte vor einem Jahr [&hellip;]<\/p>\n","protected":false},"author":1,"featured_media":26675,"comment_status":"closed","ping_status":"closed","sticky":true,"template":"","format":"standard","meta":{"footnotes":""},"categories":[21],"tags":[],"class_list":["post-26674","post","type-post","status-publish","format-standard","has-post-thumbnail","hentry","category-testspiele"],"_links":{"self":[{"href":"https:\/\/insideamateurfussball-ffm.de\/index.php?rest_route=\/wp\/v2\/posts\/26674","targetHints":{"allow":["GET"]}}],"collection":[{"href":"https:\/\/insideamateurfussball-ffm.de\/index.php?rest_route=\/wp\/v2\/posts"}],"about":[{"href":"https:\/\/insideamateurfussball-ffm.de\/index.php?rest_route=\/wp\/v2\/types\/post"}],"author":[{"embeddable":true,"href":"https:\/\/insideamateurfussball-ffm.de\/index.php?rest_route=\/wp\/v2\/users\/1"}],"replies":[{"embeddable":true,"href":"https:\/\/insideamateurfussball-ffm.de\/index.php?rest_route=%2Fwp%2Fv2%2Fcomments&post=26674"}],"version-history":[{"count":2,"href":"https:\/\/insideamateurfussball-ffm.de\/index.php?rest_route=\/wp\/v2\/posts\/26674\/revisions"}],"predecessor-version":[{"id":26689,"href":"https:\/\/insideamateurfussball-ffm.de\/index.php?rest_route=\/wp\/v2\/posts\/26674\/revisions\/26689"}],"wp:featuredmedia":[{"embeddable":true,"href":"https:\/\/insideamateurfussball-ffm.de\/index.php?rest_route=\/wp\/v2\/media\/26675"}],"wp:attachment":[{"href":"https:\/\/insideamateurfussball-ffm.de\/index.php?rest_route=%2Fwp%2Fv2%2Fmedia&parent=26674"}],"wp:term":[{"taxonomy":"category","embeddable":true,"href":"https:\/\/insideamateurfussball-ffm.de\/index.php?rest_route=%2Fwp%2Fv2%2Fcategories&post=26674"},{"taxonomy":"post_tag","embeddable":true,"href":"https:\/\/insideamateurfussball-ffm.de\/index.php?rest_route=%2Fwp%2Fv2%2Ftags&post=26674"}],"curies":[{"name":"wp","href":"https:\/\/api.w.org\/{rel}","templated":true}]}}