{"id":26665,"date":"2025-07-14T17:18:27","date_gmt":"2025-07-14T16:18:27","guid":{"rendered":"https:\/\/insideamateurfussball-ffm.de\/?p=26665"},"modified":"2025-07-14T17:18:27","modified_gmt":"2025-07-14T16:18:27","slug":"kalbach-von-niederhoechstadt-ausgespielt","status":"publish","type":"post","link":"https:\/\/insideamateurfussball-ffm.de\/?p=26665","title":{"rendered":"Kalbach von Niederh\u00f6chstadt ausgespielt"},"content":{"rendered":"<h6><span style=\"font-size: 20px;\">Verbandsliga-Aufsteiger FC Kalbach bleibt in der Vorbereitung ohne Sieg. Gegen die klassentiefere TuRa Niederh\u00f6chstadt gab es vor eigener Kulisse eine 1:2-Niederlage.\u00a0<\/span><\/h6>\n<figure id=\"attachment_26666\" aria-describedby=\"caption-attachment-26666\" style=\"width: 150px\" class=\"wp-caption aligncenter\"><img loading=\"lazy\" decoding=\"async\" class=\"wp-image-26666 size-thumbnail\" src=\"http:\/\/insideamateurfussball-ffm.de\/wp-content\/uploads\/2025\/07\/Kal-Tu-150x150.jpg\" alt=\"\" width=\"150\" height=\"150\" \/><figcaption id=\"caption-attachment-26666\" class=\"wp-caption-text\">Das war zu wenig, was Kalbach gegen die TuRa bot. Foto: PA.<\/figcaption><\/figure>\n<h6><span style=\"font-size: 20px;\">FC Kalbach &#8211; TuRa Niederh\u00f6chstadt 1:2 (1:0)<\/span><\/h6>\n<p><img loading=\"lazy\" decoding=\"async\" class=\"alignnone size-full wp-image-16\" src=\"http:\/\/insideamateurfussball-ffm.de\/wp-content\/uploads\/2021\/11\/kalbach-wappen.jpg\" alt=\"\" width=\"80\" height=\"80\" \/><img loading=\"lazy\" decoding=\"async\" class=\"alignnone size-full wp-image-589\" src=\"http:\/\/insideamateurfussball-ffm.de\/wp-content\/uploads\/2022\/06\/TuRa.jpg\" alt=\"\" width=\"80\" height=\"80\" \/><\/p>\n<p><span style=\"font-size: 20px;\">Beim Verbandsliga-Aufsteiger aus dem Frankfurter Norden l\u00e4uft es noch nicht rund in der Vorbereitung. Gegen TuRa Niederh\u00f6chstadt, Vertreter der Gruppenliga Wiesbaden, gab es trotz 1:0-F\u00fchrung in der Schlussphase ein b\u00f6ses Erwachen und die G\u00e4ste gewannen noch mit 2:1.<\/span><\/p>\n<p><span style=\"font-size: 20px;\"> Die 3:7-Schlappe am Freitagabend beim Hessenliga-Aufsteiger FC TuBa Pohlheim steckte den Kalbachern noch in den Knochen, die erneut vom Trainerteam Dennis Blum und Anthony Wade betreut wurden, da sich Chefcoach Aaz-Dine Zarioh im Urlaub befindet. <\/span><\/p>\n<p><span style=\"font-size: 20px;\">Lange hatten die Gastgeber durch das 1:0 von Celil Cetinkaya gef\u00fchrt. Doch in der Schlussviertelstunde drehten die von Bayram Mechmet trainierten G\u00e4ste aus dem Eschborner Ortsteil auf. <\/span><\/p>\n<p><span style=\"font-size: 20px;\">Noah Stranz verwandelte einen Freisto\u00df direkt zum Ausgleich (76.) und nur drei Minuten sp\u00e4ter wurden die Hausherren ausgespielt. Einen sehenswerten Angriff vollendete Dennis Krebs zum Sieg f\u00fcr Niederh\u00f6chstadt (79.).\u00a0\u00a0<\/span><\/p>\n<h6><span style=\"font-size: 20px;\">Schiedsrichter: Simeon Elias Thomm (Spvgg. 03 Fechenheim). Zuschauer: 76. <\/span><\/h6>\n<h6><span style=\"font-size: 20px;\">Tore: 1:0 Celil Cetinkaya (18.), 1:1 Noah Stranz (76.), 1:2 Dennis Krebs (79.).<\/span><\/h6>\n\n\n<figure class=\"wp-block-gallery has-nested-images columns-default is-cropped wp-block-gallery-1 is-layout-flex wp-block-gallery-is-layout-flex\">\n<figure class=\"wp-block-image size-large\"><img loading=\"lazy\" decoding=\"async\" width=\"1024\" height=\"461\" data-id=\"26667\" src=\"https:\/\/insideamateurfussball-ffm.de\/wp-content\/uploads\/2025\/07\/kal-tu1-1024x461.jpg\" alt=\"\" class=\"wp-image-26667\" srcset=\"https:\/\/insideamateurfussball-ffm.de\/wp-content\/uploads\/2025\/07\/kal-tu1-1024x461.jpg 1024w, https:\/\/insideamateurfussball-ffm.de\/wp-content\/uploads\/2025\/07\/kal-tu1-300x135.jpg 300w, https:\/\/insideamateurfussball-ffm.de\/wp-content\/uploads\/2025\/07\/kal-tu1-768x346.jpg 768w, https:\/\/insideamateurfussball-ffm.de\/wp-content\/uploads\/2025\/07\/kal-tu1-1536x692.jpg 1536w, https:\/\/insideamateurfussball-ffm.de\/wp-content\/uploads\/2025\/07\/kal-tu1.jpg 2048w\" sizes=\"auto, (max-width: 1024px) 100vw, 1024px\" \/><\/figure>\n<\/figure>\n\n\n\n<figure class=\"wp-block-gallery has-nested-images columns-default is-cropped wp-block-gallery-2 is-layout-flex wp-block-gallery-is-layout-flex\">\n<figure class=\"wp-block-image size-large\"><img loading=\"lazy\" decoding=\"async\" width=\"1024\" height=\"461\" data-id=\"26668\" src=\"https:\/\/insideamateurfussball-ffm.de\/wp-content\/uploads\/2025\/07\/kal-tu2-1024x461.jpg\" alt=\"\" class=\"wp-image-26668\" srcset=\"https:\/\/insideamateurfussball-ffm.de\/wp-content\/uploads\/2025\/07\/kal-tu2-1024x461.jpg 1024w, https:\/\/insideamateurfussball-ffm.de\/wp-content\/uploads\/2025\/07\/kal-tu2-300x135.jpg 300w, https:\/\/insideamateurfussball-ffm.de\/wp-content\/uploads\/2025\/07\/kal-tu2-768x346.jpg 768w, https:\/\/insideamateurfussball-ffm.de\/wp-content\/uploads\/2025\/07\/kal-tu2-1536x692.jpg 1536w, https:\/\/insideamateurfussball-ffm.de\/wp-content\/uploads\/2025\/07\/kal-tu2.jpg 2048w\" sizes=\"auto, (max-width: 1024px) 100vw, 1024px\" \/><\/figure>\n<\/figure>\n\n\n\n<figure class=\"wp-block-gallery has-nested-images columns-default is-cropped wp-block-gallery-3 is-layout-flex wp-block-gallery-is-layout-flex\">\n<figure class=\"wp-block-image size-large\"><img loading=\"lazy\" decoding=\"async\" width=\"1024\" height=\"461\" data-id=\"26669\" src=\"https:\/\/insideamateurfussball-ffm.de\/wp-content\/uploads\/2025\/07\/kal-tu3-1024x461.jpg\" alt=\"\" class=\"wp-image-26669\" srcset=\"https:\/\/insideamateurfussball-ffm.de\/wp-content\/uploads\/2025\/07\/kal-tu3-1024x461.jpg 1024w, https:\/\/insideamateurfussball-ffm.de\/wp-content\/uploads\/2025\/07\/kal-tu3-300x135.jpg 300w, https:\/\/insideamateurfussball-ffm.de\/wp-content\/uploads\/2025\/07\/kal-tu3-768x346.jpg 768w, https:\/\/insideamateurfussball-ffm.de\/wp-content\/uploads\/2025\/07\/kal-tu3-1536x692.jpg 1536w, https:\/\/insideamateurfussball-ffm.de\/wp-content\/uploads\/2025\/07\/kal-tu3.jpg 2048w\" sizes=\"auto, (max-width: 1024px) 100vw, 1024px\" \/><\/figure>\n<\/figure>\n\n\n\n<figure class=\"wp-block-gallery has-nested-images columns-default is-cropped wp-block-gallery-4 is-layout-flex wp-block-gallery-is-layout-flex\">\n<figure class=\"wp-block-image size-large\"><img loading=\"lazy\" decoding=\"async\" width=\"1024\" height=\"461\" data-id=\"26670\" src=\"https:\/\/insideamateurfussball-ffm.de\/wp-content\/uploads\/2025\/07\/kal-tu5-1024x461.jpg\" alt=\"\" class=\"wp-image-26670\" srcset=\"https:\/\/insideamateurfussball-ffm.de\/wp-content\/uploads\/2025\/07\/kal-tu5-1024x461.jpg 1024w, https:\/\/insideamateurfussball-ffm.de\/wp-content\/uploads\/2025\/07\/kal-tu5-300x135.jpg 300w, https:\/\/insideamateurfussball-ffm.de\/wp-content\/uploads\/2025\/07\/kal-tu5-768x346.jpg 768w, https:\/\/insideamateurfussball-ffm.de\/wp-content\/uploads\/2025\/07\/kal-tu5-1536x692.jpg 1536w, https:\/\/insideamateurfussball-ffm.de\/wp-content\/uploads\/2025\/07\/kal-tu5.jpg 2048w\" sizes=\"auto, (max-width: 1024px) 100vw, 1024px\" \/><\/figure>\n<\/figure>\n\n\n\n<figure class=\"wp-block-gallery has-nested-images columns-default is-cropped wp-block-gallery-5 is-layout-flex wp-block-gallery-is-layout-flex\">\n<figure class=\"wp-block-image size-large\"><img loading=\"lazy\" decoding=\"async\" width=\"1024\" height=\"461\" data-id=\"26671\" src=\"https:\/\/insideamateurfussball-ffm.de\/wp-content\/uploads\/2025\/07\/kal-tu6-1024x461.jpg\" alt=\"\" class=\"wp-image-26671\" srcset=\"https:\/\/insideamateurfussball-ffm.de\/wp-content\/uploads\/2025\/07\/kal-tu6-1024x461.jpg 1024w, https:\/\/insideamateurfussball-ffm.de\/wp-content\/uploads\/2025\/07\/kal-tu6-300x135.jpg 300w, https:\/\/insideamateurfussball-ffm.de\/wp-content\/uploads\/2025\/07\/kal-tu6-768x346.jpg 768w, https:\/\/insideamateurfussball-ffm.de\/wp-content\/uploads\/2025\/07\/kal-tu6-1536x692.jpg 1536w, https:\/\/insideamateurfussball-ffm.de\/wp-content\/uploads\/2025\/07\/kal-tu6.jpg 2048w\" sizes=\"auto, (max-width: 1024px) 100vw, 1024px\" \/><\/figure>\n<\/figure>\n\n\n\n<figure class=\"wp-block-gallery has-nested-images columns-default is-cropped wp-block-gallery-6 is-layout-flex wp-block-gallery-is-layout-flex\">\n<figure class=\"wp-block-image size-large\"><img loading=\"lazy\" decoding=\"async\" width=\"1024\" height=\"461\" data-id=\"26672\" src=\"https:\/\/insideamateurfussball-ffm.de\/wp-content\/uploads\/2025\/07\/kal-tu7-1024x461.jpg\" alt=\"\" class=\"wp-image-26672\" srcset=\"https:\/\/insideamateurfussball-ffm.de\/wp-content\/uploads\/2025\/07\/kal-tu7-1024x461.jpg 1024w, https:\/\/insideamateurfussball-ffm.de\/wp-content\/uploads\/2025\/07\/kal-tu7-300x135.jpg 300w, https:\/\/insideamateurfussball-ffm.de\/wp-content\/uploads\/2025\/07\/kal-tu7-768x346.jpg 768w, https:\/\/insideamateurfussball-ffm.de\/wp-content\/uploads\/2025\/07\/kal-tu7-1536x692.jpg 1536w, https:\/\/insideamateurfussball-ffm.de\/wp-content\/uploads\/2025\/07\/kal-tu7.jpg 2048w\" sizes=\"auto, (max-width: 1024px) 100vw, 1024px\" \/><\/figure>\n<\/figure>\n","protected":false},"excerpt":{"rendered":"<p>Verbandsliga-Aufsteiger FC Kalbach bleibt in der Vorbereitung ohne Sieg. Gegen die klassentiefere TuRa Niederh\u00f6chstadt gab es vor eigener Kulisse eine 1:2-Niederlage.\u00a0 FC Kalbach &#8211; TuRa Niederh\u00f6chstadt 1:2 (1:0) Beim Verbandsliga-Aufsteiger aus dem Frankfurter Norden l\u00e4uft es noch nicht rund in der Vorbereitung. Gegen TuRa Niederh\u00f6chstadt, Vertreter der Gruppenliga Wiesbaden, gab es trotz 1:0-F\u00fchrung in der [&hellip;]<\/p>\n","protected":false},"author":1,"featured_media":26666,"comment_status":"closed","ping_status":"closed","sticky":true,"template":"","format":"standard","meta":{"footnotes":""},"categories":[21],"tags":[],"class_list":["post-26665","post","type-post","status-publish","format-standard","has-post-thumbnail","hentry","category-testspiele"],"_links":{"self":[{"href":"https:\/\/insideamateurfussball-ffm.de\/index.php?rest_route=\/wp\/v2\/posts\/26665","targetHints":{"allow":["GET"]}}],"collection":[{"href":"https:\/\/insideamateurfussball-ffm.de\/index.php?rest_route=\/wp\/v2\/posts"}],"about":[{"href":"https:\/\/insideamateurfussball-ffm.de\/index.php?rest_route=\/wp\/v2\/types\/post"}],"author":[{"embeddable":true,"href":"https:\/\/insideamateurfussball-ffm.de\/index.php?rest_route=\/wp\/v2\/users\/1"}],"replies":[{"embeddable":true,"href":"https:\/\/insideamateurfussball-ffm.de\/index.php?rest_route=%2Fwp%2Fv2%2Fcomments&post=26665"}],"version-history":[{"count":1,"href":"https:\/\/insideamateurfussball-ffm.de\/index.php?rest_route=\/wp\/v2\/posts\/26665\/revisions"}],"predecessor-version":[{"id":26673,"href":"https:\/\/insideamateurfussball-ffm.de\/index.php?rest_route=\/wp\/v2\/posts\/26665\/revisions\/26673"}],"wp:featuredmedia":[{"embeddable":true,"href":"https:\/\/insideamateurfussball-ffm.de\/index.php?rest_route=\/wp\/v2\/media\/26666"}],"wp:attachment":[{"href":"https:\/\/insideamateurfussball-ffm.de\/index.php?rest_route=%2Fwp%2Fv2%2Fmedia&parent=26665"}],"wp:term":[{"taxonomy":"category","embeddable":true,"href":"https:\/\/insideamateurfussball-ffm.de\/index.php?rest_route=%2Fwp%2Fv2%2Fcategories&post=26665"},{"taxonomy":"post_tag","embeddable":true,"href":"https:\/\/insideamateurfussball-ffm.de\/index.php?rest_route=%2Fwp%2Fv2%2Ftags&post=26665"}],"curies":[{"name":"wp","href":"https:\/\/api.w.org\/{rel}","templated":true}]}}