{"id":26649,"date":"2025-07-14T12:03:49","date_gmt":"2025-07-14T11:03:49","guid":{"rendered":"https:\/\/insideamateurfussball-ffm.de\/?p=26649"},"modified":"2025-07-14T12:03:49","modified_gmt":"2025-07-14T11:03:49","slug":"seckbach-unterliegt-ofc-ii","status":"publish","type":"post","link":"https:\/\/insideamateurfussball-ffm.de\/?p=26649","title":{"rendered":"Seckbach unterliegt OFC II"},"content":{"rendered":"<h4>Die FG Seckbach konnte im Testspiel gegen den Verbandsligisten Kickers Offenbach II erst in der zweiten Halbzeit dagegenhalten und verlor am Ende mit 1:3.<\/h4>\n<figure id=\"attachment_26659\" aria-describedby=\"caption-attachment-26659\" style=\"width: 2016px\" class=\"wp-caption alignnone\"><img loading=\"lazy\" decoding=\"async\" class=\"wp-image-26659 size-full\" src=\"http:\/\/insideamateurfussball-ffm.de\/wp-content\/uploads\/2025\/07\/seckbachoffenbach09.jpg\" alt=\"\" width=\"2016\" height=\"1512\" srcset=\"https:\/\/insideamateurfussball-ffm.de\/wp-content\/uploads\/2025\/07\/seckbachoffenbach09.jpg 2016w, https:\/\/insideamateurfussball-ffm.de\/wp-content\/uploads\/2025\/07\/seckbachoffenbach09-300x225.jpg 300w, https:\/\/insideamateurfussball-ffm.de\/wp-content\/uploads\/2025\/07\/seckbachoffenbach09-1024x768.jpg 1024w, https:\/\/insideamateurfussball-ffm.de\/wp-content\/uploads\/2025\/07\/seckbachoffenbach09-768x576.jpg 768w, https:\/\/insideamateurfussball-ffm.de\/wp-content\/uploads\/2025\/07\/seckbachoffenbach09-1536x1152.jpg 1536w\" sizes=\"auto, (max-width: 2016px) 100vw, 2016px\" \/><figcaption id=\"caption-attachment-26659\" class=\"wp-caption-text\">Das Testspiel der Seckbacher gegen den OFC II fand bei schw\u00fclem Wetter auf dem Rasenplatz statt. Foto: MZ<\/figcaption><\/figure>\n<h4>FG Seckbach &#8211; Kickers Offenbach II 1:3 (0:2)<\/h4>\n<p><img loading=\"lazy\" decoding=\"async\" class=\"alignnone size-full wp-image-544\" src=\"http:\/\/insideamateurfussball-ffm.de\/wp-content\/uploads\/2022\/06\/Seckbach.jpg\" alt=\"\" width=\"80\" height=\"80\" \/><img loading=\"lazy\" decoding=\"async\" class=\"alignnone size-full wp-image-7574\" src=\"http:\/\/insideamateurfussball-ffm.de\/wp-content\/uploads\/2023\/04\/ofc.jpg\" alt=\"\" width=\"80\" height=\"80\" \/><\/p>\n<p>Nach dem 6:3-Sieg am Donnerstag gegen den Verbandsliga-Absteiger und jetzigen Gruppenligisten\u00a0 Spvgg. 03 Neu-Isenburg tat sich die in der ersten H\u00e4lfte nominierte Seckbacher Mannschaft auf dem Rasenplatz schwer, ins Spiel gegen den Verbandsligisten, die zweite Mannschaft der Offenbacher Kickers, zu kommen. Es sah so aus, als h\u00e4tten die Spieler nach der bisherigen Vorbereitung schwere Beine.<\/p>\n<p>Kickers Offenbach dominierte in der ersten Halbzeit klar das Spiel, und die Seckbacher hatten es ihrem Torwart Christoph Lange zu verdanken, dass dem Verbandsligisten bis zur Pause nur zwei Treffer gelangen. Bei dr\u00fcckendem Wetter verwertete Boran \u00d6zcelik in der 21.Minute eine flache Hereingabe und brachte die Offenbacher mit 1:0 in F\u00fchrung. Nach einer Trinkpause erh\u00f6hte Sergen T\u00fcrker in der 26.Minute f\u00fcr die G\u00e4ste auf 2:0, Seckbach kam in der ersten H\u00e4lfte nur zu wenigen M\u00f6glichkeiten.<\/p>\n<p>In der zweiten Halbzeit brachte Seckbachs Trainer Amir Reza Chasebi Mamoori, der den urlaubenden Spielertrainer Manuel May vertrat, 10 neue Feldspieler, w\u00e4hrend Offenbachs Trainer Dogan K\u00f6ksal seine 8 Wechsel sukzessive in der zweiten Halbzeit durchf\u00fchrte. In der zweiten H\u00e4lfte kamen die Seckbacher besser ins Spiel und durchaus zu nennenswerten Chancen, von denen Raphael Sahl eine in der 56.Minute eine zum Anschlusstreffer zum 1:2 nutzte, doch Offenbach schlug zur\u00fcck. In der 72.Minute erzielte Kaan Seker mit einem Distanzschuss aus relativ spitzem Winkel den 1:3-Endstand.<\/p>\n<p>Die Seckbacher haben jetzt noch zwei Wochen Zeit, sich auf das Hessenpokal-Duell gegen die Sportfreunde Seligenstadt vorzubereiten, ein Highlight am Beginn der Saison.<\/p>\n<h4>Schiedsrichter: \u00a0Arun Singh Ghotra (Spvgg. Kicker 1916 Frankfurt). Zuschauer: 187.<\/h4>\n<h4>Tore: 0:1 Boran \u00d6zcelik (21.), 0:2 Sergen T\u00fcrker (26.), 1:2 Raphael Sahl (56.), 1:3 Kaan Seker (72.)<\/h4>\n\n\n<figure class=\"wp-block-image size-large\"><img loading=\"lazy\" decoding=\"async\" width=\"1024\" height=\"768\" src=\"http:\/\/insideamateurfussball-ffm.de\/wp-content\/uploads\/2025\/07\/seckbachoffenbach00-1024x768.jpg\" alt=\"\" class=\"wp-image-26650\" srcset=\"https:\/\/insideamateurfussball-ffm.de\/wp-content\/uploads\/2025\/07\/seckbachoffenbach00-1024x768.jpg 1024w, https:\/\/insideamateurfussball-ffm.de\/wp-content\/uploads\/2025\/07\/seckbachoffenbach00-300x225.jpg 300w, https:\/\/insideamateurfussball-ffm.de\/wp-content\/uploads\/2025\/07\/seckbachoffenbach00-768x576.jpg 768w, https:\/\/insideamateurfussball-ffm.de\/wp-content\/uploads\/2025\/07\/seckbachoffenbach00-1536x1152.jpg 1536w, https:\/\/insideamateurfussball-ffm.de\/wp-content\/uploads\/2025\/07\/seckbachoffenbach00.jpg 2016w\" sizes=\"auto, (max-width: 1024px) 100vw, 1024px\" \/><\/figure>\n\n\n\n<figure class=\"wp-block-image size-large\"><img loading=\"lazy\" decoding=\"async\" width=\"1024\" height=\"768\" src=\"http:\/\/insideamateurfussball-ffm.de\/wp-content\/uploads\/2025\/07\/seckbachoffenbach04-1024x768.jpg\" alt=\"\" class=\"wp-image-26654\" srcset=\"https:\/\/insideamateurfussball-ffm.de\/wp-content\/uploads\/2025\/07\/seckbachoffenbach04-1024x768.jpg 1024w, https:\/\/insideamateurfussball-ffm.de\/wp-content\/uploads\/2025\/07\/seckbachoffenbach04-300x225.jpg 300w, https:\/\/insideamateurfussball-ffm.de\/wp-content\/uploads\/2025\/07\/seckbachoffenbach04-768x576.jpg 768w, https:\/\/insideamateurfussball-ffm.de\/wp-content\/uploads\/2025\/07\/seckbachoffenbach04-1536x1152.jpg 1536w, https:\/\/insideamateurfussball-ffm.de\/wp-content\/uploads\/2025\/07\/seckbachoffenbach04.jpg 2016w\" sizes=\"auto, (max-width: 1024px) 100vw, 1024px\" \/><\/figure>\n\n\n\n<figure class=\"wp-block-image size-large\"><img loading=\"lazy\" decoding=\"async\" width=\"1024\" height=\"768\" src=\"http:\/\/insideamateurfussball-ffm.de\/wp-content\/uploads\/2025\/07\/seckbachoffenbach08-1024x768.jpg\" alt=\"\" class=\"wp-image-26658\" srcset=\"https:\/\/insideamateurfussball-ffm.de\/wp-content\/uploads\/2025\/07\/seckbachoffenbach08-1024x768.jpg 1024w, https:\/\/insideamateurfussball-ffm.de\/wp-content\/uploads\/2025\/07\/seckbachoffenbach08-300x225.jpg 300w, https:\/\/insideamateurfussball-ffm.de\/wp-content\/uploads\/2025\/07\/seckbachoffenbach08-768x576.jpg 768w, https:\/\/insideamateurfussball-ffm.de\/wp-content\/uploads\/2025\/07\/seckbachoffenbach08-1536x1152.jpg 1536w, https:\/\/insideamateurfussball-ffm.de\/wp-content\/uploads\/2025\/07\/seckbachoffenbach08.jpg 2016w\" sizes=\"auto, (max-width: 1024px) 100vw, 1024px\" \/><\/figure>\n\n\n\n<figure class=\"wp-block-image size-large\"><img loading=\"lazy\" decoding=\"async\" width=\"1024\" height=\"768\" src=\"http:\/\/insideamateurfussball-ffm.de\/wp-content\/uploads\/2025\/07\/seckbachoffenbach10-1024x768.jpg\" alt=\"\" class=\"wp-image-26660\" srcset=\"https:\/\/insideamateurfussball-ffm.de\/wp-content\/uploads\/2025\/07\/seckbachoffenbach10-1024x768.jpg 1024w, https:\/\/insideamateurfussball-ffm.de\/wp-content\/uploads\/2025\/07\/seckbachoffenbach10-300x225.jpg 300w, https:\/\/insideamateurfussball-ffm.de\/wp-content\/uploads\/2025\/07\/seckbachoffenbach10-768x576.jpg 768w, https:\/\/insideamateurfussball-ffm.de\/wp-content\/uploads\/2025\/07\/seckbachoffenbach10-1536x1152.jpg 1536w, https:\/\/insideamateurfussball-ffm.de\/wp-content\/uploads\/2025\/07\/seckbachoffenbach10.jpg 2016w\" sizes=\"auto, (max-width: 1024px) 100vw, 1024px\" \/><\/figure>\n\n\n\n<figure class=\"wp-block-image size-large\"><img loading=\"lazy\" decoding=\"async\" width=\"1024\" height=\"768\" src=\"http:\/\/insideamateurfussball-ffm.de\/wp-content\/uploads\/2025\/07\/seckbachoffenbach11-1024x768.jpg\" alt=\"\" class=\"wp-image-26661\" srcset=\"https:\/\/insideamateurfussball-ffm.de\/wp-content\/uploads\/2025\/07\/seckbachoffenbach11-1024x768.jpg 1024w, https:\/\/insideamateurfussball-ffm.de\/wp-content\/uploads\/2025\/07\/seckbachoffenbach11-300x225.jpg 300w, https:\/\/insideamateurfussball-ffm.de\/wp-content\/uploads\/2025\/07\/seckbachoffenbach11-768x576.jpg 768w, https:\/\/insideamateurfussball-ffm.de\/wp-content\/uploads\/2025\/07\/seckbachoffenbach11-1536x1152.jpg 1536w, https:\/\/insideamateurfussball-ffm.de\/wp-content\/uploads\/2025\/07\/seckbachoffenbach11.jpg 2016w\" sizes=\"auto, (max-width: 1024px) 100vw, 1024px\" \/><\/figure>\n","protected":false},"excerpt":{"rendered":"<p>Die FG Seckbach konnte im Testspiel gegen den Verbandsligisten Kickers Offenbach II erst in der zweiten Halbzeit dagegenhalten und verlor am Ende mit 1:3. FG Seckbach &#8211; Kickers Offenbach II 1:3 (0:2) Nach dem 6:3-Sieg am Donnerstag gegen den Verbandsliga-Absteiger und jetzigen Gruppenligisten\u00a0 Spvgg. 03 Neu-Isenburg tat sich die in der ersten H\u00e4lfte nominierte Seckbacher [&hellip;]<\/p>\n","protected":false},"author":3,"featured_media":26659,"comment_status":"closed","ping_status":"open","sticky":true,"template":"","format":"standard","meta":{"footnotes":""},"categories":[21],"tags":[],"class_list":["post-26649","post","type-post","status-publish","format-standard","has-post-thumbnail","hentry","category-testspiele"],"_links":{"self":[{"href":"https:\/\/insideamateurfussball-ffm.de\/index.php?rest_route=\/wp\/v2\/posts\/26649","targetHints":{"allow":["GET"]}}],"collection":[{"href":"https:\/\/insideamateurfussball-ffm.de\/index.php?rest_route=\/wp\/v2\/posts"}],"about":[{"href":"https:\/\/insideamateurfussball-ffm.de\/index.php?rest_route=\/wp\/v2\/types\/post"}],"author":[{"embeddable":true,"href":"https:\/\/insideamateurfussball-ffm.de\/index.php?rest_route=\/wp\/v2\/users\/3"}],"replies":[{"embeddable":true,"href":"https:\/\/insideamateurfussball-ffm.de\/index.php?rest_route=%2Fwp%2Fv2%2Fcomments&post=26649"}],"version-history":[{"count":2,"href":"https:\/\/insideamateurfussball-ffm.de\/index.php?rest_route=\/wp\/v2\/posts\/26649\/revisions"}],"predecessor-version":[{"id":26663,"href":"https:\/\/insideamateurfussball-ffm.de\/index.php?rest_route=\/wp\/v2\/posts\/26649\/revisions\/26663"}],"wp:featuredmedia":[{"embeddable":true,"href":"https:\/\/insideamateurfussball-ffm.de\/index.php?rest_route=\/wp\/v2\/media\/26659"}],"wp:attachment":[{"href":"https:\/\/insideamateurfussball-ffm.de\/index.php?rest_route=%2Fwp%2Fv2%2Fmedia&parent=26649"}],"wp:term":[{"taxonomy":"category","embeddable":true,"href":"https:\/\/insideamateurfussball-ffm.de\/index.php?rest_route=%2Fwp%2Fv2%2Fcategories&post=26649"},{"taxonomy":"post_tag","embeddable":true,"href":"https:\/\/insideamateurfussball-ffm.de\/index.php?rest_route=%2Fwp%2Fv2%2Ftags&post=26649"}],"curies":[{"name":"wp","href":"https:\/\/api.w.org\/{rel}","templated":true}]}}