{"id":26618,"date":"2025-07-13T20:13:09","date_gmt":"2025-07-13T19:13:09","guid":{"rendered":"https:\/\/insideamateurfussball-ffm.de\/?p=26618"},"modified":"2025-07-13T20:19:20","modified_gmt":"2025-07-13T19:19:20","slug":"rainer-nagel-soll-zum-ehrenkreisfussballwart-ernannt-werden","status":"publish","type":"post","link":"https:\/\/insideamateurfussball-ffm.de\/?p=26618","title":{"rendered":"Rainer Nagel soll zum Ehrenkreisfu\u00dfballwart ernannt werden"},"content":{"rendered":"<h6><span style=\"font-size: 20px;\">Erstmals leitete der neue Kreisfu\u00dfballwart Thorsten Bastian die Hinrundenbesprechung der Vereine aus dem Kreis Frankfurt f\u00fcr die anstehende Saison 2025\/26. Die Zusammenkunft der Vereinsvertreter auf Kreisebene fand im proppevollen Vereinsheim der Spvgg. Oberrad statt.<\/span><\/h6>\n<h6><\/h6>\n<figure id=\"attachment_26619\" aria-describedby=\"caption-attachment-26619\" style=\"width: 150px\" class=\"wp-caption aligncenter\"><img loading=\"lazy\" decoding=\"async\" class=\"wp-image-26619 size-thumbnail\" src=\"http:\/\/insideamateurfussball-ffm.de\/wp-content\/uploads\/2025\/07\/torsten2-150x150.jpg\" alt=\"\" width=\"150\" height=\"150\" \/><figcaption id=\"caption-attachment-26619\" class=\"wp-caption-text\">Kreisfu\u00dfballwart Thorsten Bastian. Foto: Mithat G\u00fcrser.<\/figcaption><\/figure>\n<p><span style=\"font-size: 20px;\">Die sp\u00e4ter hinzugekommenen Funktion\u00e4re mussten sich mit einem Stehplatz begn\u00fcgen, denn die Sitzpl\u00e4tze waren schnell besetzt. Zun\u00e4chst begr\u00fc\u00dfte Bastian mit dem FC Markaz einen neuen Verein, der in der Kreisliga C neu startet. Bisher hatte der Club am Futsal-Spielbetrieb teilgenommen und will sich jetzt auch drau\u00dfen probieren. Bastian k\u00fcndigte an, dass der zwei Dekaden als Fu\u00dfball-Chef im Kreis t\u00e4tige Rainer Nagel (81) auf der R\u00fcckrundenbesprechung Anfang 2026 in Praunheim zum Ehrenkreisfu\u00dfballwart ernannt werden soll. Nagel, der die SOMA-Runde leitet, befinde sich nach seiner schweren Krankheit auf dem Wege der Besserung, sei aber noch nicht in der Lage, an einer solchen Sitzung teilzunehmen. Sodann schritt Bastian in der Tagesordnung voran, stellte die neuen Klassenleiter Michael Petzold (Kreisliga A), Sebastian Reichmann (Kreisliga B) und Frank Kunold (Kreisliga C) sowie den Pokalspielleiter Pedro Acebes vor. Die Kreisoberliga wird weiter von Gerhard Richter angeleitet. Zudem ehrte Bastian die Meister der jeweiligen Staffeln (Kreisoberliga FC Kosova, Kreisliga A1 SG Westend, Kreisliga A2 GSU Hellas, Kreisliga B1 Spvgg. Griesheim II, Kreisliga B2 Union Niederrad II, Kreisliga C1 SV Niederursel II, Kreisliga C2 TuS Nieder-Eschbach II und Kreisliga C3 BSC Schwarz-Wei\u00df<\/span> 19 III).<\/p>\n<p><span style=\"font-size: 20px;\">Au\u00dferdem erhielten noch die fairsten Teams jeder Staffel als Anerkennung einen Ball \u00fcberreicht. Zudem erhielten die unterlegenen Halbfinalisten im Kreispokal (FC Tempo und Spvgg. Oberrad) je 50 Liter Freibier vom Pokalsponsor. Das sonst eigentliche Thema &#8211; die Terminierung der Spiele anhand der Spielpl\u00e4ne &#8211; konnte nicht behandelt werden. Die Saison beginnt am 3. August, Wochenspieltage sind keine vorgesehen. Die finalisierten Spielpl\u00e4ne k\u00f6nnen den Vereinen erst dann zugestellt werden, wenn das Verbandsgericht die Berufung in der Causa FC Maroc verhandelt hat. Diese wurde auf Dienstag um 9 Uhr terminiert, dann wird auch klar sein, ob der A-Ligist, dem der mehrfache Einsatz eines nicht spielberechtigten Spielers zur Last gelegt wird, in der Klasse verbleiben kann oder in die B-Klasse absteigen muss. In diesem Fall w\u00fcrde der FC City profitieren, der \u00fcber die Relegationsrunde in die B-Liga abgestiegen war. Anders als der FV Eschersheim, der schriftlich erkl\u00e4rt hat, lieber in der Kreisliga B einen Neustart zu beginnen, will der von Wahib Bensaou pr\u00e4sidierte Club den Platz in der A-Liga f\u00fcr<\/span> sich <span style=\"font-size: 20px;\">beanspruchen. Verlegungen von Spielen sollen erstmal auf die ersten vier Spieltage beschr\u00e4nkt sein und dann sukzessive erfolgen.<\/span><\/p>\n<figure id=\"attachment_10639\" aria-describedby=\"caption-attachment-10639\" style=\"width: 150px\" class=\"wp-caption aligncenter\"><img loading=\"lazy\" decoding=\"async\" class=\"wp-image-10639 size-thumbnail\" src=\"http:\/\/insideamateurfussball-ffm.de\/wp-content\/uploads\/2023\/07\/Nagel-150x150.jpg\" alt=\"\" width=\"150\" height=\"150\" \/><figcaption id=\"caption-attachment-10639\" class=\"wp-caption-text\">Rainer Nagel 2023 bei der Rundenbesprechung. Foto: Archiv PA.<\/figcaption><\/figure>\n<h6><span style=\"font-size: 20px;\">Einige Vereine m\u00fcssen auf anderen Spielst\u00e4tten untergebracht werden\u00a0<\/span><\/h6>\n<p><span style=\"font-size: 20px;\">Auch wird es nur noch einmal pro Verein m\u00f6glich sein, das Heimrecht zu tauschen. Was die Regel\u00e4nderungen angeht, wurde den Vereinen mitgeteilt, dass das Pilotprojekt mit der Zeitstrafe seine Beendigung gefunden hat und man wie zuvor zur Gelb-Roten Karte zur\u00fcckkehrt, die jetzt auch auf Kreisebene zu einer Sperre im folgenden Spiel des gleichen Wettbewerbs f\u00fchrt. Au\u00dferdem sind nun maximal f\u00fcnf Wechsel (inklusive R\u00fcckwechseloption) gestattet. Die Spesen f\u00fcr die Schiedsrichter wurden erh\u00f6ht, Bastian schlug den Vereinen deswegen einen Kostenausgleich vor, damit jeder Verein am Saisonende die gleichen Kosten haben soll. Der Vorschlag wurde einstimmig angenommen. Einige Vereine m\u00fcssen in der neuen Spielzeit auf anderen Spielst\u00e4tten als bisher untergebracht werden. Das betrifft vor allem die bisher an der Wilhelm-Epstein-Stra\u00dfe spielenden Vereine, wo die Bauarbeiten f\u00fcr das neue Makkabi-Sportzentrum im Gange sind. Die GSU Hellas wird wie der neue Club FC Markaz an der Niederr\u00e4der Hahnstra\u00dfe spielen. Gruppenliga-Aufsteiger FC Kosova tr\u00e4gt seine Heimspiele am Praunheimer Hohl aus. Der FC Maroc wird nach Ablauf seines Spielverbotes am Berkerheimer Weg in Eschersheim spielen und der FFV Sportfreunde 04 kommt auf der Bezirkssportanlage am Rebstock tempor\u00e4r unter. <\/span><\/p>\n<p><span style=\"font-size: 20px;\">Bastian ging noch einmal auf die laufenden Verfahren gegen die Vereine VfL Germania 94 (5 Monate) und FC Maroc (6 Monate) ein, die vom Kreissportgericht wegen Passvergehen mit Spielverboten belegt wurden. Diese haben trotz der Berufungen f\u00fcr die Erste (Gruppenliga) und Zweite Mannschaft (Kreisliga B) von Germania 94 und f\u00fcr Maroc (Kreisliga A oder B) keine aufschiebende Wirkung. Die stellvertretende Kreisfu\u00dfballwartin Claudia Fleckenstein nannte die Termine f\u00fcr die Trainerpassschulungen, die im Juli anstehen. F\u00fcr das Kreissportgericht legte Kan-Wa Tang in Vertretung von Swaantje Dirks seinen Bericht vor. Er sprach unter anderem von 48 F\u00e4llen wegen Bedrohungen und Beleidigungen, zudem musste sich das Gericht auch mit 48 Nichtantritten besch\u00e4ftigen. Nachdem Schiedsrichterobmann Goran Culjak auf die Regel\u00e4nderungen einging und die Spesenerh\u00f6hung f\u00fcr Schiedsrichter ausdr\u00fccklich begr\u00fc\u00dfte, wies Bastian die Vereinsvertreter darauf hin, auch in den Freundschaftsspielen daf\u00fcr Sorge zu tragen, dass zum Zeitpunkt der Spielpaarung nicht spielberechtigte Akteure nicht zum Einsatz gebracht werden.<\/span><\/p>\n","protected":false},"excerpt":{"rendered":"<p>Erstmals leitete der neue Kreisfu\u00dfballwart Thorsten Bastian die Hinrundenbesprechung der Vereine aus dem Kreis Frankfurt f\u00fcr die anstehende Saison 2025\/26. Die Zusammenkunft der Vereinsvertreter auf Kreisebene fand im proppevollen Vereinsheim der Spvgg. Oberrad statt. Die sp\u00e4ter hinzugekommenen Funktion\u00e4re mussten sich mit einem Stehplatz begn\u00fcgen, denn die Sitzpl\u00e4tze waren schnell besetzt. Zun\u00e4chst begr\u00fc\u00dfte Bastian mit dem [&hellip;]<\/p>\n","protected":false},"author":1,"featured_media":26619,"comment_status":"closed","ping_status":"closed","sticky":true,"template":"","format":"standard","meta":{"footnotes":""},"categories":[24],"tags":[],"class_list":["post-26618","post","type-post","status-publish","format-standard","has-post-thumbnail","hentry","category-besprechungen"],"_links":{"self":[{"href":"https:\/\/insideamateurfussball-ffm.de\/index.php?rest_route=\/wp\/v2\/posts\/26618","targetHints":{"allow":["GET"]}}],"collection":[{"href":"https:\/\/insideamateurfussball-ffm.de\/index.php?rest_route=\/wp\/v2\/posts"}],"about":[{"href":"https:\/\/insideamateurfussball-ffm.de\/index.php?rest_route=\/wp\/v2\/types\/post"}],"author":[{"embeddable":true,"href":"https:\/\/insideamateurfussball-ffm.de\/index.php?rest_route=\/wp\/v2\/users\/1"}],"replies":[{"embeddable":true,"href":"https:\/\/insideamateurfussball-ffm.de\/index.php?rest_route=%2Fwp%2Fv2%2Fcomments&post=26618"}],"version-history":[{"count":6,"href":"https:\/\/insideamateurfussball-ffm.de\/index.php?rest_route=\/wp\/v2\/posts\/26618\/revisions"}],"predecessor-version":[{"id":26625,"href":"https:\/\/insideamateurfussball-ffm.de\/index.php?rest_route=\/wp\/v2\/posts\/26618\/revisions\/26625"}],"wp:featuredmedia":[{"embeddable":true,"href":"https:\/\/insideamateurfussball-ffm.de\/index.php?rest_route=\/wp\/v2\/media\/26619"}],"wp:attachment":[{"href":"https:\/\/insideamateurfussball-ffm.de\/index.php?rest_route=%2Fwp%2Fv2%2Fmedia&parent=26618"}],"wp:term":[{"taxonomy":"category","embeddable":true,"href":"https:\/\/insideamateurfussball-ffm.de\/index.php?rest_route=%2Fwp%2Fv2%2Fcategories&post=26618"},{"taxonomy":"post_tag","embeddable":true,"href":"https:\/\/insideamateurfussball-ffm.de\/index.php?rest_route=%2Fwp%2Fv2%2Ftags&post=26618"}],"curies":[{"name":"wp","href":"https:\/\/api.w.org\/{rel}","templated":true}]}}