{"id":26597,"date":"2025-07-12T09:31:34","date_gmt":"2025-07-12T08:31:34","guid":{"rendered":"https:\/\/insideamateurfussball-ffm.de\/?p=26597"},"modified":"2025-07-12T09:31:34","modified_gmt":"2025-07-12T08:31:34","slug":"bosnien-will-diese-saison-oben-mitspielen","status":"publish","type":"post","link":"https:\/\/insideamateurfussball-ffm.de\/?p=26597","title":{"rendered":"Bosnien will diese Saison oben mitspielen"},"content":{"rendered":"<h4>Nach einem missgl\u00fcckten Start in der letzten Saison konnte der SV Bosnien\/Herzegowina im Titelkampf keine Rolle mehr spielen, dieses Jahr m\u00f6chte man wieder oben mitspielen. Die Fragen beantwortete uns Pressesprecher Admir Malohodzic.<\/h4>\n<figure id=\"attachment_26598\" aria-describedby=\"caption-attachment-26598\" style=\"width: 2016px\" class=\"wp-caption alignnone\"><img loading=\"lazy\" decoding=\"async\" class=\"wp-image-26598 size-full\" src=\"http:\/\/insideamateurfussball-ffm.de\/wp-content\/uploads\/2025\/07\/Mannschaftsfoto_Bosnien.jpg\" alt=\"\" width=\"2016\" height=\"1512\" srcset=\"https:\/\/insideamateurfussball-ffm.de\/wp-content\/uploads\/2025\/07\/Mannschaftsfoto_Bosnien.jpg 2016w, https:\/\/insideamateurfussball-ffm.de\/wp-content\/uploads\/2025\/07\/Mannschaftsfoto_Bosnien-300x225.jpg 300w, https:\/\/insideamateurfussball-ffm.de\/wp-content\/uploads\/2025\/07\/Mannschaftsfoto_Bosnien-1024x768.jpg 1024w, https:\/\/insideamateurfussball-ffm.de\/wp-content\/uploads\/2025\/07\/Mannschaftsfoto_Bosnien-768x576.jpg 768w, https:\/\/insideamateurfussball-ffm.de\/wp-content\/uploads\/2025\/07\/Mannschaftsfoto_Bosnien-1536x1152.jpg 1536w\" sizes=\"auto, (max-width: 2016px) 100vw, 2016px\" \/><figcaption id=\"caption-attachment-26598\" class=\"wp-caption-text\">Die neue Mannschaft des SV Bosnien\/Herzegowina der Saison 2025\/26. Foto: MZ<\/figcaption><\/figure>\n<p><img loading=\"lazy\" decoding=\"async\" class=\"alignnone size-full wp-image-139\" src=\"http:\/\/insideamateurfussball-ffm.de\/wp-content\/uploads\/2022\/05\/Bosnien.jpg\" alt=\"\" width=\"79\" height=\"80\" \/><\/p>\n<p>Der SV Bosnien\/Herzegowina wollte auch letzte Saison oben mitspielen, aber aufgrund der Urlaubsabwesenheiten vieler Spieler am Anfang der Saison verpatzte die Mannschaft den Beginn und lief lange der Spitze hinterher. Auch durch ein starkes Jahresende konnte der Angriff nach oben nicht mehr gelingen und die Saison wurde auf dem achten Platz beendet. Dieses Jahr hoffen die Bosnier, die Urlaubszeit besser zu \u00fcberstehen und einen gelungenen Start in die Saison hinzulegen.<\/p>\n<p><strong><u>Was erwartet ihr von der neuen Saison, wie lautet euer Saisonziel?<\/u><\/strong><\/p>\n<p>Saisonziel ist oben mitzuspielen.<\/p>\n<p><strong><u>Welche Zu- und Abg\u00e4nge habt ihr Stand jetzt zu verzeichnen?<\/u><\/strong><\/p>\n<p>Zug\u00e4nge:<\/p>\n<ul>\n<li>Amer Smajovic-\u00a0 FV Bad Vilbel<\/li>\n<li>\u2060Alen Habibovic &#8211; VFR Kesselstadt<\/li>\n<li>\u2060Luka Budija &#8211; eigene A-Jugend<\/li>\n<li>Kadir Derdemez &#8211; VfR Kesselstadt<\/li>\n<li>\u2060Almir Derdemez &#8211; VFR Kesselstadt<\/li>\n<li>\u2060Muzafer Ivkovic &#8211; aus Bosnien<\/li>\n<li>Selim Zuna &#8211; VfR Kesselstadt<\/li>\n<li>Almir Ziga &#8211; Bayern Alzenau<\/li>\n<li>Ivan Dujmovic &#8211; FC Eddersheim<\/li>\n<li>Emir Rovcanin &#8211; VFR Kesselstadt<\/li>\n<\/ul>\n<p>Abg\u00e4nge:<\/p>\n<ul>\n<li>Nudzeim Imamovic &#8211; T\u00fcrkg\u00fcc\u00fc Hattetsheim<\/li>\n<li>Ventsislav Rusev . T\u00fcrkg\u00fcc\u00fc Frankfurt<\/li>\n<li>Ivo Jurusic-\u00a0 SV Zeilsheim<\/li>\n<li>Ryo Nishiyama &#8211; Gro\u00df-Gerau<\/li>\n<li>Linus Krakow &#8211; unbekannt<\/li>\n<li>Florian Sieler &#8211; Schweiz Umzug<\/li>\n<\/ul>\n<p><strong><u>Wer sind f\u00fcr euch die Favoriten in der Liga?<\/u><\/strong><\/p>\n<p>Karben, Fechenheim<\/p>\n<p><strong><u>Wie ist Eure Meinung zur neuen Auswechselregelung in Hessens Amateurfu\u00dfball (5 Wechsel maximal inkl. R\u00fcckwechsel)?<\/u><\/strong><\/p>\n<p>Die Regelung mit 5 Wechseln fand ich immer gut, aber mit R\u00fcckwechsel finde ich es \u00fcberfl\u00fcssig. Bei 3 Wechsel bis zur KOL kann man das machen, aber bei 5??<\/p>\n<p><strong><u>Testspiele (nach fussball.de)<\/u><\/strong><\/p>\n<p>29.06.2025, 15:00 Uhr: SV Bosnien\/Herzegowina \u2013 Dersim R\u00fcsselsheim 2:1<\/p>\n<p>06.07.2025, 15:00 Uhr: SV Bosnien\/Herzegowina \u2013 DJK Spfr. Bad Homburg 0:1<\/p>\n<p>09.07.2025, 19:00 Uhr: SC 1960 Hanau \u2013 SV Bosnien\/Herzegowina 1:0<\/p>\n<p>13.07.2025, 15:00 Uhr: SV Bosnien\/Herzegowina \u2013 SV Zeilsheim<\/p>\n<p>16.07.2025, 20:00 Uhr: SC Dortelweil \u2013 SV Bosnien\/Herzegowina<\/p>\n<p>20.07.2025, 15:00 Uhr: 1.FC Langen \u2013 SV Bosnien\/Herzegowina<\/p>\n<p>24.07.2025, 19:30 Uhr: FC Kalbach \u2013 SV Bosnien\/Herzegowina<\/p>\n<p>Vorauss. 03.08.2025: SG Wehrheim\/Pfaffenwiesbach \u2013 SV Bosnien\/Herzegowina (1.Spieltag)<\/p>\n","protected":false},"excerpt":{"rendered":"<p>Nach einem missgl\u00fcckten Start in der letzten Saison konnte der SV Bosnien\/Herzegowina im Titelkampf keine Rolle mehr spielen, dieses Jahr m\u00f6chte man wieder oben mitspielen. Die Fragen beantwortete uns Pressesprecher Admir Malohodzic. Der SV Bosnien\/Herzegowina wollte auch letzte Saison oben mitspielen, aber aufgrund der Urlaubsabwesenheiten vieler Spieler am Anfang der Saison verpatzte die Mannschaft den [&hellip;]<\/p>\n","protected":false},"author":3,"featured_media":26598,"comment_status":"closed","ping_status":"open","sticky":true,"template":"","format":"standard","meta":{"footnotes":""},"categories":[13],"tags":[],"class_list":["post-26597","post","type-post","status-publish","format-standard","has-post-thumbnail","hentry","category-gruppenliga-frankfurt-west"],"_links":{"self":[{"href":"https:\/\/insideamateurfussball-ffm.de\/index.php?rest_route=\/wp\/v2\/posts\/26597","targetHints":{"allow":["GET"]}}],"collection":[{"href":"https:\/\/insideamateurfussball-ffm.de\/index.php?rest_route=\/wp\/v2\/posts"}],"about":[{"href":"https:\/\/insideamateurfussball-ffm.de\/index.php?rest_route=\/wp\/v2\/types\/post"}],"author":[{"embeddable":true,"href":"https:\/\/insideamateurfussball-ffm.de\/index.php?rest_route=\/wp\/v2\/users\/3"}],"replies":[{"embeddable":true,"href":"https:\/\/insideamateurfussball-ffm.de\/index.php?rest_route=%2Fwp%2Fv2%2Fcomments&post=26597"}],"version-history":[{"count":2,"href":"https:\/\/insideamateurfussball-ffm.de\/index.php?rest_route=\/wp\/v2\/posts\/26597\/revisions"}],"predecessor-version":[{"id":26600,"href":"https:\/\/insideamateurfussball-ffm.de\/index.php?rest_route=\/wp\/v2\/posts\/26597\/revisions\/26600"}],"wp:featuredmedia":[{"embeddable":true,"href":"https:\/\/insideamateurfussball-ffm.de\/index.php?rest_route=\/wp\/v2\/media\/26598"}],"wp:attachment":[{"href":"https:\/\/insideamateurfussball-ffm.de\/index.php?rest_route=%2Fwp%2Fv2%2Fmedia&parent=26597"}],"wp:term":[{"taxonomy":"category","embeddable":true,"href":"https:\/\/insideamateurfussball-ffm.de\/index.php?rest_route=%2Fwp%2Fv2%2Fcategories&post=26597"},{"taxonomy":"post_tag","embeddable":true,"href":"https:\/\/insideamateurfussball-ffm.de\/index.php?rest_route=%2Fwp%2Fv2%2Ftags&post=26597"}],"curies":[{"name":"wp","href":"https:\/\/api.w.org\/{rel}","templated":true}]}}