{"id":26574,"date":"2025-07-11T10:55:59","date_gmt":"2025-07-11T09:55:59","guid":{"rendered":"https:\/\/insideamateurfussball-ffm.de\/?p=26574"},"modified":"2025-07-11T10:55:59","modified_gmt":"2025-07-11T09:55:59","slug":"zeilsheim-moechte-wieder-oben-mitspielen","status":"publish","type":"post","link":"https:\/\/insideamateurfussball-ffm.de\/?p=26574","title":{"rendered":"Zeilsheim m\u00f6chte wieder oben mitspielen"},"content":{"rendered":"<h4>Nach dem verpassten Aufstieg in die Hessenliga m\u00f6chte der SV Zeilsheim auch diese Saison wieder oben mitspielen, im gro\u00dfen Kader gab es zahlreiche Abg\u00e4nge, aber auch einige Neuzug\u00e4nge. Die Fragen beantwortete der 1.Vorsitzende Peter Strauch.<\/h4>\n<figure id=\"attachment_26575\" aria-describedby=\"caption-attachment-26575\" style=\"width: 2016px\" class=\"wp-caption alignnone\"><img loading=\"lazy\" decoding=\"async\" class=\"wp-image-26575 size-full\" src=\"http:\/\/insideamateurfussball-ffm.de\/wp-content\/uploads\/2025\/07\/SVzeilsheim.jpg\" alt=\"\" width=\"2016\" height=\"1512\" srcset=\"https:\/\/insideamateurfussball-ffm.de\/wp-content\/uploads\/2025\/07\/SVzeilsheim.jpg 2016w, https:\/\/insideamateurfussball-ffm.de\/wp-content\/uploads\/2025\/07\/SVzeilsheim-300x225.jpg 300w, https:\/\/insideamateurfussball-ffm.de\/wp-content\/uploads\/2025\/07\/SVzeilsheim-1024x768.jpg 1024w, https:\/\/insideamateurfussball-ffm.de\/wp-content\/uploads\/2025\/07\/SVzeilsheim-768x576.jpg 768w, https:\/\/insideamateurfussball-ffm.de\/wp-content\/uploads\/2025\/07\/SVzeilsheim-1536x1152.jpg 1536w\" sizes=\"auto, (max-width: 2016px) 100vw, 2016px\" \/><figcaption id=\"caption-attachment-26575\" class=\"wp-caption-text\">Die Mannschaft des SV Zeilsheim vor dem Testspiel gegen die SG Bornheim. Foto: MZ<\/figcaption><\/figure>\n<p><img loading=\"lazy\" decoding=\"async\" class=\"alignnone size-full wp-image-20302\" src=\"http:\/\/insideamateurfussball-ffm.de\/wp-content\/uploads\/2024\/08\/logo-zeilsheim.jpeg\" alt=\"\" width=\"68\" height=\"80\" \/><\/p>\n<p>Der SV Zeilsheim, der lange die Tabelle der Verbandsliga Mitte anf\u00fchrte, verspielte am Ende doch noch den m\u00f6glichen Aufstieg in die Hessenliga und landete am Ende auf Platz 3, will diese Saison aber wieder oben mitspielen.<\/p>\n<p><strong><u>Was erwartet ihr von der neuen Saison, wie lautet euer Saisonziel?<\/u><\/strong><\/p>\n<p>Oben mitspielen.<\/p>\n<p><strong><u>Welche Zu- und Abg\u00e4nge habt ihr Stand jetzt zu verzeichnen?<\/u><\/strong><\/p>\n<p>Zug\u00e4nge:<\/p>\n<ul>\n<li>Marco Filipovic \u2013 6er von Spvgg. Neu-Isenburg<\/li>\n<li>Tamin Tuchi\u00a0\u2013 Au\u00dfenverteidiger von Alem. Nied<\/li>\n<li>Alon Albus \u2013 Torwart von Gonsenheim U19<\/li>\n<li>Tizziano Terzic \u2013 Au\u00dfenverteidiger von Marienborn U19<\/li>\n<li>Ivo Jurusic &#8211;\u00a0IV von Die Bosnier Frankfurt<\/li>\n<li>Hiroki Torinomi &#8211; 6 er von Germania Weilbach<\/li>\n<li>Belal Dashi \u2013 8er vom FC K\u00f6nigstein U19<\/li>\n<li>Jannik Hennes-Lacayo \u2013 Au\u00dfenverteidiger vom FC K\u00f6nigstein U19.<\/li>\n<\/ul>\n<p>Abg\u00e4nge:<\/p>\n<ul>\n<li>Abdusamed G\u00fcrsoy &#8211; Rot Weiss Frankfurt<\/li>\n<li>Elmir Muhic &#8211; Ziel unbekannt<\/li>\n<li>Ely Ndombe Kayembe &#8211; Ziel unbekannt<\/li>\n<li>Niklas Dillitz &#8211; Basara Mainz<\/li>\n<li>Jason Ptak &#8211; SV Wiesbaden<\/li>\n<li>Quassim Abardah &#8211; SpVgg. Neu-Isenburg<\/li>\n<li>Silas Gerstberger\u00a0&#8211; TuS Hornau<\/li>\n<li>Jonatan Tesfaldet &#8211; Ziel unbekannt<\/li>\n<li>Florian Decise\u00a0&#8211; Ziel unbekannt<\/li>\n<li>Younes Dahmani\u00a0&#8211; Ziel unbekannt<\/li>\n<li>Candas Kara &#8211; Ziel unbekannt<\/li>\n<li>Marijan Petrovic &#8211; SV Niedernhausen<\/li>\n<li>Ben K\u00e4uper &#8211; Umzug Hamburg<\/li>\n<\/ul>\n<p><strong><u>Wer sind f\u00fcr euch die Favoriten in der Liga?<\/u><\/strong><\/p>\n<p>SV Hadamar, Biebrich, FC Ederbergland, TSV Steinbach-Haiger II.<\/p>\n<p><strong><u>Wie ist Eure Meinung zur neuen Auswechselregelung in Hessens Amateurfu\u00dfball (5 Wechsel maximal inkl. R\u00fcckwechsel)?<\/u><\/strong><\/p>\n<p>Ich finde die neue Regelung \u2013 5 Einwechselspieler \u2013 gut. Dadurch k\u00f6nnen 2 Spieler Spieleins\u00e4tze bekommen, die nach der alten Regelung leer ausgegangen w\u00e4ren.<\/p>\n<p><strong><u>Testspiele (nach fussball.de)<\/u><\/strong><\/p>\n<p>29.06.2025, 14:00 Uhr: SKV RW Darmstadt \u2013 SV Zeilsheim 3:0<\/p>\n<p>02.07.2025, 20:00 Uhr: SV Zeilsheim \u2013 SC 1960 Hanau 1:1<\/p>\n<p>07.07.2025, 19:30 Uhr: SV Zeilsheim &#8211; FC Bayern Alzenau 0:5<\/p>\n<p>10.07.2025, 20:00 Uhr: SV Zeilsheim \u2013 SG Bornheim 3:3<\/p>\n<p>13.07.2025, 15:00 Uhr: SV Bosnien\/Herzegowina \u2013 SV Zeilsheim<\/p>\n<p>15.07.2025, 19:00 Uhr: RW Walldorf \u2013 SV Zeilsheim<\/p>\n<p>20.07.2025, 15:30 Uhr: SV Zeilsheim \u2013 FC Gie\u00dfen<\/p>\n<p>23.07.2025, 20:00 Uhr: SV Zeilsheim \u2013 RW Frankfurt<\/p>\n<p>Vorauss. 03.08.2025: SV RW Hadamar \u2013 SV Zeilsheim (1.Spieltag)<\/p>\n","protected":false},"excerpt":{"rendered":"<p>Nach dem verpassten Aufstieg in die Hessenliga m\u00f6chte der SV Zeilsheim auch diese Saison wieder oben mitspielen, im gro\u00dfen Kader gab es zahlreiche Abg\u00e4nge, aber auch einige Neuzug\u00e4nge. Die Fragen beantwortete der 1.Vorsitzende Peter Strauch. Der SV Zeilsheim, der lange die Tabelle der Verbandsliga Mitte anf\u00fchrte, verspielte am Ende doch noch den m\u00f6glichen Aufstieg in [&hellip;]<\/p>\n","protected":false},"author":3,"featured_media":26575,"comment_status":"closed","ping_status":"open","sticky":true,"template":"","format":"standard","meta":{"footnotes":""},"categories":[32],"tags":[],"class_list":["post-26574","post","type-post","status-publish","format-standard","has-post-thumbnail","hentry","category-verbandsliga-mitte"],"_links":{"self":[{"href":"https:\/\/insideamateurfussball-ffm.de\/index.php?rest_route=\/wp\/v2\/posts\/26574","targetHints":{"allow":["GET"]}}],"collection":[{"href":"https:\/\/insideamateurfussball-ffm.de\/index.php?rest_route=\/wp\/v2\/posts"}],"about":[{"href":"https:\/\/insideamateurfussball-ffm.de\/index.php?rest_route=\/wp\/v2\/types\/post"}],"author":[{"embeddable":true,"href":"https:\/\/insideamateurfussball-ffm.de\/index.php?rest_route=\/wp\/v2\/users\/3"}],"replies":[{"embeddable":true,"href":"https:\/\/insideamateurfussball-ffm.de\/index.php?rest_route=%2Fwp%2Fv2%2Fcomments&post=26574"}],"version-history":[{"count":1,"href":"https:\/\/insideamateurfussball-ffm.de\/index.php?rest_route=\/wp\/v2\/posts\/26574\/revisions"}],"predecessor-version":[{"id":26576,"href":"https:\/\/insideamateurfussball-ffm.de\/index.php?rest_route=\/wp\/v2\/posts\/26574\/revisions\/26576"}],"wp:featuredmedia":[{"embeddable":true,"href":"https:\/\/insideamateurfussball-ffm.de\/index.php?rest_route=\/wp\/v2\/media\/26575"}],"wp:attachment":[{"href":"https:\/\/insideamateurfussball-ffm.de\/index.php?rest_route=%2Fwp%2Fv2%2Fmedia&parent=26574"}],"wp:term":[{"taxonomy":"category","embeddable":true,"href":"https:\/\/insideamateurfussball-ffm.de\/index.php?rest_route=%2Fwp%2Fv2%2Fcategories&post=26574"},{"taxonomy":"post_tag","embeddable":true,"href":"https:\/\/insideamateurfussball-ffm.de\/index.php?rest_route=%2Fwp%2Fv2%2Ftags&post=26574"}],"curies":[{"name":"wp","href":"https:\/\/api.w.org\/{rel}","templated":true}]}}