{"id":26570,"date":"2025-07-11T10:14:14","date_gmt":"2025-07-11T09:14:14","guid":{"rendered":"https:\/\/insideamateurfussball-ffm.de\/?p=26570"},"modified":"2025-07-11T10:14:14","modified_gmt":"2025-07-11T09:14:14","slug":"bornheim-strebt-frueh-gesichertes-mittelfeld-an","status":"publish","type":"post","link":"https:\/\/insideamateurfussball-ffm.de\/?p=26570","title":{"rendered":"Bornheim strebt fr\u00fch gesichertes Mittelfeld an"},"content":{"rendered":"<h4>Der neue Trainer Taner Yalcin strebt nach der turbulenten letzten Saison mit der SG Bornheim fr\u00fchzeitig das gesicherte Mittelfeld an, auch dieses Jahr bleibt die SG seiner Linie treu und verst\u00e4rkt sich mit mehreren A-Jugendlichen. Die Fragen beantwortete uns der Sportliche Leiter Daniel Lieberich.<\/h4>\n<figure id=\"attachment_26571\" aria-describedby=\"caption-attachment-26571\" style=\"width: 2016px\" class=\"wp-caption alignnone\"><img loading=\"lazy\" decoding=\"async\" class=\"wp-image-26571 size-full\" src=\"http:\/\/insideamateurfussball-ffm.de\/wp-content\/uploads\/2025\/07\/SGBornheim.jpg\" alt=\"\" width=\"2016\" height=\"1512\" srcset=\"https:\/\/insideamateurfussball-ffm.de\/wp-content\/uploads\/2025\/07\/SGBornheim.jpg 2016w, https:\/\/insideamateurfussball-ffm.de\/wp-content\/uploads\/2025\/07\/SGBornheim-300x225.jpg 300w, https:\/\/insideamateurfussball-ffm.de\/wp-content\/uploads\/2025\/07\/SGBornheim-1024x768.jpg 1024w, https:\/\/insideamateurfussball-ffm.de\/wp-content\/uploads\/2025\/07\/SGBornheim-768x576.jpg 768w, https:\/\/insideamateurfussball-ffm.de\/wp-content\/uploads\/2025\/07\/SGBornheim-1536x1152.jpg 1536w\" sizes=\"auto, (max-width: 2016px) 100vw, 2016px\" \/><figcaption id=\"caption-attachment-26571\" class=\"wp-caption-text\">Die neue Mannschaft der SG Bornheim vor dem Testspiel beim SV Zeilsheim. Foto: MZ<\/figcaption><\/figure>\n<p><img loading=\"lazy\" decoding=\"async\" class=\"alignnone size-full wp-image-119\" src=\"http:\/\/insideamateurfussball-ffm.de\/wp-content\/uploads\/2022\/05\/Bornheim.jpg\" alt=\"\" width=\"80\" height=\"80\" \/><\/p>\n<p>In der letzten Saison verzeichnete die SG Bornheim drei Trainer, erst im Schlussspurt konnte die Mannschaft durch drei Siege in Folge gegen Top5-Mannschaften den Klassenerhalt sichern und m\u00f6chte dieses Jahr im gesicherten Mittelfeld landen. Aufgrund von Umbauma\u00dfnahmen am eigenen Platz bestreitet die SG ihre Testspiele nur ausw\u00e4rts.<\/p>\n<p><strong><u>Was erwartet ihr von der neuen Saison, wie lautet euer Saisonziel?<\/u><\/strong><\/p>\n<p>Wenn wir uns fr\u00fchzeitig im gesicherten Mittelfeld festsetzen, w\u00e4ren wir zufrieden. Das wird schwer genug, aber wenn wir es wieder schaffen, unsere Kr\u00e4fte zu b\u00fcndeln, liegt das im Bereich des Machbaren.<\/p>\n<p><strong><u>Welche Zu- und Abg\u00e4nge habt ihr Stand jetzt zu verzeichnen?<\/u><\/strong><\/p>\n<p>Zug\u00e4nge:<\/p>\n<ul>\n<li>Markus Paulik (vereinslos, vorher TUS Niedernhausen)<\/li>\n<li>Diego Jansen (RW Walldorf U19)<\/li>\n<li>Taha Azatouni (T\u00fcrkg\u00fcc\u00fc Frankfurt)<\/li>\n<li>Genki Yukinaga (Sportfreunde Frankfurt)<\/li>\n<li>Semun Biber (vereinslos, zuletzt T\u00fcrk G\u00fcc\u00fc Friedberg)<\/li>\n<li>Alexander Bauscher (VSF Amern)<\/li>\n<li>Jonathan Muntu (TUS Marienborn U19)<\/li>\n<li>Abdelwahed Boujerad(eigene U19)<\/li>\n<li>Younes Hamouti(eigene U19)<\/li>\n<li>Leo Ninkovic (eigene U19)<\/li>\n<\/ul>\n<p>Abg\u00e4nge:<\/p>\n<ul>\n<li>Tim Stahl (Spvgg. 03 Fechenheim)<\/li>\n<li>Lamine Camara (FC Neu-Anspach)<\/li>\n<li>Marc Janke (FC Neu-Anspach)<\/li>\n<li>Yassine Sekkali (DJK Spfr. Bad Homburg)<\/li>\n<li>Benji Lafortune (unbekannt)<\/li>\n<li>Simon Siebertz (Spvgg. 03 Fechenheim)<\/li>\n<li>Syvler Kadrijai (FC Kosova)<\/li>\n<\/ul>\n<p><strong><u>Wer sind f\u00fcr euch die Favoriten in der Liga?<\/u><\/strong><\/p>\n<p>Geld regiert die Verbandsliga und das Geld wird sich am Ende wahrscheinlich durchsetzen.<\/p>\n<p>Trotzdem hoffe ich wieder auf eine Erfolgsgeschichte, wie sie Dortelweil zum Beispiel letzte Saison geschrieben hat.<\/p>\n<p><strong><u>Wie ist Eure Meinung zur neuen Auswechselregelung in Hessens Amateurfu\u00dfball (5 Wechsel maximal inkl. R\u00fcckwechsel)?<\/u><\/strong><\/p>\n<p>Diese \u00c4nderung wird nicht so entscheidend sein, als dass wir uns dar\u00fcber gro\u00df Gedanken machen. Dann wechseln wir ab jetzt halt nach der neuen Regel.<\/p>\n<p><strong><u>Testspiele (nach fussball.de)<\/u><\/strong><\/p>\n<p>06.07.2025, 15:00 Uhr: FC Neu-Anspach \u2013 SG Bornheim 3:0<\/p>\n<p>10.07.2025, 20:00 Uhr: SV Zeilsheim \u2013 SG Bornheim 3:3<\/p>\n<p>13.07.2025, 14:00 Uhr: SG Bad Soden \u2013 SG Bornheim<\/p>\n<p>20.07.2025, 15:30 Uhr: T\u00fcrkischer SV Bad Nauheim \u2013 SG Bornheim<\/p>\n<p>24.07.2025, 20:00 Uhr: OSC Rosenh\u00f6he \u2013 SG Bornheim<\/p>\n<p>27.07.2025, 15:00 Uhr: Spvgg. 03 Fechenheim \u2013 SG Bornheim<\/p>\n<p>03.08.2025, 15:30 Uhr: SC Dortelweil \u2013 SG Bornheim (1.Spieltag)<\/p>\n","protected":false},"excerpt":{"rendered":"<p>Der neue Trainer Taner Yalcin strebt nach der turbulenten letzten Saison mit der SG Bornheim fr\u00fchzeitig das gesicherte Mittelfeld an, auch dieses Jahr bleibt die SG seiner Linie treu und verst\u00e4rkt sich mit mehreren A-Jugendlichen. Die Fragen beantwortete uns der Sportliche Leiter Daniel Lieberich. In der letzten Saison verzeichnete die SG Bornheim drei Trainer, erst [&hellip;]<\/p>\n","protected":false},"author":3,"featured_media":26571,"comment_status":"closed","ping_status":"open","sticky":true,"template":"","format":"standard","meta":{"footnotes":""},"categories":[10],"tags":[],"class_list":["post-26570","post","type-post","status-publish","format-standard","has-post-thumbnail","hentry","category-verbandsliga-sued"],"_links":{"self":[{"href":"https:\/\/insideamateurfussball-ffm.de\/index.php?rest_route=\/wp\/v2\/posts\/26570","targetHints":{"allow":["GET"]}}],"collection":[{"href":"https:\/\/insideamateurfussball-ffm.de\/index.php?rest_route=\/wp\/v2\/posts"}],"about":[{"href":"https:\/\/insideamateurfussball-ffm.de\/index.php?rest_route=\/wp\/v2\/types\/post"}],"author":[{"embeddable":true,"href":"https:\/\/insideamateurfussball-ffm.de\/index.php?rest_route=\/wp\/v2\/users\/3"}],"replies":[{"embeddable":true,"href":"https:\/\/insideamateurfussball-ffm.de\/index.php?rest_route=%2Fwp%2Fv2%2Fcomments&post=26570"}],"version-history":[{"count":2,"href":"https:\/\/insideamateurfussball-ffm.de\/index.php?rest_route=\/wp\/v2\/posts\/26570\/revisions"}],"predecessor-version":[{"id":26573,"href":"https:\/\/insideamateurfussball-ffm.de\/index.php?rest_route=\/wp\/v2\/posts\/26570\/revisions\/26573"}],"wp:featuredmedia":[{"embeddable":true,"href":"https:\/\/insideamateurfussball-ffm.de\/index.php?rest_route=\/wp\/v2\/media\/26571"}],"wp:attachment":[{"href":"https:\/\/insideamateurfussball-ffm.de\/index.php?rest_route=%2Fwp%2Fv2%2Fmedia&parent=26570"}],"wp:term":[{"taxonomy":"category","embeddable":true,"href":"https:\/\/insideamateurfussball-ffm.de\/index.php?rest_route=%2Fwp%2Fv2%2Fcategories&post=26570"},{"taxonomy":"post_tag","embeddable":true,"href":"https:\/\/insideamateurfussball-ffm.de\/index.php?rest_route=%2Fwp%2Fv2%2Ftags&post=26570"}],"curies":[{"name":"wp","href":"https:\/\/api.w.org\/{rel}","templated":true}]}}