{"id":26567,"date":"2025-07-10T18:07:35","date_gmt":"2025-07-10T17:07:35","guid":{"rendered":"https:\/\/insideamateurfussball-ffm.de\/?p=26567"},"modified":"2025-07-10T18:07:35","modified_gmt":"2025-07-10T17:07:35","slug":"paarungen-des-1-spieltages-bekanntgegeben","status":"publish","type":"post","link":"https:\/\/insideamateurfussball-ffm.de\/?p=26567","title":{"rendered":"Paarungen des 1. Spieltages bekanntgegeben"},"content":{"rendered":"<h6><span style=\"font-size: 20px;\">Die finalen Spielpl\u00e4ne lassen noch wegen der anstehenden Berufung in der Causa FC Maroc auf sich warten. Jetzt sickerte aber zumindest als Information f\u00fcr die Vereine der 1. Spieltag der Kreisoberliga Frankfurt durch eine Mail von Kreisfu\u00dfballwart Thorsten Bastian durch.\u00a0<\/span><\/h6>\n<figure id=\"attachment_26568\" aria-describedby=\"caption-attachment-26568\" style=\"width: 150px\" class=\"wp-caption aligncenter\"><img loading=\"lazy\" decoding=\"async\" class=\"wp-image-26568 size-thumbnail\" src=\"http:\/\/insideamateurfussball-ffm.de\/wp-content\/uploads\/2025\/07\/torsten3-150x150.jpg\" alt=\"\" width=\"150\" height=\"150\" \/><figcaption id=\"caption-attachment-26568\" class=\"wp-caption-text\">Holger Handge (links) erarbeitet anhand der Schl\u00fcsselzahlen die Spielpl\u00e4ne, neben ihm der neue Kreisfu\u00dfballwart Thorsten Bastian. Foto: Mithat G\u00fcrser.<\/figcaption><\/figure>\n<p><span style=\"font-size: 20px;\">Die unklare Klassenzugeh\u00f6rigkeit einiger Vereine lie\u00df den Zeitplan f\u00fcr die Ver\u00f6ffentlichung der Spielpl\u00e4ne platzen. Erst wenn nach der Berufungsverhandlung in der Causa FC Maroc klar ist, ob der Verein, dem ein schwerwiegendes Passvergehen vorgeworfen wird, in der Kreisliga A bleiben kann oder in die B-Klasse absteigt, k\u00f6nnen die Spielpl\u00e4ne f\u00fcr alle Klassen auf Kreisebene erstellt werden. Bleibt es beim Zwangsabstieg f\u00fcr den FC Maroc, kann der FC City profitieren, der in der Relegation Tabellenletzter war und dabei in drei der sechs Halbzeiten nicht antrat. City w\u00fcrde dann f\u00fcr Maroc in der A-Klasse bleiben. Der FV 09 Eschersheim, nach der neuen Tabelle eigentlich Vorletzter und potenzieller Relegationsteilnehmer, hat bereits schriftlich erkl\u00e4rt, lieber in der B-Liga einen Neuanfang zu starten.\u00a0<\/span><\/p>\n<h6><span style=\"font-size: 20px;\">Nachfolgend der 1. Spieltag der Kreisoberliga Frankfurt (3. August):<\/span><\/h6>\n<h6><span style=\"font-size: 20px;\">FC Germania Enkheim &#8211; FC Posavina <img loading=\"lazy\" decoding=\"async\" class=\"alignnone size-full wp-image-1537\" src=\"http:\/\/insideamateurfussball-ffm.de\/wp-content\/uploads\/2022\/07\/Enkheim.jpg\" alt=\"\" width=\"63\" height=\"80\" \/><img loading=\"lazy\" decoding=\"async\" class=\"alignnone size-full wp-image-22\" src=\"http:\/\/insideamateurfussball-ffm.de\/wp-content\/uploads\/2021\/11\/posavina.jpg\" alt=\"\" width=\"63\" height=\"80\" \/><\/span><\/h6>\n<h6><span style=\"font-size: 20px;\">FC Germania Ginnheim &#8211; SG Harheim <img loading=\"lazy\" decoding=\"async\" class=\"alignnone size-full wp-image-3205\" src=\"http:\/\/insideamateurfussball-ffm.de\/wp-content\/uploads\/2022\/10\/Ginnheim.jpg\" alt=\"\" width=\"80\" height=\"80\" \/><img loading=\"lazy\" decoding=\"async\" class=\"alignnone size-full wp-image-284\" src=\"http:\/\/insideamateurfussball-ffm.de\/wp-content\/uploads\/2022\/05\/Harheim.jpg\" alt=\"\" width=\"78\" height=\"80\" \/><\/span><\/h6>\n<h6><span style=\"font-size: 20px;\">FC Croatia &#8211; TuS Makkabi <img loading=\"lazy\" decoding=\"async\" class=\"alignnone size-full wp-image-29\" src=\"http:\/\/insideamateurfussball-ffm.de\/wp-content\/uploads\/2021\/11\/croatia.jpg\" alt=\"\" width=\"63\" height=\"80\" \/><img loading=\"lazy\" decoding=\"async\" class=\"alignnone size-full wp-image-90\" src=\"http:\/\/insideamateurfussball-ffm.de\/wp-content\/uploads\/2022\/05\/makkabi-neu.jpg\" alt=\"\" width=\"80\" height=\"80\" \/><\/span><\/h6>\n<h6><span style=\"font-size: 20px;\">SV Viktoria Preu\u00dfen &#8211; SV 07 Heddernheim <img loading=\"lazy\" decoding=\"async\" class=\"alignnone size-full wp-image-12\" src=\"http:\/\/insideamateurfussball-ffm.de\/wp-content\/uploads\/2021\/11\/preussen.jpg\" alt=\"\" width=\"72\" height=\"80\" \/><img loading=\"lazy\" decoding=\"async\" class=\"alignnone size-full wp-image-302\" src=\"http:\/\/insideamateurfussball-ffm.de\/wp-content\/uploads\/2022\/05\/1sv07_news2_4511-1.jpg\" alt=\"\" width=\"80\" height=\"80\" \/>\u00a0<\/span><\/h6>\n<h6><span style=\"font-size: 20px;\">BSC Schwarz-Wei\u00df 19 &#8211; Spvgg. 02 Griesheim<img loading=\"lazy\" decoding=\"async\" class=\"alignnone size-full wp-image-285\" src=\"http:\/\/insideamateurfussball-ffm.de\/wp-content\/uploads\/2022\/05\/BSC-19.jpg\" alt=\"\" width=\"80\" height=\"61\" \/><img loading=\"lazy\" decoding=\"async\" class=\"alignnone size-full wp-image-14\" src=\"http:\/\/insideamateurfussball-ffm.de\/wp-content\/uploads\/2021\/11\/SpVgg._02_Griesheim_02.jpg\" alt=\"\" width=\"100\" height=\"100\" \/><\/span><\/h6>\n<h6><span style=\"font-size: 20px;\">FC Union Niederrad &#8211; Concordia Eschersheim <img loading=\"lazy\" decoding=\"async\" class=\"alignnone size-full wp-image-38\" src=\"http:\/\/insideamateurfussball-ffm.de\/wp-content\/uploads\/2021\/11\/Union-Niederrad.jpg\" alt=\"\" width=\"80\" height=\"80\" \/><img loading=\"lazy\" decoding=\"async\" class=\"alignnone size-full wp-image-37\" src=\"http:\/\/insideamateurfussball-ffm.de\/wp-content\/uploads\/2021\/11\/1sv07_news2_4178_01_01_02.jpg\" alt=\"\" width=\"80\" height=\"80\" \/><\/span><\/h6>\n<h6><span style=\"font-size: 20px;\">FFV Sportfreunde 04 &#8211; FC Gudesding <img loading=\"lazy\" decoding=\"async\" class=\"alignnone size-full wp-image-141\" src=\"http:\/\/insideamateurfussball-ffm.de\/wp-content\/uploads\/2022\/05\/Speuzer.jpg\" alt=\"\" width=\"80\" height=\"80\" \/><img loading=\"lazy\" decoding=\"async\" class=\"alignnone size-full wp-image-10\" src=\"http:\/\/insideamateurfussball-ffm.de\/wp-content\/uploads\/2021\/11\/Gudesding.jpg\" alt=\"\" width=\"64\" height=\"80\" \/><\/span><\/h6>\n<h6><span style=\"font-size: 20px;\">SG Westend &#8211; 1. R\u00f6delheimer FC 02<img loading=\"lazy\" decoding=\"async\" class=\"alignnone size-full wp-image-611\" src=\"http:\/\/insideamateurfussball-ffm.de\/wp-content\/uploads\/2022\/06\/Westend.png\" alt=\"\" width=\"69\" height=\"80\" \/><img loading=\"lazy\" decoding=\"async\" class=\"alignnone size-full wp-image-333\" src=\"http:\/\/insideamateurfussball-ffm.de\/wp-content\/uploads\/2022\/05\/Roedelheim.jpg\" alt=\"\" width=\"80\" height=\"73\" \/><\/span><\/h6>\n<h6><span style=\"font-size: 20px;\">Spielfrei: Griechische Sport-Union Hellas<img loading=\"lazy\" decoding=\"async\" class=\"alignnone size-full wp-image-17152\" src=\"http:\/\/insideamateurfussball-ffm.de\/wp-content\/uploads\/2024\/03\/GSU-Hellas.png\" alt=\"\" width=\"80\" height=\"80\" \/><\/span><\/h6>\n<h6><span style=\"font-size: 20px;\"> \u00a0 \u00a0 \u00a0 \u00a0\u00a0<\/span><\/h6>\n<h6><\/h6>\n","protected":false},"excerpt":{"rendered":"<p>Die finalen Spielpl\u00e4ne lassen noch wegen der anstehenden Berufung in der Causa FC Maroc auf sich warten. Jetzt sickerte aber zumindest als Information f\u00fcr die Vereine der 1. Spieltag der Kreisoberliga Frankfurt durch eine Mail von Kreisfu\u00dfballwart Thorsten Bastian durch.\u00a0 Die unklare Klassenzugeh\u00f6rigkeit einiger Vereine lie\u00df den Zeitplan f\u00fcr die Ver\u00f6ffentlichung der Spielpl\u00e4ne platzen. Erst [&hellip;]<\/p>\n","protected":false},"author":1,"featured_media":26568,"comment_status":"closed","ping_status":"closed","sticky":true,"template":"","format":"standard","meta":{"footnotes":""},"categories":[2],"tags":[],"class_list":["post-26567","post","type-post","status-publish","format-standard","has-post-thumbnail","hentry","category-kreisoberliga-frankfurt"],"_links":{"self":[{"href":"https:\/\/insideamateurfussball-ffm.de\/index.php?rest_route=\/wp\/v2\/posts\/26567","targetHints":{"allow":["GET"]}}],"collection":[{"href":"https:\/\/insideamateurfussball-ffm.de\/index.php?rest_route=\/wp\/v2\/posts"}],"about":[{"href":"https:\/\/insideamateurfussball-ffm.de\/index.php?rest_route=\/wp\/v2\/types\/post"}],"author":[{"embeddable":true,"href":"https:\/\/insideamateurfussball-ffm.de\/index.php?rest_route=\/wp\/v2\/users\/1"}],"replies":[{"embeddable":true,"href":"https:\/\/insideamateurfussball-ffm.de\/index.php?rest_route=%2Fwp%2Fv2%2Fcomments&post=26567"}],"version-history":[{"count":1,"href":"https:\/\/insideamateurfussball-ffm.de\/index.php?rest_route=\/wp\/v2\/posts\/26567\/revisions"}],"predecessor-version":[{"id":26569,"href":"https:\/\/insideamateurfussball-ffm.de\/index.php?rest_route=\/wp\/v2\/posts\/26567\/revisions\/26569"}],"wp:featuredmedia":[{"embeddable":true,"href":"https:\/\/insideamateurfussball-ffm.de\/index.php?rest_route=\/wp\/v2\/media\/26568"}],"wp:attachment":[{"href":"https:\/\/insideamateurfussball-ffm.de\/index.php?rest_route=%2Fwp%2Fv2%2Fmedia&parent=26567"}],"wp:term":[{"taxonomy":"category","embeddable":true,"href":"https:\/\/insideamateurfussball-ffm.de\/index.php?rest_route=%2Fwp%2Fv2%2Fcategories&post=26567"},{"taxonomy":"post_tag","embeddable":true,"href":"https:\/\/insideamateurfussball-ffm.de\/index.php?rest_route=%2Fwp%2Fv2%2Ftags&post=26567"}],"curies":[{"name":"wp","href":"https:\/\/api.w.org\/{rel}","templated":true}]}}