{"id":26534,"date":"2025-07-10T11:06:44","date_gmt":"2025-07-10T10:06:44","guid":{"rendered":"https:\/\/insideamateurfussball-ffm.de\/?p=26534"},"modified":"2025-07-10T11:06:44","modified_gmt":"2025-07-10T10:06:44","slug":"neues-trainerteam-will-bei-oberrad-positiven-trend-einleiten","status":"publish","type":"post","link":"https:\/\/insideamateurfussball-ffm.de\/?p=26534","title":{"rendered":"Neues Trainerteam will bei Oberrad positiven Trend einleiten"},"content":{"rendered":"<h4>Mit Maximilian Schmidt und Hasan G\u00f6ren pr\u00e4sentiert die Spvgg. 05 Oberrad ein neues Trainerteam, das nach einer Findungsphase eine bessere Platzierung als letztes Jahr erreichen m\u00f6chte, mit dem 10.Platz war man am Ende nicht zufrieden. Die Fragen beantwortete uns Trainer Schmidt.<\/h4>\n<figure id=\"attachment_25723\" aria-describedby=\"caption-attachment-25723\" style=\"width: 2048px\" class=\"wp-caption alignnone\"><img loading=\"lazy\" decoding=\"async\" class=\"wp-image-25723 size-full\" src=\"http:\/\/insideamateurfussball-ffm.de\/wp-content\/uploads\/2025\/05\/neuestrainerteam1.jpg\" alt=\"\" width=\"2048\" height=\"1536\" srcset=\"https:\/\/insideamateurfussball-ffm.de\/wp-content\/uploads\/2025\/05\/neuestrainerteam1.jpg 2048w, https:\/\/insideamateurfussball-ffm.de\/wp-content\/uploads\/2025\/05\/neuestrainerteam1-300x225.jpg 300w, https:\/\/insideamateurfussball-ffm.de\/wp-content\/uploads\/2025\/05\/neuestrainerteam1-1024x768.jpg 1024w, https:\/\/insideamateurfussball-ffm.de\/wp-content\/uploads\/2025\/05\/neuestrainerteam1-768x576.jpg 768w, https:\/\/insideamateurfussball-ffm.de\/wp-content\/uploads\/2025\/05\/neuestrainerteam1-1536x1152.jpg 1536w\" sizes=\"auto, (max-width: 2048px) 100vw, 2048px\" \/><figcaption id=\"caption-attachment-25723\" class=\"wp-caption-text\">Das neue Trainerteam der Spvgg. 05 Oberrad, Maximilian Schmidt und Hasan G\u00f6ren. Foto: Verein<\/figcaption><\/figure>\n<p><img loading=\"lazy\" decoding=\"async\" class=\"alignnone size-full wp-image-137\" src=\"http:\/\/insideamateurfussball-ffm.de\/wp-content\/uploads\/2022\/05\/Oberrad05.jpg\" alt=\"\" width=\"79\" height=\"80\" \/><\/p>\n<p>Nach der Entlassung von Trainer Gabriel Bernstein ein paar Spieltage vor Schluss der letzten Saison m\u00f6chte die Spvgg. 05 Oberrad diese Saison mit einem neuen Trainerteam einen positiven Trend einleiten, 5 Abg\u00e4ngen stehen insgesamt 9 Neuzug\u00e4nge gegen\u00fcber.<\/p>\n<p><strong><u>Was erwartet ihr von der neuen Saison, wie lautet euer Saisonziel?<\/u><\/strong><\/p>\n<p>Da wir als neues Trainerteam frisch \u00fcbernommen haben, steht f\u00fcr uns zun\u00e4chst eine intensive Findungsphase an. Es geht vor allem darum, die Mannschaft besser kennenzulernen, interne Abl\u00e4ufe zu verstehen und gemeinsam eine Basis f\u00fcr eine erfolgreiche Zusammenarbeit zu schaffen.<\/p>\n<p>Sportlich wollen wir an die vergangene Saison ankn\u00fcpfen \u2013 mit dem klaren Ziel, uns tabellarisch zu verbessern und damit einen positiven Trend einzuleiten. Dabei steht f\u00fcr uns nicht nur das reine Ergebnis im Vordergrund, sondern auch die individuelle und mannschaftliche Weiterentwicklung der Spieler.<\/p>\n<p>Wir kennen die Liga gut und wissen, dass sie sehr ausgeglichen ist \u2013 hier kann jeder jeden schlagen. Umso wichtiger ist es, dass wir Woche f\u00fcr Woche konzentriert arbeiten und unsere Strukturen im Verein weiter professionalisieren, um nachhaltig erfolgreich\u00a0zu\u00a0sein.<\/p>\n<p><strong><u>Welche Zu- und Abg\u00e4nge habt ihr Stand jetzt zu verzeichnen?<\/u><\/strong><\/p>\n<p>Zug\u00e4nge:<\/p>\n<ul>\n<li>Ersan Rovcanin (RW Frankfurt)<\/li>\n<li>Leopold M\u00f6nch (TSG Kaiserslautern)<\/li>\n<li>Marc K\u00fcnneke (SV Ramlingen-Ehlershausen)<\/li>\n<li>Marc Madsen (Spvgg. Dietesheim)<\/li>\n<li>Muamer Mujanovic (OSC Rosenh\u00f6he)<\/li>\n<li>Muris Pehratovic (1.FC Erlensee)<\/li>\n<li>Naoufal En-Najjari (SG Unterliederbach)<\/li>\n<li>Nikos Renchen (Bayern Alzenau)<\/li>\n<li>Taiga Masuda (SG H\u00f6chst)<\/li>\n<\/ul>\n<p>Abg\u00e4nge:<\/p>\n<ul>\n<li>Ali Wardak (Spvgg. 03 Fechenheim)<\/li>\n<li>Andrei Ion (OSC Rosenh\u00f6he)<\/li>\n<li>Filip Stojilkovic (FC Tempo)<\/li>\n<li>Julian Baumann (unbekannt)<\/li>\n<li>Tim Mattick (Spvgg. Neu-Isenburg)<\/li>\n<\/ul>\n<p><strong><u>Wer sind f\u00fcr euch die Favoriten in der Liga?<\/u><\/strong><\/p>\n<p>FG Seckbach 02, SV Bosnien\/\u200bHerzegowina\u00a0Ffm<\/p>\n<p><strong><u>Wie ist Eure Meinung zur neuen Auswechselregelung in Hessens Amateurfu\u00dfball (5 Wechsel maximal inkl. R\u00fcckwechsel)?<\/u><\/strong><\/p>\n<p>Wir stehen der Regel neutral gegen\u00fcber und sind gespannt, wie die Regel im Saisonverlauf\u00a0genutzt\u00a0wird.<\/p>\n<p><strong><u>Testspiele (nach fussball.de)<\/u><\/strong><\/p>\n<p>29.06.2025, 15:00 Uhr: Spvgg. 05 Oberrad \u2013 Germania 08 D\u00f6rnigheim 1:1<\/p>\n<p>03.07.2025, 20:00 Uhr: Spvgg. 05 Oberrad \u2013 FC Kalbach 1:1<\/p>\n<p>06.07.2025, 15:00 Uhr: Spvgg. 05 Oberrad \u2013 SV Kilianst\u00e4dten 2:0<\/p>\n<p>12.07.2025, 12:00 Uhr: TSG Neu-Isenburg \u2013 Spvgg. 05 Oberrad<\/p>\n<p>13.07.2025, 15:00 Uhr: Spvgg. 05 Oberrad \u2013 FC Neu-Anspach<\/p>\n<p>17.07.2025, 20:00 Uhr: SSG Langen \u2013 Spvgg. 05 Oberrad<\/p>\n<p>22.07.2025, 20:00 Uhr: BSC Kelsterbach \u2013 Spvgg. 05 Oberrad<\/p>\n<p>27.07.2025, 15:00 Uhr: TSG Bretzheim \u2013 Spvgg. 05 Oberrad<\/p>\n<p>Vorauss. 01.08.2025: Spvgg. 03 Fechenheim \u2013 Spvgg. 05 Oberrad (1.Spieltag)<\/p>\n","protected":false},"excerpt":{"rendered":"<p>Mit Maximilian Schmidt und Hasan G\u00f6ren pr\u00e4sentiert die Spvgg. 05 Oberrad ein neues Trainerteam, das nach einer Findungsphase eine bessere Platzierung als letztes Jahr erreichen m\u00f6chte, mit dem 10.Platz war man am Ende nicht zufrieden. Die Fragen beantwortete uns Trainer Schmidt. Nach der Entlassung von Trainer Gabriel Bernstein ein paar Spieltage vor Schluss der letzten [&hellip;]<\/p>\n","protected":false},"author":3,"featured_media":25723,"comment_status":"closed","ping_status":"open","sticky":true,"template":"","format":"standard","meta":{"footnotes":""},"categories":[13],"tags":[],"class_list":["post-26534","post","type-post","status-publish","format-standard","has-post-thumbnail","hentry","category-gruppenliga-frankfurt-west"],"_links":{"self":[{"href":"https:\/\/insideamateurfussball-ffm.de\/index.php?rest_route=\/wp\/v2\/posts\/26534","targetHints":{"allow":["GET"]}}],"collection":[{"href":"https:\/\/insideamateurfussball-ffm.de\/index.php?rest_route=\/wp\/v2\/posts"}],"about":[{"href":"https:\/\/insideamateurfussball-ffm.de\/index.php?rest_route=\/wp\/v2\/types\/post"}],"author":[{"embeddable":true,"href":"https:\/\/insideamateurfussball-ffm.de\/index.php?rest_route=\/wp\/v2\/users\/3"}],"replies":[{"embeddable":true,"href":"https:\/\/insideamateurfussball-ffm.de\/index.php?rest_route=%2Fwp%2Fv2%2Fcomments&post=26534"}],"version-history":[{"count":2,"href":"https:\/\/insideamateurfussball-ffm.de\/index.php?rest_route=\/wp\/v2\/posts\/26534\/revisions"}],"predecessor-version":[{"id":26536,"href":"https:\/\/insideamateurfussball-ffm.de\/index.php?rest_route=\/wp\/v2\/posts\/26534\/revisions\/26536"}],"wp:featuredmedia":[{"embeddable":true,"href":"https:\/\/insideamateurfussball-ffm.de\/index.php?rest_route=\/wp\/v2\/media\/25723"}],"wp:attachment":[{"href":"https:\/\/insideamateurfussball-ffm.de\/index.php?rest_route=%2Fwp%2Fv2%2Fmedia&parent=26534"}],"wp:term":[{"taxonomy":"category","embeddable":true,"href":"https:\/\/insideamateurfussball-ffm.de\/index.php?rest_route=%2Fwp%2Fv2%2Fcategories&post=26534"},{"taxonomy":"post_tag","embeddable":true,"href":"https:\/\/insideamateurfussball-ffm.de\/index.php?rest_route=%2Fwp%2Fv2%2Ftags&post=26534"}],"curies":[{"name":"wp","href":"https:\/\/api.w.org\/{rel}","templated":true}]}}