{"id":26506,"date":"2025-07-08T21:08:26","date_gmt":"2025-07-08T20:08:26","guid":{"rendered":"https:\/\/insideamateurfussball-ffm.de\/?p=26506"},"modified":"2025-07-08T21:08:26","modified_gmt":"2025-07-08T20:08:26","slug":"neuformierte-speuzer-verlieren-klar-bei-sw-griesheim","status":"publish","type":"post","link":"https:\/\/insideamateurfussball-ffm.de\/?p=26506","title":{"rendered":"Neuformierte Speuzer verlieren klar bei SW Griesheim"},"content":{"rendered":"<h5><span style=\"font-size: 16px;\">Nach zwei Abstiegen in Folge will der FFV Sportfreunde 04 die Talfahrt in der Kreisoberliga stoppen. Die klare 0:4-Niederlage beim A-Ligisten und k\u00fcnftigen Platznachbarn DJK Schwarz-Wei\u00df Griesheim l\u00e4sst aber nichts gutes erahnen.\u00a0<\/span><\/h5>\n<figure id=\"attachment_26507\" aria-describedby=\"caption-attachment-26507\" style=\"width: 150px\" class=\"wp-caption alignleft\"><img loading=\"lazy\" decoding=\"async\" class=\"wp-image-26507 size-thumbnail\" src=\"http:\/\/insideamateurfussball-ffm.de\/wp-content\/uploads\/2025\/07\/speu5-150x150.jpg\" alt=\"\" width=\"150\" height=\"150\" \/><figcaption id=\"caption-attachment-26507\" class=\"wp-caption-text\">Die neue Speuzer-Elf. Foto: Mithat G\u00fcrser.\u00a0\u00a0<\/figcaption><\/figure>\n<h5><span style=\"font-size: 16px;\">DJK Schwarz-Wei\u00df Griesheim &#8211; FFV Sportfreunde 4:0 (2:0)<\/span><\/h5>\n<p><img loading=\"lazy\" decoding=\"async\" class=\"alignnone size-full wp-image-172\" src=\"http:\/\/insideamateurfussball-ffm.de\/wp-content\/uploads\/2022\/05\/DJK-SW-G.jpg\" alt=\"\" width=\"80\" height=\"80\" \/><img loading=\"lazy\" decoding=\"async\" class=\"alignnone size-full wp-image-141\" src=\"http:\/\/insideamateurfussball-ffm.de\/wp-content\/uploads\/2022\/05\/Speuzer.jpg\" alt=\"\" width=\"80\" height=\"80\" \/><\/p>\n<p><span style=\"font-size: 16px;\">In der kommenden Saison werden die Speuzer ihre Heimspiele am Rebstock austragen. Dort stehen jetzt zwei Kunstrasenpl\u00e4tze und ein Rasenplatz zur Verf\u00fcgung. Der Tabellenzehnte der Kreisliga A Frankfurt (Gruppe 1) war deutlich \u00fcberlegen, gewann durch Tore von Ilias Otmani (12.), Luca de Simone (29.) und einem Doppelpack von Alessio Burgio (63.\/72.) souver\u00e4n mit 4:0 gegen den Gruppenliga-Absteiger, der unter der Regie des von der SGK Bad Homburg gekommenen neuen Trainers Melih Yilmaz die gesamte Mannschaft ausgetauscht hat. <\/span><\/p>\n<p><span style=\"font-size: 16px;\">Aufgef\u00fcllt werden kann aus der starken A-Jugend, die in ihrer Altersklasse den Sprung in die Gruppenliga schaffte. Zudem kamen noch einige Akteure von der benachbarten Spvgg. 02 Griesheim, wie Torh\u00fcter-Methusalem Sven Oker. &#8222;Es war ein gutes Spiel, wir haben 18 Mann eingesetzt, unseren Kader gehalten und drei starke Neuzug\u00e4nge bekommen&#8220;, sagte SWG-Trainer \u00d6nder Civelek.\u00a0<\/span><\/p>\n<ul>\n<li><strong><span style=\"font-size: 16px;\">Schiedsrichter: Mate Pasalic (FSV Frankfurt).\u00a0<\/span><\/strong><\/li>\n<li><strong><span style=\"font-size: 16px;\">Zuschauer: 36.<\/span><\/strong><\/li>\n<li><span style=\"font-size: 16px;\"><strong>Tore: 1:0 Ilias Otmani (12.), 2:0 Luca de Simone (29.), 3:0, 4:0 Alessio Burgio (63.\/72.).<\/strong><\/span><\/li>\n<li><strong><span style=\"font-size: 16px;\">Bildergalerie: Mithat G\u00fcrser war am Rebstock am Start! <\/span><\/strong><\/li>\n<\/ul>\n<p>\u00a0<\/p>\n\n\n<figure class=\"wp-block-gallery has-nested-images columns-default is-cropped wp-block-gallery-1 is-layout-flex wp-block-gallery-is-layout-flex\">\n<figure class=\"wp-block-image size-large\"><img loading=\"lazy\" decoding=\"async\" width=\"886\" height=\"628\" data-id=\"26509\" src=\"https:\/\/insideamateurfussball-ffm.de\/wp-content\/uploads\/2025\/07\/speu5-1.jpg\" alt=\"\" class=\"wp-image-26509\" srcset=\"https:\/\/insideamateurfussball-ffm.de\/wp-content\/uploads\/2025\/07\/speu5-1.jpg 886w, https:\/\/insideamateurfussball-ffm.de\/wp-content\/uploads\/2025\/07\/speu5-1-300x213.jpg 300w, https:\/\/insideamateurfussball-ffm.de\/wp-content\/uploads\/2025\/07\/speu5-1-768x544.jpg 768w\" sizes=\"auto, (max-width: 886px) 100vw, 886px\" \/><\/figure>\n<\/figure>\n\n\n\n<figure class=\"wp-block-gallery has-nested-images columns-default is-cropped wp-block-gallery-2 is-layout-flex wp-block-gallery-is-layout-flex\">\n<figure class=\"wp-block-image size-large\"><img loading=\"lazy\" decoding=\"async\" width=\"886\" height=\"668\" data-id=\"26510\" src=\"https:\/\/insideamateurfussball-ffm.de\/wp-content\/uploads\/2025\/07\/speu10.jpg\" alt=\"\" class=\"wp-image-26510\" srcset=\"https:\/\/insideamateurfussball-ffm.de\/wp-content\/uploads\/2025\/07\/speu10.jpg 886w, https:\/\/insideamateurfussball-ffm.de\/wp-content\/uploads\/2025\/07\/speu10-300x226.jpg 300w, https:\/\/insideamateurfussball-ffm.de\/wp-content\/uploads\/2025\/07\/speu10-768x579.jpg 768w\" sizes=\"auto, (max-width: 886px) 100vw, 886px\" \/><\/figure>\n<\/figure>\n\n\n\n<figure class=\"wp-block-gallery has-nested-images columns-default is-cropped wp-block-gallery-3 is-layout-flex wp-block-gallery-is-layout-flex\">\n<figure class=\"wp-block-image size-large\"><img loading=\"lazy\" decoding=\"async\" width=\"886\" height=\"572\" data-id=\"26511\" src=\"https:\/\/insideamateurfussball-ffm.de\/wp-content\/uploads\/2025\/07\/speu3.jpg\" alt=\"\" class=\"wp-image-26511\" srcset=\"https:\/\/insideamateurfussball-ffm.de\/wp-content\/uploads\/2025\/07\/speu3.jpg 886w, https:\/\/insideamateurfussball-ffm.de\/wp-content\/uploads\/2025\/07\/speu3-300x194.jpg 300w, https:\/\/insideamateurfussball-ffm.de\/wp-content\/uploads\/2025\/07\/speu3-768x496.jpg 768w\" sizes=\"auto, (max-width: 886px) 100vw, 886px\" \/><\/figure>\n<\/figure>\n\n\n\n<figure class=\"wp-block-gallery has-nested-images columns-default is-cropped wp-block-gallery-4 is-layout-flex wp-block-gallery-is-layout-flex\">\n<figure class=\"wp-block-image size-large\"><img loading=\"lazy\" decoding=\"async\" width=\"886\" height=\"598\" data-id=\"26512\" src=\"https:\/\/insideamateurfussball-ffm.de\/wp-content\/uploads\/2025\/07\/speu8.jpg\" alt=\"\" class=\"wp-image-26512\" srcset=\"https:\/\/insideamateurfussball-ffm.de\/wp-content\/uploads\/2025\/07\/speu8.jpg 886w, https:\/\/insideamateurfussball-ffm.de\/wp-content\/uploads\/2025\/07\/speu8-300x202.jpg 300w, https:\/\/insideamateurfussball-ffm.de\/wp-content\/uploads\/2025\/07\/speu8-768x518.jpg 768w\" sizes=\"auto, (max-width: 886px) 100vw, 886px\" \/><\/figure>\n<\/figure>\n\n\n\n<figure class=\"wp-block-gallery has-nested-images columns-default is-cropped wp-block-gallery-5 is-layout-flex wp-block-gallery-is-layout-flex\">\n<figure class=\"wp-block-image size-large\"><img loading=\"lazy\" decoding=\"async\" width=\"886\" height=\"598\" data-id=\"26513\" src=\"https:\/\/insideamateurfussball-ffm.de\/wp-content\/uploads\/2025\/07\/speu1.jpg\" alt=\"\" class=\"wp-image-26513\" srcset=\"https:\/\/insideamateurfussball-ffm.de\/wp-content\/uploads\/2025\/07\/speu1.jpg 886w, https:\/\/insideamateurfussball-ffm.de\/wp-content\/uploads\/2025\/07\/speu1-300x202.jpg 300w, https:\/\/insideamateurfussball-ffm.de\/wp-content\/uploads\/2025\/07\/speu1-768x518.jpg 768w\" sizes=\"auto, (max-width: 886px) 100vw, 886px\" \/><\/figure>\n<\/figure>\n\n\n\n<figure class=\"wp-block-gallery has-nested-images columns-default is-cropped wp-block-gallery-6 is-layout-flex wp-block-gallery-is-layout-flex\">\n<figure class=\"wp-block-image size-large\"><img loading=\"lazy\" decoding=\"async\" width=\"886\" height=\"663\" data-id=\"26514\" src=\"https:\/\/insideamateurfussball-ffm.de\/wp-content\/uploads\/2025\/07\/speu6.jpg\" alt=\"\" class=\"wp-image-26514\" srcset=\"https:\/\/insideamateurfussball-ffm.de\/wp-content\/uploads\/2025\/07\/speu6.jpg 886w, https:\/\/insideamateurfussball-ffm.de\/wp-content\/uploads\/2025\/07\/speu6-300x224.jpg 300w, https:\/\/insideamateurfussball-ffm.de\/wp-content\/uploads\/2025\/07\/speu6-768x575.jpg 768w\" sizes=\"auto, (max-width: 886px) 100vw, 886px\" \/><\/figure>\n<\/figure>\n\n\n\n<figure class=\"wp-block-gallery has-nested-images columns-default is-cropped wp-block-gallery-7 is-layout-flex wp-block-gallery-is-layout-flex\">\n<figure class=\"wp-block-image size-large\"><img loading=\"lazy\" decoding=\"async\" width=\"886\" height=\"624\" data-id=\"26515\" src=\"https:\/\/insideamateurfussball-ffm.de\/wp-content\/uploads\/2025\/07\/speu11.jpg\" alt=\"\" class=\"wp-image-26515\" srcset=\"https:\/\/insideamateurfussball-ffm.de\/wp-content\/uploads\/2025\/07\/speu11.jpg 886w, https:\/\/insideamateurfussball-ffm.de\/wp-content\/uploads\/2025\/07\/speu11-300x211.jpg 300w, https:\/\/insideamateurfussball-ffm.de\/wp-content\/uploads\/2025\/07\/speu11-768x541.jpg 768w\" sizes=\"auto, (max-width: 886px) 100vw, 886px\" \/><\/figure>\n<\/figure>\n\n\n\n<figure class=\"wp-block-gallery has-nested-images columns-default is-cropped wp-block-gallery-8 is-layout-flex wp-block-gallery-is-layout-flex\">\n<figure class=\"wp-block-image size-large\"><img loading=\"lazy\" decoding=\"async\" width=\"886\" height=\"618\" data-id=\"26516\" src=\"https:\/\/insideamateurfussball-ffm.de\/wp-content\/uploads\/2025\/07\/speu4.jpg\" alt=\"\" class=\"wp-image-26516\" srcset=\"https:\/\/insideamateurfussball-ffm.de\/wp-content\/uploads\/2025\/07\/speu4.jpg 886w, https:\/\/insideamateurfussball-ffm.de\/wp-content\/uploads\/2025\/07\/speu4-300x209.jpg 300w, https:\/\/insideamateurfussball-ffm.de\/wp-content\/uploads\/2025\/07\/speu4-768x536.jpg 768w\" sizes=\"auto, (max-width: 886px) 100vw, 886px\" \/><\/figure>\n<\/figure>\n\n\n\n<figure class=\"wp-block-gallery has-nested-images columns-default is-cropped wp-block-gallery-9 is-layout-flex wp-block-gallery-is-layout-flex\">\n<figure class=\"wp-block-image size-large\"><img loading=\"lazy\" decoding=\"async\" width=\"886\" height=\"652\" data-id=\"26517\" src=\"https:\/\/insideamateurfussball-ffm.de\/wp-content\/uploads\/2025\/07\/speu9.jpg\" alt=\"\" class=\"wp-image-26517\" srcset=\"https:\/\/insideamateurfussball-ffm.de\/wp-content\/uploads\/2025\/07\/speu9.jpg 886w, https:\/\/insideamateurfussball-ffm.de\/wp-content\/uploads\/2025\/07\/speu9-300x221.jpg 300w, https:\/\/insideamateurfussball-ffm.de\/wp-content\/uploads\/2025\/07\/speu9-768x565.jpg 768w\" sizes=\"auto, (max-width: 886px) 100vw, 886px\" \/><\/figure>\n<\/figure>\n\n\n\n<figure class=\"wp-block-gallery has-nested-images columns-default is-cropped wp-block-gallery-10 is-layout-flex wp-block-gallery-is-layout-flex\">\n<figure class=\"wp-block-image size-large\"><img loading=\"lazy\" decoding=\"async\" width=\"886\" height=\"642\" data-id=\"26518\" src=\"https:\/\/insideamateurfussball-ffm.de\/wp-content\/uploads\/2025\/07\/speu2.jpg\" alt=\"\" class=\"wp-image-26518\" srcset=\"https:\/\/insideamateurfussball-ffm.de\/wp-content\/uploads\/2025\/07\/speu2.jpg 886w, https:\/\/insideamateurfussball-ffm.de\/wp-content\/uploads\/2025\/07\/speu2-300x217.jpg 300w, https:\/\/insideamateurfussball-ffm.de\/wp-content\/uploads\/2025\/07\/speu2-768x556.jpg 768w\" sizes=\"auto, (max-width: 886px) 100vw, 886px\" \/><\/figure>\n<\/figure>\n\n\n\n<figure class=\"wp-block-gallery has-nested-images columns-default is-cropped wp-block-gallery-11 is-layout-flex wp-block-gallery-is-layout-flex\">\n<figure class=\"wp-block-image size-large\"><img loading=\"lazy\" decoding=\"async\" width=\"886\" height=\"614\" data-id=\"26519\" src=\"https:\/\/insideamateurfussball-ffm.de\/wp-content\/uploads\/2025\/07\/speu7.jpg\" alt=\"\" class=\"wp-image-26519\" srcset=\"https:\/\/insideamateurfussball-ffm.de\/wp-content\/uploads\/2025\/07\/speu7.jpg 886w, https:\/\/insideamateurfussball-ffm.de\/wp-content\/uploads\/2025\/07\/speu7-300x208.jpg 300w, https:\/\/insideamateurfussball-ffm.de\/wp-content\/uploads\/2025\/07\/speu7-768x532.jpg 768w\" sizes=\"auto, (max-width: 886px) 100vw, 886px\" \/><\/figure>\n<\/figure>\n\n\n\n<figure class=\"wp-block-gallery has-nested-images columns-default is-cropped wp-block-gallery-12 is-layout-flex wp-block-gallery-is-layout-flex\">\n<figure class=\"wp-block-image size-large\"><img loading=\"lazy\" decoding=\"async\" width=\"886\" height=\"586\" data-id=\"26520\" src=\"https:\/\/insideamateurfussball-ffm.de\/wp-content\/uploads\/2025\/07\/speu12.jpg\" alt=\"\" class=\"wp-image-26520\" srcset=\"https:\/\/insideamateurfussball-ffm.de\/wp-content\/uploads\/2025\/07\/speu12.jpg 886w, https:\/\/insideamateurfussball-ffm.de\/wp-content\/uploads\/2025\/07\/speu12-300x198.jpg 300w, https:\/\/insideamateurfussball-ffm.de\/wp-content\/uploads\/2025\/07\/speu12-768x508.jpg 768w\" sizes=\"auto, (max-width: 886px) 100vw, 886px\" \/><\/figure>\n<\/figure>\n","protected":false},"excerpt":{"rendered":"<p>Nach zwei Abstiegen in Folge will der FFV Sportfreunde 04 die Talfahrt in der Kreisoberliga stoppen. Die klare 0:4-Niederlage beim A-Ligisten und k\u00fcnftigen Platznachbarn DJK Schwarz-Wei\u00df Griesheim l\u00e4sst aber nichts gutes erahnen.\u00a0 DJK Schwarz-Wei\u00df Griesheim &#8211; FFV Sportfreunde 4:0 (2:0) In der kommenden Saison werden die Speuzer ihre Heimspiele am Rebstock austragen. Dort stehen jetzt [&hellip;]<\/p>\n","protected":false},"author":1,"featured_media":26507,"comment_status":"closed","ping_status":"closed","sticky":true,"template":"","format":"standard","meta":{"footnotes":""},"categories":[21],"tags":[],"class_list":["post-26506","post","type-post","status-publish","format-standard","has-post-thumbnail","hentry","category-testspiele"],"_links":{"self":[{"href":"https:\/\/insideamateurfussball-ffm.de\/index.php?rest_route=\/wp\/v2\/posts\/26506","targetHints":{"allow":["GET"]}}],"collection":[{"href":"https:\/\/insideamateurfussball-ffm.de\/index.php?rest_route=\/wp\/v2\/posts"}],"about":[{"href":"https:\/\/insideamateurfussball-ffm.de\/index.php?rest_route=\/wp\/v2\/types\/post"}],"author":[{"embeddable":true,"href":"https:\/\/insideamateurfussball-ffm.de\/index.php?rest_route=\/wp\/v2\/users\/1"}],"replies":[{"embeddable":true,"href":"https:\/\/insideamateurfussball-ffm.de\/index.php?rest_route=%2Fwp%2Fv2%2Fcomments&post=26506"}],"version-history":[{"count":2,"href":"https:\/\/insideamateurfussball-ffm.de\/index.php?rest_route=\/wp\/v2\/posts\/26506\/revisions"}],"predecessor-version":[{"id":26521,"href":"https:\/\/insideamateurfussball-ffm.de\/index.php?rest_route=\/wp\/v2\/posts\/26506\/revisions\/26521"}],"wp:featuredmedia":[{"embeddable":true,"href":"https:\/\/insideamateurfussball-ffm.de\/index.php?rest_route=\/wp\/v2\/media\/26507"}],"wp:attachment":[{"href":"https:\/\/insideamateurfussball-ffm.de\/index.php?rest_route=%2Fwp%2Fv2%2Fmedia&parent=26506"}],"wp:term":[{"taxonomy":"category","embeddable":true,"href":"https:\/\/insideamateurfussball-ffm.de\/index.php?rest_route=%2Fwp%2Fv2%2Fcategories&post=26506"},{"taxonomy":"post_tag","embeddable":true,"href":"https:\/\/insideamateurfussball-ffm.de\/index.php?rest_route=%2Fwp%2Fv2%2Ftags&post=26506"}],"curies":[{"name":"wp","href":"https:\/\/api.w.org\/{rel}","templated":true}]}}