{"id":26497,"date":"2025-07-08T20:20:59","date_gmt":"2025-07-08T19:20:59","guid":{"rendered":"https:\/\/insideamateurfussball-ffm.de\/?p=26497"},"modified":"2025-07-08T20:24:12","modified_gmt":"2025-07-08T19:24:12","slug":"heddernheim-zweigeteilte-leistung-beim-30-sieg","status":"publish","type":"post","link":"https:\/\/insideamateurfussball-ffm.de\/?p=26497","title":{"rendered":"Heddernheim: Zweigeteilte Leistung beim 3:0-Sieg"},"content":{"rendered":"<h5><span style=\"font-size: 16px;\">Der SV 07 Heddernheim begann seine Vorbereitung auf die n\u00e4chste Saison in der Kreisoberliga mit einem 3:0-Sieg im Hochtaunuskreis beim SV Seulberg. Beim dortigen Kreisoberligisten traten die Heddernheimer mit neuer Trikotfarbe und einigen neuen, aber auch altbekannten Gesichtern an, die den Weg zur\u00fcck an die Br\u00fchlwiese gefunden haben.\u00a0<\/span><\/h5>\n<figure id=\"attachment_26498\" aria-describedby=\"caption-attachment-26498\" style=\"width: 652px\" class=\"wp-caption alignleft\"><img loading=\"lazy\" decoding=\"async\" class=\"wp-image-26498\" src=\"http:\/\/insideamateurfussball-ffm.de\/wp-content\/uploads\/2025\/07\/Seul-Hed-1024x768.jpg\" alt=\"\" width=\"652\" height=\"489\" srcset=\"https:\/\/insideamateurfussball-ffm.de\/wp-content\/uploads\/2025\/07\/Seul-Hed-1024x768.jpg 1024w, https:\/\/insideamateurfussball-ffm.de\/wp-content\/uploads\/2025\/07\/Seul-Hed-300x225.jpg 300w, https:\/\/insideamateurfussball-ffm.de\/wp-content\/uploads\/2025\/07\/Seul-Hed-768x576.jpg 768w, https:\/\/insideamateurfussball-ffm.de\/wp-content\/uploads\/2025\/07\/Seul-Hed-1536x1152.jpg 1536w, https:\/\/insideamateurfussball-ffm.de\/wp-content\/uploads\/2025\/07\/Seul-Hed.jpg 2048w\" sizes=\"auto, (max-width: 652px) 100vw, 652px\" \/><figcaption id=\"caption-attachment-26498\" class=\"wp-caption-text\">Einer der neuen Gesichter ist \u00d6mer G\u00fcng\u00f6r, der vom TSKV T\u00fcrkg\u00fcc\u00fc Franfurt kam (Nr.14). Foto: PA.<\/figcaption><\/figure>\n<h5><span style=\"font-size: 16px;\">SV Seulberg &#8211; SV 07 Heddernheim 0:3 (0:1)<\/span><\/h5>\n<p><img loading=\"lazy\" decoding=\"async\" class=\"alignnone size-full wp-image-26499\" src=\"http:\/\/insideamateurfussball-ffm.de\/wp-content\/uploads\/2025\/07\/seul.jpg\" alt=\"\" width=\"79\" height=\"80\" \/><img loading=\"lazy\" decoding=\"async\" class=\"alignnone size-full wp-image-302\" src=\"http:\/\/insideamateurfussball-ffm.de\/wp-content\/uploads\/2022\/05\/1sv07_news2_4511-1.jpg\" alt=\"\" width=\"80\" height=\"80\" \/><\/p>\n<p><span style=\"font-size: 16px;\">Zun\u00e4chst gab es im Friedrichsdorfer Ortsteil Seulberg\u00a0 Orientierungsprobleme bei der Sportplatzsuche. Ein Kunstrasenplatz war zu sehen, der war aber menschenleer. Bis man verstand, dass der Weg zum Rasenplatz nur \u00fcber das Geb\u00e4ude f\u00fchrte, das Vereinshaus und Umkleidekabinen integrierte und der Rasen sozusagen auf der h\u00f6heren Ebene lag.<\/span><\/p>\n<p><span style=\"font-size: 16px;\"> Heddernheim trat in neuen grauen Trikots an, die neben dem klassischen Gr\u00fcn-Wei\u00df als Ausweichfarbe geplant sind. Der Traditionsverein hat diesen Sommer einen gewissen Umbruch vollzogen. Zehn Abg\u00e4ngen stehen elf Neuzug\u00e4nge gegen\u00fcber, von denen vier im ersten Test in der Anfangsformation standen, drei weitere begannen auf der Bank. Darunter sind mit Christos Papadopoulos und Giuliano Amante zwei R\u00fcckkehrer. Der griechische Torj\u00e4ger spielte bereits von 2018 bis 2023 erfolgreich beim SV 07 und war in den letzten beiden Jahren entscheidend am Aufstieg der GSU Hellas in die Kreisoberliga beteiligt, f\u00fcr die er 35 Tore erzielte. Er soll Marcus Kreckel ersetzen, der nach seinen 43 Toren in den letzten beiden Spielzeiten nun doch nicht in die Verbandsliga Mitte wechselte (zu Germania Okriftel), sondern unerwarteterweise beim Ligakonkurrenten Spvgg. 02 Griesheim anheuerte. Spielmacher Amante ist mit den Willef\u00fchrs Antonie und Cherano verbr\u00fcdert und spielte bereits in jungen Jahren von 2013 bis 2017 beim SVH und kommt nun vom SV Niederursel zur\u00fcck. Was nach den 105 Gegentoren besonders ben\u00f6tigt wurde sind konsequent agierende Abwehrspieler.<\/span><\/p>\n<ul>\n<li><strong><span style=\"font-size: 16px;\">Goalgetter Papadopoulos nach zwei Jahren wieder zur\u00fcck\u00a0<\/span><\/strong><\/li>\n<\/ul>\n<p><span style=\"font-size: 16px;\">Hier hat man mit Kadir Mengunogul als linkem Au\u00dfenverteidiger einen langj\u00e4hrigen Stammspieler von Viktoria Preu\u00dfen geholt, der im Vorjahr beim Gruppenliga-Absteiger Spvgg. 05\/99 Bomber Bad Homburg spielte. Zudem kam mit Adam Abbass ein rechter Au\u00dfenverteidiger, der gleich f\u00fcr viel Schwung nach vorne sorgte und die erste Torchance auf den Kopf von Cherano vorbereitete. Der wiedergenesene St\u00fcrmer vergab vor SVS-Torwart Marvin Nitsche. Im Gegenzug feuerten die Gastgeber, 13. der KOL Hochtaunus, den ersten Schuss auf das Tor von Keeper Marc Tomczyk ab, aber der Versuch von Raul Borallo Nieto war ungef\u00e4hrlich. Auf der Gegenseite die G\u00e4ste weiter mit Offensivdrang, Cherano umkurvte den Torwart, aber ein Seulberger kl\u00e4rte in h\u00f6chster Not vor der Torlinie. Dann der erste Treffer der Heddernheimer. Flanke Deniz Yatci und Goalgetter Papadopoulos war mit dem Kopf zur Stelle &#8211; 0:1 (26.). 63 Zuschauer, darunter SVH-Legende Philipp Siegel, der zur\u00fcck im Verein ist und Trainer Andreas Berggold in seiner Urlaubszeit vertreten wird, sahen eine \u00fcberlegene Heddernheimer Elf, die selbstbewusst auftrat und defensiv ordentlich agierte. Nach dem Seitenwechsel kam mit Marco Yatci ein weiteres Talent (Karbener SV U19). Der j\u00fcngere Bruder von Deniz Yatci bereitete mit seiner Flanke das 2:0 von Cherano vor (46.). <\/span><\/p>\n<p><span style=\"font-size: 16px;\">Soufiane Bensaou, ein st\u00e4mmiger Abwehrspieler vom SV Bonames und \u00d6mer G\u00fcng\u00f6r, Perspektivspieler von T\u00fcrkg\u00fcc\u00fc Frankfurt, spielten ebenfalls erstmals f\u00fcr den SV 07 und zeigten gute Momente. Gegen Ende wurde man hingegen fahrl\u00e4ssig. Yassir Achati lief alleine auf das Seulberger Tor zu, Papadopoulos lief mit. Aber Achati blieb kl\u00e4glich am Seulberger Tormann h\u00e4ngen, statt quer zu legen oder einfach ins Tor zu treffen und zog sich den Zorn von Coach Berggold zu. Der war dann kurz danach verflogen, denn nach Papadopoulos Schuss wehrte Nitzsche ab, aber vor die F\u00fc\u00dfe von Deniz Yatci, der zum 3:0-Endstand traf (89.). &#8222;Zweigeteilt&#8220;, hatte Berggold den Auftritt gesehen. &#8222;Die erste Halbzeit haben wir richtig gut gespielt. Zweite Halbzeit waren 20-25 Minuten nicht gut, da war zu viel Leerlauf. Im gro\u00dfen und ganzen bin ich zufrieden, wir haben zu Null gespielt. Darauf legen wir viel wert diese Saison. Zur Halbzeit m\u00fcssen wir aber h\u00f6her als 1:0 f\u00fchren.&#8220; Der Eindruck der Neuzug\u00e4nge? &#8222;Sie haben was die Erwartungen betrifft schon gute Ans\u00e4tze gezeigt, wir alle haben aber einen langen Weg vor uns. Da muss noch an Abstimmung und Kondition gefeilt werden, alle neuen Spieler haben sich aber gut eingef\u00fcgt.&#8220; Am Donnerstag steht dann schon der zweite Test beim FC Ober-Rosbach (Kreisoberliga Friedberg) an (20.15 Uhr).\u00a0 <\/span><\/p>\n<ul>\n<li><span style=\"font-size: 16px;\"><strong>Schiedsrichter: Florian Seufert (SG Wehrheim\/Pfaffenwiesbach). <\/strong><\/span><\/li>\n<li><span style=\"font-size: 16px;\"><strong>Zuschauer: 63. <\/strong><\/span><\/li>\n<li><span style=\"font-size: 16px;\"><strong>Tore: 0:1 Christos Papadopoulos (26.), 0:2 Cherano Willef\u00fchr (46.), 0:3 Deniz Yatci (89.).<\/strong><\/span><\/li>\n<li><span style=\"font-size: 16px;\"><strong>Bildergalerie: <\/strong>\u00a0<\/span><\/li>\n<\/ul>\n\n\n<figure class=\"wp-block-image size-large\"><img loading=\"lazy\" decoding=\"async\" width=\"1024\" height=\"768\" src=\"https:\/\/insideamateurfussball-ffm.de\/wp-content\/uploads\/2025\/07\/Seul-1-1024x768.jpg\" alt=\"\" class=\"wp-image-26500\" srcset=\"https:\/\/insideamateurfussball-ffm.de\/wp-content\/uploads\/2025\/07\/Seul-1-1024x768.jpg 1024w, https:\/\/insideamateurfussball-ffm.de\/wp-content\/uploads\/2025\/07\/Seul-1-300x225.jpg 300w, https:\/\/insideamateurfussball-ffm.de\/wp-content\/uploads\/2025\/07\/Seul-1-768x576.jpg 768w, https:\/\/insideamateurfussball-ffm.de\/wp-content\/uploads\/2025\/07\/Seul-1-1536x1152.jpg 1536w, https:\/\/insideamateurfussball-ffm.de\/wp-content\/uploads\/2025\/07\/Seul-1.jpg 2048w\" sizes=\"auto, (max-width: 1024px) 100vw, 1024px\" \/><\/figure>\n\n\n\n<figure class=\"wp-block-image size-large\"><img loading=\"lazy\" decoding=\"async\" width=\"1024\" height=\"768\" src=\"https:\/\/insideamateurfussball-ffm.de\/wp-content\/uploads\/2025\/07\/Seul-2-1024x768.jpg\" alt=\"\" class=\"wp-image-26501\" srcset=\"https:\/\/insideamateurfussball-ffm.de\/wp-content\/uploads\/2025\/07\/Seul-2-1024x768.jpg 1024w, https:\/\/insideamateurfussball-ffm.de\/wp-content\/uploads\/2025\/07\/Seul-2-300x225.jpg 300w, https:\/\/insideamateurfussball-ffm.de\/wp-content\/uploads\/2025\/07\/Seul-2-768x576.jpg 768w, https:\/\/insideamateurfussball-ffm.de\/wp-content\/uploads\/2025\/07\/Seul-2-1536x1152.jpg 1536w, https:\/\/insideamateurfussball-ffm.de\/wp-content\/uploads\/2025\/07\/Seul-2.jpg 2048w\" sizes=\"auto, (max-width: 1024px) 100vw, 1024px\" \/><\/figure>\n\n\n\n<figure class=\"wp-block-image size-large\"><img loading=\"lazy\" decoding=\"async\" width=\"1024\" height=\"768\" src=\"https:\/\/insideamateurfussball-ffm.de\/wp-content\/uploads\/2025\/07\/Seul-3-1024x768.jpg\" alt=\"\" class=\"wp-image-26502\" srcset=\"https:\/\/insideamateurfussball-ffm.de\/wp-content\/uploads\/2025\/07\/Seul-3-1024x768.jpg 1024w, https:\/\/insideamateurfussball-ffm.de\/wp-content\/uploads\/2025\/07\/Seul-3-300x225.jpg 300w, https:\/\/insideamateurfussball-ffm.de\/wp-content\/uploads\/2025\/07\/Seul-3-768x576.jpg 768w, https:\/\/insideamateurfussball-ffm.de\/wp-content\/uploads\/2025\/07\/Seul-3-1536x1152.jpg 1536w, https:\/\/insideamateurfussball-ffm.de\/wp-content\/uploads\/2025\/07\/Seul-3.jpg 2048w\" sizes=\"auto, (max-width: 1024px) 100vw, 1024px\" \/><\/figure>\n\n\n\n<figure class=\"wp-block-image size-large\"><img loading=\"lazy\" decoding=\"async\" width=\"1024\" height=\"768\" src=\"https:\/\/insideamateurfussball-ffm.de\/wp-content\/uploads\/2025\/07\/Seul-4-1024x768.jpg\" alt=\"\" class=\"wp-image-26503\" srcset=\"https:\/\/insideamateurfussball-ffm.de\/wp-content\/uploads\/2025\/07\/Seul-4-1024x768.jpg 1024w, https:\/\/insideamateurfussball-ffm.de\/wp-content\/uploads\/2025\/07\/Seul-4-300x225.jpg 300w, https:\/\/insideamateurfussball-ffm.de\/wp-content\/uploads\/2025\/07\/Seul-4-768x576.jpg 768w, https:\/\/insideamateurfussball-ffm.de\/wp-content\/uploads\/2025\/07\/Seul-4-1536x1152.jpg 1536w, https:\/\/insideamateurfussball-ffm.de\/wp-content\/uploads\/2025\/07\/Seul-4.jpg 2048w\" sizes=\"auto, (max-width: 1024px) 100vw, 1024px\" \/><\/figure>\n","protected":false},"excerpt":{"rendered":"<p>Der SV 07 Heddernheim begann seine Vorbereitung auf die n\u00e4chste Saison in der Kreisoberliga mit einem 3:0-Sieg im Hochtaunuskreis beim SV Seulberg. Beim dortigen Kreisoberligisten traten die Heddernheimer mit neuer Trikotfarbe und einigen neuen, aber auch altbekannten Gesichtern an, die den Weg zur\u00fcck an die Br\u00fchlwiese gefunden haben.\u00a0 SV Seulberg &#8211; SV 07 Heddernheim 0:3 [&hellip;]<\/p>\n","protected":false},"author":1,"featured_media":26498,"comment_status":"closed","ping_status":"closed","sticky":true,"template":"","format":"standard","meta":{"footnotes":""},"categories":[21],"tags":[],"class_list":["post-26497","post","type-post","status-publish","format-standard","has-post-thumbnail","hentry","category-testspiele"],"_links":{"self":[{"href":"https:\/\/insideamateurfussball-ffm.de\/index.php?rest_route=\/wp\/v2\/posts\/26497","targetHints":{"allow":["GET"]}}],"collection":[{"href":"https:\/\/insideamateurfussball-ffm.de\/index.php?rest_route=\/wp\/v2\/posts"}],"about":[{"href":"https:\/\/insideamateurfussball-ffm.de\/index.php?rest_route=\/wp\/v2\/types\/post"}],"author":[{"embeddable":true,"href":"https:\/\/insideamateurfussball-ffm.de\/index.php?rest_route=\/wp\/v2\/users\/1"}],"replies":[{"embeddable":true,"href":"https:\/\/insideamateurfussball-ffm.de\/index.php?rest_route=%2Fwp%2Fv2%2Fcomments&post=26497"}],"version-history":[{"count":2,"href":"https:\/\/insideamateurfussball-ffm.de\/index.php?rest_route=\/wp\/v2\/posts\/26497\/revisions"}],"predecessor-version":[{"id":26505,"href":"https:\/\/insideamateurfussball-ffm.de\/index.php?rest_route=\/wp\/v2\/posts\/26497\/revisions\/26505"}],"wp:featuredmedia":[{"embeddable":true,"href":"https:\/\/insideamateurfussball-ffm.de\/index.php?rest_route=\/wp\/v2\/media\/26498"}],"wp:attachment":[{"href":"https:\/\/insideamateurfussball-ffm.de\/index.php?rest_route=%2Fwp%2Fv2%2Fmedia&parent=26497"}],"wp:term":[{"taxonomy":"category","embeddable":true,"href":"https:\/\/insideamateurfussball-ffm.de\/index.php?rest_route=%2Fwp%2Fv2%2Fcategories&post=26497"},{"taxonomy":"post_tag","embeddable":true,"href":"https:\/\/insideamateurfussball-ffm.de\/index.php?rest_route=%2Fwp%2Fv2%2Ftags&post=26497"}],"curies":[{"name":"wp","href":"https:\/\/api.w.org\/{rel}","templated":true}]}}