{"id":26472,"date":"2025-07-07T14:40:00","date_gmt":"2025-07-07T13:40:00","guid":{"rendered":"https:\/\/insideamateurfussball-ffm.de\/?p=26472"},"modified":"2025-07-08T09:27:38","modified_gmt":"2025-07-08T08:27:38","slug":"freie-turner-wiesbaden-bei-blau-gelb-zu-gast","status":"publish","type":"post","link":"https:\/\/insideamateurfussball-ffm.de\/?p=26472","title":{"rendered":"Freie Turner Wiesbaden bei Blau-Gelb zu Gast"},"content":{"rendered":"<h5><span style=\"font-size: 16px;\">Dritte Station am Samstag war das Ginnheimer W\u00e4ldchen, wo mit den Freien Turnern aus Wiesbaden der Tabellenachte der dortigen Kreisoberliga gastierte. Der Frankfurter A-Ligist SV Blau-Gelb machte den Klassenunterschied wett und gewann mit 2:1 (2:1).\u00a0<\/span><\/h5>\n<figure id=\"attachment_26473\" aria-describedby=\"caption-attachment-26473\" style=\"width: 150px\" class=\"wp-caption alignleft\"><img loading=\"lazy\" decoding=\"async\" class=\"wp-image-26473 size-thumbnail\" src=\"http:\/\/insideamateurfussball-ffm.de\/wp-content\/uploads\/2025\/07\/blau-gelb5-150x150.jpg\" alt=\"\" width=\"150\" height=\"150\" \/><figcaption id=\"caption-attachment-26473\" class=\"wp-caption-text\">Die Freien Turner Wiesbaden waren am Ginnheimer W\u00e4ldchen zu Gast. Foto: PA.<\/figcaption><\/figure>\n<h5><span style=\"font-size: 16px;\">SV Blau-Gelb &#8211; Freie Turner Wiesbaden 2:1 (2:1)\u00a0<\/span><\/h5>\n<p><img loading=\"lazy\" decoding=\"async\" class=\"alignnone size-full wp-image-355\" src=\"http:\/\/insideamateurfussball-ffm.de\/wp-content\/uploads\/2022\/05\/Blau-Gelb.jpg\" alt=\"\" width=\"79\" height=\"80\" \/><img loading=\"lazy\" decoding=\"async\" class=\"alignnone size-full wp-image-26474\" src=\"http:\/\/insideamateurfussball-ffm.de\/wp-content\/uploads\/2025\/07\/ftw.jpg\" alt=\"\" width=\"80\" height=\"80\" \/><\/p>\n<p><span style=\"font-size: 16px;\">Weiter ging es 500 Meter weiter zum Ginnheimer W\u00e4ldchen zu meinem ehemaligen Jugendverein Blau-Gelb. Zu Gast beim Frankfurter A-Ligisten waren die Freien Turner, Kreisoberligist aus Wiesbaden. Hitzig ging es vor allem nach dem Seitenwechsel zu, der Schiedsrichter schaute einer Rudelbildung gelassen zu, ohne gro\u00df zu reagieren. Erst als er mit einem Sonderbericht drohte, kehrte die Vernunft bei den Akteuren ein. Blau-Gelb hat eine entwicklungsf\u00e4hige junge Mannschaft, die man gerne wieder in der KOL sehen w\u00fcrde. Um aus der A-Liga aufzusteigen, ben\u00f6tigt man aber Konstanz, im Vorjahr war man Dritter, davor Zweiter und scheiterte dramatisch in der letzten Minute der Relegation.<\/span><\/p>\n<ul>\n<li><strong><span style=\"font-size: 16px;\">Schiedsrichter: Elvedin Vranesevic (SV Bosnien\/Herzegowina).\u00a0<\/span><\/strong><\/li>\n<li><strong><span style=\"font-size: 16px;\">Zuschauer: 43.\u00a0<\/span><\/strong><\/li>\n<li><strong><span style=\"font-size: 16px;\">Tore: 0:1 Tim Schwarz (13.), 1:1 Benjamin Risse (27.), 2:1 Gero Bungard (35.).<\/span><\/strong><\/li>\n<li><strong><span style=\"font-size: 16px;\">Bildergalerie: Mithat G\u00fcrser.\u00a0<\/span><\/strong><\/li>\n<\/ul>\n\n\n<figure class=\"wp-block-gallery has-nested-images columns-default is-cropped wp-block-gallery-1 is-layout-flex wp-block-gallery-is-layout-flex\">\n<figure class=\"wp-block-image size-large\"><img loading=\"lazy\" decoding=\"async\" width=\"905\" height=\"591\" data-id=\"26473\" src=\"https:\/\/insideamateurfussball-ffm.de\/wp-content\/uploads\/2025\/07\/blau-gelb5.jpg\" alt=\"\" class=\"wp-image-26473\" srcset=\"https:\/\/insideamateurfussball-ffm.de\/wp-content\/uploads\/2025\/07\/blau-gelb5.jpg 905w, https:\/\/insideamateurfussball-ffm.de\/wp-content\/uploads\/2025\/07\/blau-gelb5-300x196.jpg 300w, https:\/\/insideamateurfussball-ffm.de\/wp-content\/uploads\/2025\/07\/blau-gelb5-768x502.jpg 768w\" sizes=\"auto, (max-width: 905px) 100vw, 905px\" \/><\/figure>\n<\/figure>\n\n\n\n<figure class=\"wp-block-image size-full\"><img loading=\"lazy\" decoding=\"async\" width=\"886\" height=\"661\" src=\"https:\/\/insideamateurfussball-ffm.de\/wp-content\/uploads\/2025\/07\/blau-gelb10.jpg\" alt=\"\" class=\"wp-image-26475\" srcset=\"https:\/\/insideamateurfussball-ffm.de\/wp-content\/uploads\/2025\/07\/blau-gelb10.jpg 886w, https:\/\/insideamateurfussball-ffm.de\/wp-content\/uploads\/2025\/07\/blau-gelb10-300x224.jpg 300w, https:\/\/insideamateurfussball-ffm.de\/wp-content\/uploads\/2025\/07\/blau-gelb10-768x573.jpg 768w\" sizes=\"auto, (max-width: 886px) 100vw, 886px\" \/><\/figure>\n\n\n\n<figure class=\"wp-block-gallery has-nested-images columns-default is-cropped wp-block-gallery-2 is-layout-flex wp-block-gallery-is-layout-flex\">\n<figure class=\"wp-block-image size-large\"><img loading=\"lazy\" decoding=\"async\" width=\"886\" height=\"624\" data-id=\"26476\" src=\"https:\/\/insideamateurfussball-ffm.de\/wp-content\/uploads\/2025\/07\/blau-gelb15.jpg\" alt=\"\" class=\"wp-image-26476\" srcset=\"https:\/\/insideamateurfussball-ffm.de\/wp-content\/uploads\/2025\/07\/blau-gelb15.jpg 886w, https:\/\/insideamateurfussball-ffm.de\/wp-content\/uploads\/2025\/07\/blau-gelb15-300x211.jpg 300w, https:\/\/insideamateurfussball-ffm.de\/wp-content\/uploads\/2025\/07\/blau-gelb15-768x541.jpg 768w\" sizes=\"auto, (max-width: 886px) 100vw, 886px\" \/><\/figure>\n<\/figure>\n\n\n\n<figure class=\"wp-block-gallery has-nested-images columns-default is-cropped wp-block-gallery-3 is-layout-flex wp-block-gallery-is-layout-flex\">\n<figure class=\"wp-block-image size-large\"><img loading=\"lazy\" decoding=\"async\" width=\"905\" height=\"591\" data-id=\"26477\" src=\"https:\/\/insideamateurfussball-ffm.de\/wp-content\/uploads\/2025\/07\/blau-gelb4.jpg\" alt=\"\" class=\"wp-image-26477\" srcset=\"https:\/\/insideamateurfussball-ffm.de\/wp-content\/uploads\/2025\/07\/blau-gelb4.jpg 905w, https:\/\/insideamateurfussball-ffm.de\/wp-content\/uploads\/2025\/07\/blau-gelb4-300x196.jpg 300w, https:\/\/insideamateurfussball-ffm.de\/wp-content\/uploads\/2025\/07\/blau-gelb4-768x502.jpg 768w\" sizes=\"auto, (max-width: 905px) 100vw, 905px\" \/><\/figure>\n<\/figure>\n\n\n\n<figure class=\"wp-block-gallery has-nested-images columns-default is-cropped wp-block-gallery-4 is-layout-flex wp-block-gallery-is-layout-flex\">\n<figure class=\"wp-block-image size-large\"><img loading=\"lazy\" decoding=\"async\" width=\"886\" height=\"617\" data-id=\"26478\" src=\"https:\/\/insideamateurfussball-ffm.de\/wp-content\/uploads\/2025\/07\/blau-gelb9.jpg\" alt=\"\" class=\"wp-image-26478\" srcset=\"https:\/\/insideamateurfussball-ffm.de\/wp-content\/uploads\/2025\/07\/blau-gelb9.jpg 886w, https:\/\/insideamateurfussball-ffm.de\/wp-content\/uploads\/2025\/07\/blau-gelb9-300x209.jpg 300w, https:\/\/insideamateurfussball-ffm.de\/wp-content\/uploads\/2025\/07\/blau-gelb9-768x535.jpg 768w\" sizes=\"auto, (max-width: 886px) 100vw, 886px\" \/><\/figure>\n<\/figure>\n\n\n\n<figure class=\"wp-block-gallery has-nested-images columns-default is-cropped wp-block-gallery-5 is-layout-flex wp-block-gallery-is-layout-flex\">\n<figure class=\"wp-block-image size-large\"><img loading=\"lazy\" decoding=\"async\" width=\"886\" height=\"712\" data-id=\"26479\" src=\"https:\/\/insideamateurfussball-ffm.de\/wp-content\/uploads\/2025\/07\/blau-gelb14.jpg\" alt=\"\" class=\"wp-image-26479\" srcset=\"https:\/\/insideamateurfussball-ffm.de\/wp-content\/uploads\/2025\/07\/blau-gelb14.jpg 886w, https:\/\/insideamateurfussball-ffm.de\/wp-content\/uploads\/2025\/07\/blau-gelb14-300x241.jpg 300w, https:\/\/insideamateurfussball-ffm.de\/wp-content\/uploads\/2025\/07\/blau-gelb14-768x617.jpg 768w\" sizes=\"auto, (max-width: 886px) 100vw, 886px\" \/><\/figure>\n<\/figure>\n\n\n\n<figure class=\"wp-block-gallery has-nested-images columns-default is-cropped wp-block-gallery-6 is-layout-flex wp-block-gallery-is-layout-flex\">\n<figure class=\"wp-block-image size-large\"><img loading=\"lazy\" decoding=\"async\" width=\"886\" height=\"629\" data-id=\"26480\" src=\"https:\/\/insideamateurfussball-ffm.de\/wp-content\/uploads\/2025\/07\/blau-gelb3.jpg\" alt=\"\" class=\"wp-image-26480\" srcset=\"https:\/\/insideamateurfussball-ffm.de\/wp-content\/uploads\/2025\/07\/blau-gelb3.jpg 886w, https:\/\/insideamateurfussball-ffm.de\/wp-content\/uploads\/2025\/07\/blau-gelb3-300x213.jpg 300w, https:\/\/insideamateurfussball-ffm.de\/wp-content\/uploads\/2025\/07\/blau-gelb3-768x545.jpg 768w\" sizes=\"auto, (max-width: 886px) 100vw, 886px\" \/><\/figure>\n<\/figure>\n\n\n\n<figure class=\"wp-block-gallery has-nested-images columns-default is-cropped wp-block-gallery-7 is-layout-flex wp-block-gallery-is-layout-flex\">\n<figure class=\"wp-block-image size-large\"><img loading=\"lazy\" decoding=\"async\" width=\"886\" height=\"611\" data-id=\"26481\" src=\"https:\/\/insideamateurfussball-ffm.de\/wp-content\/uploads\/2025\/07\/blau-gelb8.jpg\" alt=\"\" class=\"wp-image-26481\" srcset=\"https:\/\/insideamateurfussball-ffm.de\/wp-content\/uploads\/2025\/07\/blau-gelb8.jpg 886w, https:\/\/insideamateurfussball-ffm.de\/wp-content\/uploads\/2025\/07\/blau-gelb8-300x207.jpg 300w, https:\/\/insideamateurfussball-ffm.de\/wp-content\/uploads\/2025\/07\/blau-gelb8-768x530.jpg 768w\" sizes=\"auto, (max-width: 886px) 100vw, 886px\" \/><\/figure>\n<\/figure>\n\n\n\n<figure class=\"wp-block-gallery has-nested-images columns-default is-cropped wp-block-gallery-8 is-layout-flex wp-block-gallery-is-layout-flex\">\n<figure class=\"wp-block-image size-large\"><img loading=\"lazy\" decoding=\"async\" width=\"886\" height=\"680\" data-id=\"26482\" src=\"https:\/\/insideamateurfussball-ffm.de\/wp-content\/uploads\/2025\/07\/blau-gelb13.jpg\" alt=\"\" class=\"wp-image-26482\" srcset=\"https:\/\/insideamateurfussball-ffm.de\/wp-content\/uploads\/2025\/07\/blau-gelb13.jpg 886w, https:\/\/insideamateurfussball-ffm.de\/wp-content\/uploads\/2025\/07\/blau-gelb13-300x230.jpg 300w, https:\/\/insideamateurfussball-ffm.de\/wp-content\/uploads\/2025\/07\/blau-gelb13-768x589.jpg 768w\" sizes=\"auto, (max-width: 886px) 100vw, 886px\" \/><\/figure>\n<\/figure>\n\n\n\n<figure class=\"wp-block-image size-full\"><img loading=\"lazy\" decoding=\"async\" width=\"886\" height=\"591\" src=\"https:\/\/insideamateurfussball-ffm.de\/wp-content\/uploads\/2025\/07\/blau-gelb2.jpg\" alt=\"\" class=\"wp-image-26483\" srcset=\"https:\/\/insideamateurfussball-ffm.de\/wp-content\/uploads\/2025\/07\/blau-gelb2.jpg 886w, https:\/\/insideamateurfussball-ffm.de\/wp-content\/uploads\/2025\/07\/blau-gelb2-300x200.jpg 300w, https:\/\/insideamateurfussball-ffm.de\/wp-content\/uploads\/2025\/07\/blau-gelb2-768x512.jpg 768w\" sizes=\"auto, (max-width: 886px) 100vw, 886px\" \/><\/figure>\n\n\n\n<figure class=\"wp-block-gallery has-nested-images columns-default is-cropped wp-block-gallery-9 is-layout-flex wp-block-gallery-is-layout-flex\">\n<figure class=\"wp-block-image size-large\"><img loading=\"lazy\" decoding=\"async\" width=\"1024\" height=\"701\" data-id=\"26484\" src=\"https:\/\/insideamateurfussball-ffm.de\/wp-content\/uploads\/2025\/07\/blau-gelb7-1024x701.jpg\" alt=\"\" class=\"wp-image-26484\" srcset=\"https:\/\/insideamateurfussball-ffm.de\/wp-content\/uploads\/2025\/07\/blau-gelb7-1024x701.jpg 1024w, https:\/\/insideamateurfussball-ffm.de\/wp-content\/uploads\/2025\/07\/blau-gelb7-300x205.jpg 300w, https:\/\/insideamateurfussball-ffm.de\/wp-content\/uploads\/2025\/07\/blau-gelb7-768x526.jpg 768w, https:\/\/insideamateurfussball-ffm.de\/wp-content\/uploads\/2025\/07\/blau-gelb7.jpg 1093w\" sizes=\"auto, (max-width: 1024px) 100vw, 1024px\" \/><\/figure>\n<\/figure>\n\n\n\n<figure class=\"wp-block-gallery has-nested-images columns-default is-cropped wp-block-gallery-10 is-layout-flex wp-block-gallery-is-layout-flex\">\n<figure class=\"wp-block-image size-large\"><img loading=\"lazy\" decoding=\"async\" width=\"886\" height=\"641\" data-id=\"26485\" src=\"https:\/\/insideamateurfussball-ffm.de\/wp-content\/uploads\/2025\/07\/blau-gelb12.jpg\" alt=\"\" class=\"wp-image-26485\" srcset=\"https:\/\/insideamateurfussball-ffm.de\/wp-content\/uploads\/2025\/07\/blau-gelb12.jpg 886w, https:\/\/insideamateurfussball-ffm.de\/wp-content\/uploads\/2025\/07\/blau-gelb12-300x217.jpg 300w, https:\/\/insideamateurfussball-ffm.de\/wp-content\/uploads\/2025\/07\/blau-gelb12-768x556.jpg 768w\" sizes=\"auto, (max-width: 886px) 100vw, 886px\" \/><\/figure>\n<\/figure>\n\n\n\n<figure class=\"wp-block-gallery has-nested-images columns-default is-cropped wp-block-gallery-11 is-layout-flex wp-block-gallery-is-layout-flex\">\n<figure class=\"wp-block-image size-large\"><img loading=\"lazy\" decoding=\"async\" width=\"948\" height=\"591\" data-id=\"26486\" src=\"https:\/\/insideamateurfussball-ffm.de\/wp-content\/uploads\/2025\/07\/blau-gelb1.jpg\" alt=\"\" class=\"wp-image-26486\" srcset=\"https:\/\/insideamateurfussball-ffm.de\/wp-content\/uploads\/2025\/07\/blau-gelb1.jpg 948w, https:\/\/insideamateurfussball-ffm.de\/wp-content\/uploads\/2025\/07\/blau-gelb1-300x187.jpg 300w, https:\/\/insideamateurfussball-ffm.de\/wp-content\/uploads\/2025\/07\/blau-gelb1-768x479.jpg 768w\" sizes=\"auto, (max-width: 948px) 100vw, 948px\" \/><\/figure>\n<\/figure>\n\n\n\n<figure class=\"wp-block-gallery has-nested-images columns-default is-cropped wp-block-gallery-12 is-layout-flex wp-block-gallery-is-layout-flex\">\n<figure class=\"wp-block-image size-large\"><img loading=\"lazy\" decoding=\"async\" width=\"886\" height=\"640\" data-id=\"26487\" src=\"https:\/\/insideamateurfussball-ffm.de\/wp-content\/uploads\/2025\/07\/blau-gelb6.jpg\" alt=\"\" class=\"wp-image-26487\" srcset=\"https:\/\/insideamateurfussball-ffm.de\/wp-content\/uploads\/2025\/07\/blau-gelb6.jpg 886w, https:\/\/insideamateurfussball-ffm.de\/wp-content\/uploads\/2025\/07\/blau-gelb6-300x217.jpg 300w, https:\/\/insideamateurfussball-ffm.de\/wp-content\/uploads\/2025\/07\/blau-gelb6-768x555.jpg 768w\" sizes=\"auto, (max-width: 886px) 100vw, 886px\" \/><\/figure>\n<\/figure>\n\n\n\n<figure class=\"wp-block-gallery has-nested-images columns-default is-cropped wp-block-gallery-13 is-layout-flex wp-block-gallery-is-layout-flex\">\n<figure class=\"wp-block-image size-large\"><img loading=\"lazy\" decoding=\"async\" width=\"886\" height=\"622\" data-id=\"26488\" src=\"https:\/\/insideamateurfussball-ffm.de\/wp-content\/uploads\/2025\/07\/blau-gelb11.jpg\" alt=\"\" class=\"wp-image-26488\" srcset=\"https:\/\/insideamateurfussball-ffm.de\/wp-content\/uploads\/2025\/07\/blau-gelb11.jpg 886w, https:\/\/insideamateurfussball-ffm.de\/wp-content\/uploads\/2025\/07\/blau-gelb11-300x211.jpg 300w, https:\/\/insideamateurfussball-ffm.de\/wp-content\/uploads\/2025\/07\/blau-gelb11-768x539.jpg 768w\" sizes=\"auto, (max-width: 886px) 100vw, 886px\" \/><\/figure>\n<\/figure>\n\n\n\n<figure class=\"wp-block-gallery has-nested-images columns-default is-cropped wp-block-gallery-14 is-layout-flex wp-block-gallery-is-layout-flex\">\n<figure class=\"wp-block-image size-large\"><img loading=\"lazy\" decoding=\"async\" width=\"886\" height=\"619\" data-id=\"26489\" src=\"https:\/\/insideamateurfussball-ffm.de\/wp-content\/uploads\/2025\/07\/trainer-blau-gelb-sascha-.jpg\" alt=\"\" class=\"wp-image-26489\" srcset=\"https:\/\/insideamateurfussball-ffm.de\/wp-content\/uploads\/2025\/07\/trainer-blau-gelb-sascha-.jpg 886w, https:\/\/insideamateurfussball-ffm.de\/wp-content\/uploads\/2025\/07\/trainer-blau-gelb-sascha--300x210.jpg 300w, https:\/\/insideamateurfussball-ffm.de\/wp-content\/uploads\/2025\/07\/trainer-blau-gelb-sascha--768x537.jpg 768w\" sizes=\"auto, (max-width: 886px) 100vw, 886px\" \/><\/figure>\n<\/figure>\n","protected":false},"excerpt":{"rendered":"<p>Dritte Station am Samstag war das Ginnheimer W\u00e4ldchen, wo mit den Freien Turnern aus Wiesbaden der Tabellenachte der dortigen Kreisoberliga gastierte. Der Frankfurter A-Ligist SV Blau-Gelb machte den Klassenunterschied wett und gewann mit 2:1 (2:1).\u00a0 SV Blau-Gelb &#8211; Freie Turner Wiesbaden 2:1 (2:1)\u00a0 Weiter ging es 500 Meter weiter zum Ginnheimer W\u00e4ldchen zu meinem ehemaligen [&hellip;]<\/p>\n","protected":false},"author":1,"featured_media":26473,"comment_status":"closed","ping_status":"open","sticky":true,"template":"","format":"standard","meta":{"footnotes":""},"categories":[21],"tags":[],"class_list":["post-26472","post","type-post","status-publish","format-standard","has-post-thumbnail","hentry","category-testspiele"],"_links":{"self":[{"href":"https:\/\/insideamateurfussball-ffm.de\/index.php?rest_route=\/wp\/v2\/posts\/26472","targetHints":{"allow":["GET"]}}],"collection":[{"href":"https:\/\/insideamateurfussball-ffm.de\/index.php?rest_route=\/wp\/v2\/posts"}],"about":[{"href":"https:\/\/insideamateurfussball-ffm.de\/index.php?rest_route=\/wp\/v2\/types\/post"}],"author":[{"embeddable":true,"href":"https:\/\/insideamateurfussball-ffm.de\/index.php?rest_route=\/wp\/v2\/users\/1"}],"replies":[{"embeddable":true,"href":"https:\/\/insideamateurfussball-ffm.de\/index.php?rest_route=%2Fwp%2Fv2%2Fcomments&post=26472"}],"version-history":[{"count":2,"href":"https:\/\/insideamateurfussball-ffm.de\/index.php?rest_route=\/wp\/v2\/posts\/26472\/revisions"}],"predecessor-version":[{"id":26496,"href":"https:\/\/insideamateurfussball-ffm.de\/index.php?rest_route=\/wp\/v2\/posts\/26472\/revisions\/26496"}],"wp:featuredmedia":[{"embeddable":true,"href":"https:\/\/insideamateurfussball-ffm.de\/index.php?rest_route=\/wp\/v2\/media\/26473"}],"wp:attachment":[{"href":"https:\/\/insideamateurfussball-ffm.de\/index.php?rest_route=%2Fwp%2Fv2%2Fmedia&parent=26472"}],"wp:term":[{"taxonomy":"category","embeddable":true,"href":"https:\/\/insideamateurfussball-ffm.de\/index.php?rest_route=%2Fwp%2Fv2%2Fcategories&post=26472"},{"taxonomy":"post_tag","embeddable":true,"href":"https:\/\/insideamateurfussball-ffm.de\/index.php?rest_route=%2Fwp%2Fv2%2Ftags&post=26472"}],"curies":[{"name":"wp","href":"https:\/\/api.w.org\/{rel}","templated":true}]}}