{"id":26402,"date":"2025-07-04T13:56:04","date_gmt":"2025-07-04T12:56:04","guid":{"rendered":"https:\/\/insideamateurfussball-ffm.de\/?p=26402"},"modified":"2025-07-04T13:56:04","modified_gmt":"2025-07-04T12:56:04","slug":"fechenheim-peilt-mit-neuem-trainer-die-top-5-an","status":"publish","type":"post","link":"https:\/\/insideamateurfussball-ffm.de\/?p=26402","title":{"rendered":"Fechenheim peilt mit neuem Trainer die Top-5 an"},"content":{"rendered":"<h4>Die Spvgg. 03 Fechenheim geht mit dem neuen Trainer Necip Incesu und 12 neuen Spielern in die kommende Saison, Zielsetzung ist ein Platz unter den ersten 5, die Fragen beantwortete uns Trainer Incesu.<\/h4>\n<figure id=\"attachment_26403\" aria-describedby=\"caption-attachment-26403\" style=\"width: 1600px\" class=\"wp-caption alignnone\"><img loading=\"lazy\" decoding=\"async\" class=\"wp-image-26403 size-full\" src=\"http:\/\/insideamateurfussball-ffm.de\/wp-content\/uploads\/2025\/07\/Neuzugaenge.jpg\" alt=\"\" width=\"1600\" height=\"1066\" srcset=\"https:\/\/insideamateurfussball-ffm.de\/wp-content\/uploads\/2025\/07\/Neuzugaenge.jpg 1600w, https:\/\/insideamateurfussball-ffm.de\/wp-content\/uploads\/2025\/07\/Neuzugaenge-300x200.jpg 300w, https:\/\/insideamateurfussball-ffm.de\/wp-content\/uploads\/2025\/07\/Neuzugaenge-1024x682.jpg 1024w, https:\/\/insideamateurfussball-ffm.de\/wp-content\/uploads\/2025\/07\/Neuzugaenge-768x512.jpg 768w, https:\/\/insideamateurfussball-ffm.de\/wp-content\/uploads\/2025\/07\/Neuzugaenge-1536x1023.jpg 1536w\" sizes=\"auto, (max-width: 1600px) 100vw, 1600px\" \/><figcaption id=\"caption-attachment-26403\" class=\"wp-caption-text\">Die Neuzug\u00e4nge der Spvgg. 03 Fechenheim scharen sich um ihren neuen Trainer Necip Incesu. Foto: Verein<\/figcaption><\/figure>\n<p><img loading=\"lazy\" decoding=\"async\" class=\"alignnone size-full wp-image-603\" src=\"http:\/\/insideamateurfussball-ffm.de\/wp-content\/uploads\/2022\/06\/Fech03.jpg\" alt=\"\" width=\"52\" height=\"80\" \/><\/p>\n<p>In der letzten Saison hatte die offensivstarke Spvgg. 03 Fechenheim lange um den Relegationsplatz mitgek\u00e4mpft, ehe eine Schw\u00e4cheperiode am Ende der Saison die Mannschaft noch auf den 7.Tabellenplatz abst\u00fcrzen lie\u00df. Nach mehreren namhaften Abg\u00e4ngen und 12 Neuzug\u00e4ngen hat der neue Trainer Necip Incesu die Aufgabe \u00fcbernommen, wieder eine starke Einheit zu formen, die oben mitspielen kann und den angestrebten Top5-Platz erreichen kann.<\/p>\n<p><strong><u>Was erwartet ihr von der neuen Saison, wie lautet euer Saisonziel?<\/u><\/strong><\/p>\n<p>Nach den Abg\u00e4ngen verschiebt sich die Mannschaftshierarchie. Andere Spieler werden in die F\u00fchrungsrolle schl\u00fcpfen. Wir werden mehr \u00fcber die mannschaftliche Geschlossenheit, Ordnung und Disziplin kommen, ohne die individuellen St\u00e4rken einzuschr\u00e4nken. Wir wollen unter die ersten F\u00fcnf kommen, besser als letzte Saison.<\/p>\n<p><strong><u>Welche Zu- und Abg\u00e4nge habt ihr Stand jetzt zu verzeichnen?<\/u><\/strong><\/p>\n<p>Zug\u00e4nge:<\/p>\n<ul>\n<li>Ihab Sulejman (FC Kalbach)<\/li>\n<li>Ali Wardak (Spvgg. 05 Oberrad)<\/li>\n<li>Filip Bogdanovic (Spvgg. 05\/99 Bomber Bad Homburg)<\/li>\n<li>Sanih Nasic (VfR Kesselstadt)<\/li>\n<li>Tim Stahl (SG Bornheim)<\/li>\n<li>Simon Siebertz (SG Bornheim)<\/li>\n<li>Nadir Azaouaghi (FSV Bergen)<\/li>\n<li>Naved (Sportfreunde 04)<\/li>\n<li>Yassin Lahchaychi (BSC SW 1919)<\/li>\n<li>Steffen Janke (FC Karben)<\/li>\n<li>Samuel Mohammadi (RW Frankfurt U19)<\/li>\n<li>Joshua Nti Mensah (VfB Offenbach)<\/li>\n<\/ul>\n<p>Abg\u00e4nge:<\/p>\n<ul>\n<li>Ouassim Ouass (TV Dreieichenhain)<\/li>\n<li>Julen Herman (FC Neu-Amspach)<\/li>\n<li>Kevin Weber (TV Dreieichenhain)<\/li>\n<li>Ibrahim Camara (Enkheim)<\/li>\n<li>Khaleb Elyassou (Enkheim)<\/li>\n<\/ul>\n<p><strong><u>Wer sind f\u00fcr euch die Favoriten in der Liga?<\/u><\/strong><\/p>\n<p>Favoriten sind Friedrichsdorf, Bosnier Ffm, T\u00fcrk Bad Nauheim und Beienheim.<\/p>\n<p><strong><u>Wie ist Eure Meinung zur neuen Auswechselregelung in Hessens Amateurfu\u00dfball (5 Wechsel maximal inkl. R\u00fcckwechsel)?<\/u><\/strong><\/p>\n<p>Es \u00e4ndert sich nicht viel. Ob man wieder r\u00fcckwechseln kann, h\u00e4ngt auch davon ab, wieviel Qualit\u00e4t man auf der Bank hat. Wenn 5 oder 6 gute Leute auf der Bank sitzen, muss man nicht unbedingt wieder r\u00fcckwechseln.<\/p>\n<p><strong><u>Testspiele (nach fussball.de)<\/u><\/strong><\/p>\n<p>03.07.2025, 20:00 Uhr: Spvgg. 03 Fechenheim \u2013 FC Ober-Rosbach 11:0<\/p>\n<p>06.07.2025, 17:00 Uhr: Spvgg. 03 Fechenheim &#8211; Kickers Offenbach II<\/p>\n<p>13.07.2025, 17:00 Uhr: Spvgg. 03 Fechenheim \u2013 OSC Rosenh\u00f6he<\/p>\n<p>20.07.2025, 17:30 Uhr: Spvgg. 03 Fechenheim \u2013 FV Bad Vilbel<\/p>\n<p>27.07.2025, 16:00 Uhr: Spvgg. 03 Fechenheim \u2013 SG Bornheim<\/p>\n<p>Vorauss. 01.08.2025: Spvgg. 03 Fechenheim \u2013 Spvgg. 05 Oberrad (1.Spieltag)<\/p>\n","protected":false},"excerpt":{"rendered":"<p>Die Spvgg. 03 Fechenheim geht mit dem neuen Trainer Necip Incesu und 12 neuen Spielern in die kommende Saison, Zielsetzung ist ein Platz unter den ersten 5, die Fragen beantwortete uns Trainer Incesu. In der letzten Saison hatte die offensivstarke Spvgg. 03 Fechenheim lange um den Relegationsplatz mitgek\u00e4mpft, ehe eine Schw\u00e4cheperiode am Ende der Saison [&hellip;]<\/p>\n","protected":false},"author":3,"featured_media":26403,"comment_status":"closed","ping_status":"open","sticky":true,"template":"","format":"standard","meta":{"footnotes":""},"categories":[13],"tags":[],"class_list":["post-26402","post","type-post","status-publish","format-standard","has-post-thumbnail","hentry","category-gruppenliga-frankfurt-west"],"_links":{"self":[{"href":"https:\/\/insideamateurfussball-ffm.de\/index.php?rest_route=\/wp\/v2\/posts\/26402","targetHints":{"allow":["GET"]}}],"collection":[{"href":"https:\/\/insideamateurfussball-ffm.de\/index.php?rest_route=\/wp\/v2\/posts"}],"about":[{"href":"https:\/\/insideamateurfussball-ffm.de\/index.php?rest_route=\/wp\/v2\/types\/post"}],"author":[{"embeddable":true,"href":"https:\/\/insideamateurfussball-ffm.de\/index.php?rest_route=\/wp\/v2\/users\/3"}],"replies":[{"embeddable":true,"href":"https:\/\/insideamateurfussball-ffm.de\/index.php?rest_route=%2Fwp%2Fv2%2Fcomments&post=26402"}],"version-history":[{"count":3,"href":"https:\/\/insideamateurfussball-ffm.de\/index.php?rest_route=\/wp\/v2\/posts\/26402\/revisions"}],"predecessor-version":[{"id":26406,"href":"https:\/\/insideamateurfussball-ffm.de\/index.php?rest_route=\/wp\/v2\/posts\/26402\/revisions\/26406"}],"wp:featuredmedia":[{"embeddable":true,"href":"https:\/\/insideamateurfussball-ffm.de\/index.php?rest_route=\/wp\/v2\/media\/26403"}],"wp:attachment":[{"href":"https:\/\/insideamateurfussball-ffm.de\/index.php?rest_route=%2Fwp%2Fv2%2Fmedia&parent=26402"}],"wp:term":[{"taxonomy":"category","embeddable":true,"href":"https:\/\/insideamateurfussball-ffm.de\/index.php?rest_route=%2Fwp%2Fv2%2Fcategories&post=26402"},{"taxonomy":"post_tag","embeddable":true,"href":"https:\/\/insideamateurfussball-ffm.de\/index.php?rest_route=%2Fwp%2Fv2%2Ftags&post=26402"}],"curies":[{"name":"wp","href":"https:\/\/api.w.org\/{rel}","templated":true}]}}