{"id":26392,"date":"2025-07-03T09:33:24","date_gmt":"2025-07-03T08:33:24","guid":{"rendered":"https:\/\/insideamateurfussball-ffm.de\/?p=26392"},"modified":"2025-07-03T09:33:24","modified_gmt":"2025-07-03T08:33:24","slug":"fg-seckbach-will-vorjahresplatzierung-bestaetigen","status":"publish","type":"post","link":"https:\/\/insideamateurfussball-ffm.de\/?p=26392","title":{"rendered":"FG Seckbach will Vorjahresplatzierung best\u00e4tigen"},"content":{"rendered":"<h4>Der Frankfurter Kreispokalsieger FG Seckbach m\u00f6chte nach seinem 5.Platz in der vorigen Saison dieses Ergebnis best\u00e4tigen. Die Fragen beantwortete uns Spielausschuss-Vorsitzender Jo Nareike.<\/h4>\n<figure id=\"attachment_26116\" aria-describedby=\"caption-attachment-26116\" style=\"width: 886px\" class=\"wp-caption alignnone\"><img loading=\"lazy\" decoding=\"async\" class=\"wp-image-26116 size-full\" src=\"http:\/\/insideamateurfussball-ffm.de\/wp-content\/uploads\/2025\/06\/pok32-1.jpg\" alt=\"\" width=\"886\" height=\"527\" srcset=\"https:\/\/insideamateurfussball-ffm.de\/wp-content\/uploads\/2025\/06\/pok32-1.jpg 886w, https:\/\/insideamateurfussball-ffm.de\/wp-content\/uploads\/2025\/06\/pok32-1-300x178.jpg 300w, https:\/\/insideamateurfussball-ffm.de\/wp-content\/uploads\/2025\/06\/pok32-1-768x457.jpg 768w\" sizes=\"auto, (max-width: 886px) 100vw, 886px\" \/><figcaption id=\"caption-attachment-26116\" class=\"wp-caption-text\">Kreispokalsieger FG Seckbach m\u00f6chte auch in der kommenden Saison oben mitspielen. Foto: Archiv Mithat G\u00fcrser<\/figcaption><\/figure>\n<p><img loading=\"lazy\" decoding=\"async\" class=\"alignnone size-full wp-image-544\" src=\"http:\/\/insideamateurfussball-ffm.de\/wp-content\/uploads\/2022\/06\/Seckbach.jpg\" alt=\"\" width=\"80\" height=\"80\" \/><\/p>\n<p>Die letzte Saison verlief f\u00fcr die FG Seckbach durchaus erfolgreich, das angestrebte Ziel mit einer Top5-Platzierung wurde mit Tabellenplatz 5 erreicht, und im Finale des Kreispokals besiegte man den Verbandsliga-Aufsteiger FC Kalbach und wartet jetzt auf die Auslosung der ersten Runde im Hessenpokal.<\/p>\n<p><strong><u>Was erwartet ihr von der neuen Saison, wie lautet euer Saisonziel?<\/u><\/strong><\/p>\n<p>Wir erwarten, wie fast immer in den letzten Jahren, eine spannende Saison, sowohl was das obere als aber auch was das untere Drittel betrifft. Wir m\u00f6chten gerne unsere ausgezeichnete Platzierung der Vorsaison best\u00e4tigen und streben wieder einen Platz unter den ersten f\u00fcnf der Tabelle an.<\/p>\n<p><strong><u>Welche Zu- und Abg\u00e4nge habt ihr Stand jetzt zu verzeichnen?<\/u><\/strong><\/p>\n<p>Zug\u00e4nge:<\/p>\n<ul>\n<li>Jafet Tekue Schergish (FV Saz Rock)<\/li>\n<li>Theo Geissler (eigene 2. Mannschaft)<\/li>\n<li>Johannes St\u00fcbbe (eigene 2. Mannschaft)<\/li>\n<li>Jonathan R\u00e4mer (FC Croatia)<\/li>\n<li>Jakob Will (FC Karben)<\/li>\n<li>Nick B\u00f6ff (1. FC \u2013 TSG K\u00f6nigstein U19)<\/li>\n<li>Jonas Scheitza (zur\u00fcck nach Auslandsaufenthalt)<\/li>\n<\/ul>\n<p>Abg\u00e4nge:<\/p>\n<ul>\n<li>Hendrik Horvatinovic (pausiert)<\/li>\n<li>Marius Wach (pausiert)<\/li>\n<li>Stevan Radujkovic (Union Niederrad)<\/li>\n<li>Nikolas Nareike (zur\u00fcck zum Studium in die USA)<\/li>\n<\/ul>\n<p>Trainerteam:<\/p>\n<ul>\n<li>Manuel May (Spielertrainer im 9. Jahr)<\/li>\n<li>Hani Chasebi Mamoori (Co- Trainer im 3. Jahr)<\/li>\n<li>Jonas Scheitza (Spielender Co-Trainer im 9. Jahr mit Unterbrechung)<\/li>\n<li>Flo Kijek (Torwarttrainer)<\/li>\n<\/ul>\n<p><strong><u>Wer sind f\u00fcr euch die Favoriten in der Liga?<\/u><\/strong><\/p>\n<ul>\n<li>FSV Friedrichsdorf<\/li>\n<li>TSV Bad Nauheim<\/li>\n<li>FV Stierstadt<\/li>\n<li>SV Bosnien\/Herzegowina Ffm<\/li>\n<\/ul>\n<p><strong><u>Wie ist Eure Meinung zur neuen Auswechselregelung in Hessens Amateurfu\u00dfball (5 Wechsel maximal inkl. R\u00fcckwechsel)?<\/u><\/strong><\/p>\n<p>Die aktuelle Regelung mit f\u00fcnf Wechseln war v\u00f6llig in Ordnung. Ich finde die neue Torwartregel spannender und bin gespannt wie das umgesetzt werden wird.\u00a0<\/p>\n<p>Die Wechselregel ist uns egal, wir nehmen es wie es kommt<\/p>\n<p>\u00a0<\/p>\n<p><strong><u>Testspiele (nach fussball.de)<\/u><\/strong><\/p>\n<p>06.07.2025, 15:30 Uhr: FG Seckbach \u2013 FC Gudesding<\/p>\n<p>10.07.2025, 20:00 Uhr: FG Seckbach \u2013 Spvgg. 03 Neu-Isenburg<\/p>\n<p>13.07.2025, 15:30 Uhr: FG Seckbach \u2013 Kickers Offenbach II<\/p>\n<p>17.07.2025, 20:00 Uhr: FG Seckbach \u2013 Karbener SV<\/p>\n<p>20.07.2025, 15:30 Uhr: FG Seckbach \u2013 FV Alemannia Nied<\/p>\n<p>26.07.2025, 16:00 Uhr: SV 1947 Hilbeck e.V. \u2013 FG Seckbach<\/p>\n<p>Vorauss. 03.08.2025: FG Seckbach \u2013 T\u00fcrkg\u00fcc\u00fc Frankfurt (1.Spieltag)<\/p>\n\n\n<p><\/p>\n","protected":false},"excerpt":{"rendered":"<p>Der Frankfurter Kreispokalsieger FG Seckbach m\u00f6chte nach seinem 5.Platz in der vorigen Saison dieses Ergebnis best\u00e4tigen. Die Fragen beantwortete uns Spielausschuss-Vorsitzender Jo Nareike. Die letzte Saison verlief f\u00fcr die FG Seckbach durchaus erfolgreich, das angestrebte Ziel mit einer Top5-Platzierung wurde mit Tabellenplatz 5 erreicht, und im Finale des Kreispokals besiegte man den Verbandsliga-Aufsteiger FC Kalbach [&hellip;]<\/p>\n","protected":false},"author":3,"featured_media":26116,"comment_status":"closed","ping_status":"open","sticky":true,"template":"","format":"standard","meta":{"footnotes":""},"categories":[13],"tags":[],"class_list":["post-26392","post","type-post","status-publish","format-standard","has-post-thumbnail","hentry","category-gruppenliga-frankfurt-west"],"_links":{"self":[{"href":"https:\/\/insideamateurfussball-ffm.de\/index.php?rest_route=\/wp\/v2\/posts\/26392","targetHints":{"allow":["GET"]}}],"collection":[{"href":"https:\/\/insideamateurfussball-ffm.de\/index.php?rest_route=\/wp\/v2\/posts"}],"about":[{"href":"https:\/\/insideamateurfussball-ffm.de\/index.php?rest_route=\/wp\/v2\/types\/post"}],"author":[{"embeddable":true,"href":"https:\/\/insideamateurfussball-ffm.de\/index.php?rest_route=\/wp\/v2\/users\/3"}],"replies":[{"embeddable":true,"href":"https:\/\/insideamateurfussball-ffm.de\/index.php?rest_route=%2Fwp%2Fv2%2Fcomments&post=26392"}],"version-history":[{"count":3,"href":"https:\/\/insideamateurfussball-ffm.de\/index.php?rest_route=\/wp\/v2\/posts\/26392\/revisions"}],"predecessor-version":[{"id":26395,"href":"https:\/\/insideamateurfussball-ffm.de\/index.php?rest_route=\/wp\/v2\/posts\/26392\/revisions\/26395"}],"wp:featuredmedia":[{"embeddable":true,"href":"https:\/\/insideamateurfussball-ffm.de\/index.php?rest_route=\/wp\/v2\/media\/26116"}],"wp:attachment":[{"href":"https:\/\/insideamateurfussball-ffm.de\/index.php?rest_route=%2Fwp%2Fv2%2Fmedia&parent=26392"}],"wp:term":[{"taxonomy":"category","embeddable":true,"href":"https:\/\/insideamateurfussball-ffm.de\/index.php?rest_route=%2Fwp%2Fv2%2Fcategories&post=26392"},{"taxonomy":"post_tag","embeddable":true,"href":"https:\/\/insideamateurfussball-ffm.de\/index.php?rest_route=%2Fwp%2Fv2%2Ftags&post=26392"}],"curies":[{"name":"wp","href":"https:\/\/api.w.org\/{rel}","templated":true}]}}