{"id":26388,"date":"2025-07-03T09:12:18","date_gmt":"2025-07-03T08:12:18","guid":{"rendered":"https:\/\/insideamateurfussball-ffm.de\/?p=26388"},"modified":"2025-07-03T09:12:18","modified_gmt":"2025-07-03T08:12:18","slug":"drei-stadtduelle-am-1-spieltag-der-gruppenliga","status":"publish","type":"post","link":"https:\/\/insideamateurfussball-ffm.de\/?p=26388","title":{"rendered":"Drei Stadtduelle am 1.Spieltag der Gruppenliga"},"content":{"rendered":"<h4>Dank der FG Seckbach liegt uns auch der vorl\u00e4ufige Spielplan der Gruppenliga Frankfurt West 2025\/26 vor, die genauen Termine und Uhrzeiten werden erst in einer Liga-Besprechung festgezurrt.<\/h4>\n<figure id=\"attachment_26326\" aria-describedby=\"caption-attachment-26326\" style=\"width: 2048px\" class=\"wp-caption alignnone\"><img loading=\"lazy\" decoding=\"async\" class=\"wp-image-26326 size-full\" src=\"http:\/\/insideamateurfussball-ffm.de\/wp-content\/uploads\/2025\/06\/Ger3.jpg\" alt=\"\" width=\"2048\" height=\"1153\" srcset=\"https:\/\/insideamateurfussball-ffm.de\/wp-content\/uploads\/2025\/06\/Ger3.jpg 2048w, https:\/\/insideamateurfussball-ffm.de\/wp-content\/uploads\/2025\/06\/Ger3-300x169.jpg 300w, https:\/\/insideamateurfussball-ffm.de\/wp-content\/uploads\/2025\/06\/Ger3-1024x577.jpg 1024w, https:\/\/insideamateurfussball-ffm.de\/wp-content\/uploads\/2025\/06\/Ger3-768x432.jpg 768w, https:\/\/insideamateurfussball-ffm.de\/wp-content\/uploads\/2025\/06\/Ger3-1536x865.jpg 1536w\" sizes=\"auto, (max-width: 2048px) 100vw, 2048px\" \/><figcaption id=\"caption-attachment-26326\" class=\"wp-caption-text\">Aufsteiger VfL Germania 94 empf\u00e4ngt am ersten Spieltag den FC Tempo. Foto Archiv PA<\/figcaption><\/figure>\n<p>Die Gruppenliga Frankfurt West startet am ersten August-Wochenende (31.07.\/01.\/02.\/03.08.) in die Saison 2025\/26, der vorl\u00e4ufige Spielplan liegt uns jetzt vor. Bis zum 20.Spieltag am 30.11.2025 sind zwei Wochenspieltage eingeplant. Nach der Winterpause beginnt der 21.Spieltag am 01.03.2026 und sieht einen Wochenspieltag kurz vor Ostern vor, der letzte und 34.Spieltag findet am 31.05.2026 statt.<\/p>\n<p>In der Gruppenliga Frankfurt West ist der Kreis Frankfurt mit insgesamt 8 Teams vertreten, am ersten Spieltag kommt es bereits zu drei Stadtduellen.<\/p>\n<p>Hier die ersten zwei Spieltage in der \u00dcbersicht<\/p>\n<p><strong><span style=\"text-decoration: underline;\">1.Spieltag (31.07.\/01.\/02.\/03.08.2025)<\/span><\/strong><\/p>\n<p>FC Karben \u2013 T\u00fcrk. SV Bad Nauheim<\/p>\n<p>Spvgg. 03 Fechenheim \u2013 Spvgg. 05 Oberrad<\/p>\n<p>FC Kaichen \u2013 FSV Friedrichsdorf<\/p>\n<p>SG Seckbach &#8211; T\u00fcrkg\u00fcc\u00fc Frankfurt<\/p>\n<p>FSG Burg-Gr\u00e4fenrode (N) \u2013 FC Kosova (N)<\/p>\n<p>SG Wehrheim\/Pfaffenwiesbach (N) \u2013 SV Bosnien\/Herzegowina<\/p>\n<p>FC Olympia Fauerbach (N) \u2013 SKV Beienheim (A)<\/p>\n<p>VfL Germania 94 (N) \u2013 FC Tempo<\/p>\n<p>Spielfrei: FV Stierstadt<\/p>\n<p><span style=\"text-decoration: underline;\"><strong>2.Spieltag (10.08.2025)<\/strong><\/span><\/p>\n<p>SV Bosnien\/Herzegowina \u2013 FSG Burg-Gr\u00e4fenrode (N)<\/p>\n<p>FC Kosova (N) \u2013 Spvgg. 03 Fechenheim<\/p>\n<p>Spvgg. 05 Oberrad \u2013 VfL Germania 94 (N)<\/p>\n<p>FC Tempo \u2013 FC Olympia Fauerbach (N)<\/p>\n<p>SKV Beienheim (A) \u2013 FG Seckbach<\/p>\n<p>T\u00fcrkg\u00fcc\u00fc Frankfurt \u2013 FC Kaichen<\/p>\n<p>FSV Friedrichsdorf \u2013 FV Stierstadt<\/p>\n<p>T\u00fcrk. SV Bad Nauheim &#8211; SG Wehrheim\/Pfaffenwiesbach (N)<\/p>\n<p>Spielfrei: FC Karben<\/p>\n","protected":false},"excerpt":{"rendered":"<p>Dank der FG Seckbach liegt uns auch der vorl\u00e4ufige Spielplan der Gruppenliga Frankfurt West 2025\/26 vor, die genauen Termine und Uhrzeiten werden erst in einer Liga-Besprechung festgezurrt. Die Gruppenliga Frankfurt West startet am ersten August-Wochenende (31.07.\/01.\/02.\/03.08.) in die Saison 2025\/26, der vorl\u00e4ufige Spielplan liegt uns jetzt vor. Bis zum 20.Spieltag am 30.11.2025 sind zwei Wochenspieltage [&hellip;]<\/p>\n","protected":false},"author":3,"featured_media":26328,"comment_status":"closed","ping_status":"open","sticky":true,"template":"","format":"standard","meta":{"footnotes":""},"categories":[13,26],"tags":[],"class_list":["post-26388","post","type-post","status-publish","format-standard","has-post-thumbnail","hentry","category-gruppenliga-frankfurt-west","category-spielplaene"],"_links":{"self":[{"href":"https:\/\/insideamateurfussball-ffm.de\/index.php?rest_route=\/wp\/v2\/posts\/26388","targetHints":{"allow":["GET"]}}],"collection":[{"href":"https:\/\/insideamateurfussball-ffm.de\/index.php?rest_route=\/wp\/v2\/posts"}],"about":[{"href":"https:\/\/insideamateurfussball-ffm.de\/index.php?rest_route=\/wp\/v2\/types\/post"}],"author":[{"embeddable":true,"href":"https:\/\/insideamateurfussball-ffm.de\/index.php?rest_route=\/wp\/v2\/users\/3"}],"replies":[{"embeddable":true,"href":"https:\/\/insideamateurfussball-ffm.de\/index.php?rest_route=%2Fwp%2Fv2%2Fcomments&post=26388"}],"version-history":[{"count":3,"href":"https:\/\/insideamateurfussball-ffm.de\/index.php?rest_route=\/wp\/v2\/posts\/26388\/revisions"}],"predecessor-version":[{"id":26391,"href":"https:\/\/insideamateurfussball-ffm.de\/index.php?rest_route=\/wp\/v2\/posts\/26388\/revisions\/26391"}],"wp:featuredmedia":[{"embeddable":true,"href":"https:\/\/insideamateurfussball-ffm.de\/index.php?rest_route=\/wp\/v2\/media\/26328"}],"wp:attachment":[{"href":"https:\/\/insideamateurfussball-ffm.de\/index.php?rest_route=%2Fwp%2Fv2%2Fmedia&parent=26388"}],"wp:term":[{"taxonomy":"category","embeddable":true,"href":"https:\/\/insideamateurfussball-ffm.de\/index.php?rest_route=%2Fwp%2Fv2%2Fcategories&post=26388"},{"taxonomy":"post_tag","embeddable":true,"href":"https:\/\/insideamateurfussball-ffm.de\/index.php?rest_route=%2Fwp%2Fv2%2Ftags&post=26388"}],"curies":[{"name":"wp","href":"https:\/\/api.w.org\/{rel}","templated":true}]}}