{"id":26383,"date":"2025-07-02T20:42:35","date_gmt":"2025-07-02T19:42:35","guid":{"rendered":"https:\/\/insideamateurfussball-ffm.de\/?p=26383"},"modified":"2025-07-02T20:46:51","modified_gmt":"2025-07-02T19:46:51","slug":"fc-korea-will-mit-fechenheimer-jungs-aufsteigen","status":"publish","type":"post","link":"https:\/\/insideamateurfussball-ffm.de\/?p=26383","title":{"rendered":"FC Korea will mit Fechenheimer Jungs aufsteigen"},"content":{"rendered":"<h5><span style=\"font-size: 16px;\">Vom FC Korea aus der Kreisliga C erreichte uns eine Saisonvorschau, die wir gerne ver\u00f6ffentlichen.\u00a0<\/span><\/h5>\n<figure id=\"attachment_26384\" aria-describedby=\"caption-attachment-26384\" style=\"width: 150px\" class=\"wp-caption alignleft\"><img loading=\"lazy\" decoding=\"async\" class=\"wp-image-26384 size-thumbnail\" src=\"http:\/\/insideamateurfussball-ffm.de\/wp-content\/uploads\/2025\/07\/fckoreaf-150x150.png\" alt=\"\" width=\"150\" height=\"150\" \/><figcaption id=\"caption-attachment-26384\" class=\"wp-caption-text\">Korea-Trainer Abdelilah Malek. Foto: Einsendung Verein.<\/figcaption><\/figure>\n<p><img loading=\"lazy\" decoding=\"async\" class=\"alignnone size-full wp-image-497\" src=\"http:\/\/insideamateurfussball-ffm.de\/wp-content\/uploads\/2022\/05\/Korea.jpg\" alt=\"\" width=\"61\" height=\"80\" \/><\/p>\n<p><span style=\"font-size: 16px;\">Nach dem Ende der Saison 2023\/24 war der FC Korea nach langer Zugeh\u00f6rigkeit zur B-Klasse in die C-Klasse abgestiegen, wo die abgelaufene Runde auf Rang vier abgeschlossen wurde. Bester Torsch\u00fctze war Ilhan G\u00fcnaydin mit 28 Toren gefolgt von Jong Ho Hong mit 21 Treffern. Er ist einer der wenigen Koreaner, die noch f\u00fcr den in Fechenheim an der Pfortenstra\u00dfe ans\u00e4ssigen Verein spielen. Seitdem Trainer Abdelilah Malek die Mannschaft \u00fcbernommen hat, haben sich viele Fechenheimer Jungs aus der in der letzten Saison aus der A-Klasse zur\u00fcckgezogenen Reserve der Sportvereinigung angeschlossen. <\/span><\/p>\n<p><span style=\"font-size: 16px;\">&#8222;<\/span><span style=\"font-size: 16px;\">Dadurch haben wir sehr viele Jungs aus dem Stadtteil neu dazu erhalten, nat\u00fcrlich mit gro\u00dfer Unterst\u00fctzung von unseren neuen Cheftrainer <\/span><span style=\"font-size: 16px;\">Abdelilah Malek, der den Jungs hier Tag t\u00e4glich begegnet und dadurch den besten Kontakt herstellen konnte&#8220;, hei\u00dft es in der Pressemitteilung des Vereins. Abdelilah hebt dabei einen K\u00f6nigstransfer hervor: &#8222;Wir haben mit Alpay Ertas , ehemaliger Jugend-Bundesligaspieler (VfB Stuttgart, Eintracht Frankfurt, Bayer Leverkusen) einen starken Fu\u00dfballer und super Menschen dazu gewinnen k\u00f6nnen.&#8220; Weitere Neuzug\u00e4nge sind: Emre Satici, Muhammed D\u00f6nmez, Imad Malek, Yusuf Elmas, Mohamed Boulayoune, Mohamed Malek, Rahat Lutre, bis auf Boulayoune (BSC SW 19) von der Spvgg. Fechenheim.<\/span><\/p>\n<ul>\n<li><strong><span style=\"font-size: 16px;\">&#8222;Der Verein ist bereit, die Jungs sind bereit: Wir wollen hoch.&#8220; (Korea-Trainer Abdelilah Malek).<\/span><\/strong><\/li>\n<\/ul>\n<p><span style=\"font-size: 16px;\">&#8222;<\/span><span style=\"font-size: 16px;\">Wir haben eine super Mischung aus jungen und \u00e4lteren erfahrenen Spielern. <\/span><span style=\"font-size: 16px;\">Das wollen wir auf und neben dem Platz zeigen&#8220;, so Maleks Erstreben. Und hat ambitionierte Ziele: &#8222;<\/span><span style=\"font-size: 16px;\">Wir wollen gemeinsam die erfolgreichen Tage vom FC Korea wieder erleben und w<\/span><span style=\"font-size: 16px;\">ollen dieses Jahr auf jeden Fall aufsteigen. Wir haben eine super junge Truppe, die das Zeug daf\u00fcr hat. <\/span><span style=\"font-size: 16px;\">Der Verein ist bereit, die Jungs sind bereit: Wir wollen hoch.&#8220; Am 1. Juli begann die Vorbereitung. &#8222;W<\/span><span style=\"font-size: 16px;\">ir wollen direkt von Anfang an zeigen, dass dieses Jahr mit uns zu rechnen ist&#8220;, sagt\u00a0<\/span><span style=\"font-size: 16px;\">Coach Malek. Ein Trainer, der immer 100 Prozent gibt, ob es im Training oder im Spiel ist, dabei immer fokussiert bleibt. <\/span><\/p>\n<p><span style=\"font-size: 16px;\">&#8222;<\/span><span style=\"font-size: 16px;\">Mit Mohamed Boulayoune gewinnen wir einen Spieler der neben und auf dem Platz ein Garant ist.\u00a0<\/span><span style=\"font-size: 16px;\">Wir wollen zudem jungen Spielern die M\u00f6glichkeit bieten im Stadtteil Fu\u00dfball zu spielen.\u00a0<\/span><span style=\"font-size: 16px;\">Respekt und Toleranz ist an erster Stelle wichtig f\u00fcr uns&#8220;, hebt Malek hervor. Im Kreispokal bekam der FC Korea den FFC Olympia aus der A-Klasse zugelost und will am 19. August (20 Uhr) an der Pfortenstra\u00dfe f\u00fcr eine \u00dcberraschung sorgen. Von diesem Verein kommt auch der erste Gegner am Sonntag in der Vorbereitung. Dann geht es aber zu Olympia III (ebenfalls C-Klasse) um 17 Uhr in den Ostpark.\u00a0<\/span><\/p>\n<figure id=\"attachment_26385\" aria-describedby=\"caption-attachment-26385\" style=\"width: 150px\" class=\"wp-caption alignleft\"><img loading=\"lazy\" decoding=\"async\" class=\"wp-image-26385 size-thumbnail\" src=\"http:\/\/insideamateurfussball-ffm.de\/wp-content\/uploads\/2025\/07\/Koreaf-150x150.png\" alt=\"\" width=\"150\" height=\"150\" \/><figcaption id=\"caption-attachment-26385\" class=\"wp-caption-text\">Fechenheimer Jungs im Korea-Trikot. Foto: Verein.<\/figcaption><\/figure>\n<p><span style=\"font-size: 16px;\">\u00a0<\/span><\/p>\n","protected":false},"excerpt":{"rendered":"<p>Vom FC Korea aus der Kreisliga C erreichte uns eine Saisonvorschau, die wir gerne ver\u00f6ffentlichen.\u00a0 Nach dem Ende der Saison 2023\/24 war der FC Korea nach langer Zugeh\u00f6rigkeit zur B-Klasse in die C-Klasse abgestiegen, wo die abgelaufene Runde auf Rang vier abgeschlossen wurde. Bester Torsch\u00fctze war Ilhan G\u00fcnaydin mit 28 Toren gefolgt von Jong Ho [&hellip;]<\/p>\n","protected":false},"author":1,"featured_media":26384,"comment_status":"closed","ping_status":"closed","sticky":true,"template":"","format":"standard","meta":{"footnotes":""},"categories":[25],"tags":[],"class_list":["post-26383","post","type-post","status-publish","format-standard","has-post-thumbnail","hentry","category-kreisliga-c"],"_links":{"self":[{"href":"https:\/\/insideamateurfussball-ffm.de\/index.php?rest_route=\/wp\/v2\/posts\/26383","targetHints":{"allow":["GET"]}}],"collection":[{"href":"https:\/\/insideamateurfussball-ffm.de\/index.php?rest_route=\/wp\/v2\/posts"}],"about":[{"href":"https:\/\/insideamateurfussball-ffm.de\/index.php?rest_route=\/wp\/v2\/types\/post"}],"author":[{"embeddable":true,"href":"https:\/\/insideamateurfussball-ffm.de\/index.php?rest_route=\/wp\/v2\/users\/1"}],"replies":[{"embeddable":true,"href":"https:\/\/insideamateurfussball-ffm.de\/index.php?rest_route=%2Fwp%2Fv2%2Fcomments&post=26383"}],"version-history":[{"count":2,"href":"https:\/\/insideamateurfussball-ffm.de\/index.php?rest_route=\/wp\/v2\/posts\/26383\/revisions"}],"predecessor-version":[{"id":26387,"href":"https:\/\/insideamateurfussball-ffm.de\/index.php?rest_route=\/wp\/v2\/posts\/26383\/revisions\/26387"}],"wp:featuredmedia":[{"embeddable":true,"href":"https:\/\/insideamateurfussball-ffm.de\/index.php?rest_route=\/wp\/v2\/media\/26384"}],"wp:attachment":[{"href":"https:\/\/insideamateurfussball-ffm.de\/index.php?rest_route=%2Fwp%2Fv2%2Fmedia&parent=26383"}],"wp:term":[{"taxonomy":"category","embeddable":true,"href":"https:\/\/insideamateurfussball-ffm.de\/index.php?rest_route=%2Fwp%2Fv2%2Fcategories&post=26383"},{"taxonomy":"post_tag","embeddable":true,"href":"https:\/\/insideamateurfussball-ffm.de\/index.php?rest_route=%2Fwp%2Fv2%2Ftags&post=26383"}],"curies":[{"name":"wp","href":"https:\/\/api.w.org\/{rel}","templated":true}]}}