{"id":26373,"date":"2025-07-02T09:45:29","date_gmt":"2025-07-02T08:45:29","guid":{"rendered":"https:\/\/insideamateurfussball-ffm.de\/?p=26373"},"modified":"2025-07-02T15:20:34","modified_gmt":"2025-07-02T14:20:34","slug":"tuerkguecue-frankfurt-vor-grossem-umbruch","status":"publish","type":"post","link":"https:\/\/insideamateurfussball-ffm.de\/?p=26373","title":{"rendered":"T\u00fcrkg\u00fcc\u00fc Frankfurt vor gro\u00dfem Umbruch"},"content":{"rendered":"<h4>Auch dieses Jahr nutzen wir die Sommerpause f\u00fcr eine Saisonvorschau unserer Mannschaften. Den Anfang macht Gruppenligist T\u00fcrkg\u00fcc\u00fc Frankfurt, die Fragen beantwortete der neue Trainer Murtaza Taher.<\/h4>\n<figure id=\"attachment_26354\" aria-describedby=\"caption-attachment-26354\" style=\"width: 886px\" class=\"wp-caption alignnone\"><img loading=\"lazy\" decoding=\"async\" class=\"wp-image-26354 size-full\" src=\"http:\/\/insideamateurfussball-ffm.de\/wp-content\/uploads\/2025\/06\/turkgucu6.jpg\" alt=\"\" width=\"886\" height=\"692\" srcset=\"https:\/\/insideamateurfussball-ffm.de\/wp-content\/uploads\/2025\/06\/turkgucu6.jpg 886w, https:\/\/insideamateurfussball-ffm.de\/wp-content\/uploads\/2025\/06\/turkgucu6-300x234.jpg 300w, https:\/\/insideamateurfussball-ffm.de\/wp-content\/uploads\/2025\/06\/turkgucu6-768x600.jpg 768w\" sizes=\"auto, (max-width: 886px) 100vw, 886px\" \/><figcaption id=\"caption-attachment-26354\" class=\"wp-caption-text\">T\u00fcrkg\u00fcc\u00fcs neuer Trainer Murtaza Taher muss nach dem gro\u00dfen Umbruch schnell eine neue Mannschaft formen. Foto: Archiv Mithat G\u00fcrser<\/figcaption><\/figure>\n<p><img loading=\"lazy\" decoding=\"async\" class=\"alignnone  wp-image-26378\" src=\"http:\/\/insideamateurfussball-ffm.de\/wp-content\/uploads\/2025\/07\/logo-tuerkguecue-300x265.jpg\" alt=\"\" width=\"94\" height=\"83\" srcset=\"https:\/\/insideamateurfussball-ffm.de\/wp-content\/uploads\/2025\/07\/logo-tuerkguecue-300x265.jpg 300w, https:\/\/insideamateurfussball-ffm.de\/wp-content\/uploads\/2025\/07\/logo-tuerkguecue-1024x906.jpg 1024w, https:\/\/insideamateurfussball-ffm.de\/wp-content\/uploads\/2025\/07\/logo-tuerkguecue-768x679.jpg 768w, https:\/\/insideamateurfussball-ffm.de\/wp-content\/uploads\/2025\/07\/logo-tuerkguecue.jpg 1170w\" sizes=\"auto, (max-width: 94px) 100vw, 94px\" \/><\/p>\n<p>T\u00fcrkg\u00fcc\u00fc Frankfurt steht nach dem Klassenerhalt in der Gruppenliga vor einer schwierigen Saison, der neue Trainer Murtaza Taher hat eine gro\u00dfe Aufgabe vor sich, nach dem umfassenden Umbruch mit 14 Neuzug\u00e4ngen und 12 Abg\u00e4ngen eine neue Mannschaft einzuspielen, auch gab es einen Wechsel in der Sportlichen Leitung.<\/p>\n<p><strong><u>Was erwartet ihr von der neuen Saison, wie lautet euer Saisonziel?<\/u><\/strong><\/p>\n<p>Nach dem Klassenerhalt kurz vor Saisonende und dem Umbruch in diesem Sommer m\u00f6chten wir uns als Mannschaft neu finden und eine gute Runde spielen. Mit unseren jungen Talenten und erfahrenen Spielern als Ger\u00fcst wollen wir eine starke Teamdynamik entwickeln und eine stabile Basis f\u00fcr die Zukunft schaffen.<\/p>\n<p><strong><u>Welche Zu- und Abg\u00e4nge habt ihr Stand jetzt zu verzeichnen?<\/u><\/strong><\/p>\n<p>Wir haben im Sommer einen gr\u00f6\u00dferen personellen Umbruch vollzogen und freuen uns \u00fcber unsere neuen ambitionierten Spieler:<\/p>\n<p>Zug\u00e4nge:<\/p>\n<ul>\n<li>Dusan Zbiljic (Torwart) von SG Rot-Wei\u00df Frankfurt<\/li>\n<li>Maxim Schwab (Torwart) von SG H\u00f6chst<\/li>\n<li>Mostafa Youssef (Abwehr) vom FC Kalbach (u.a. SpVgg Fechenheim)<\/li>\n<li>Nassim Elouafai (Abwehr) vom FC Erlensee (u.a. 1960 Hanau)<\/li>\n<li>Devran G\u00fcven (Abwehr) von SKG Rodgau<\/li>\n<li>Jan Philipp M\u00e4user (Mittelfeld) (u.a. Sportfreunde 04 Frankfurt, SF Friedrichsdorf)<\/li>\n<li>Zidane Saighani (Mittelfeld) vom 1. FC K\u00f6nigstein<\/li>\n<li>Amir Abardah (Mittelfeld) von Germania Tempelsee (Jugend Mainz 05 &amp; Kickers Offenbach)<\/li>\n<li>Don Chuaydee (Mittelfeld) von Viktoria Kelsterbach<\/li>\n<li>Noel Jorge Espinosa Valente (Mittelfeld) von SG Rot-Wei\u00df Frankfurt U19<\/li>\n<li>Ventisislav Rusev (Mittelfeld) von Bosnia Frankfurt<\/li>\n<li>Flavio Alberto Cuna (Fl\u00fcgel) von Rot-Wei\u00df Darmstadt (u.a. SG Rot-Wei\u00df Frankfurt)<\/li>\n<li>Terry Danso (Fl\u00fcgel) von Viktoria Griesheim (u.a. FC Bayern Alzenau, FC Hanau, SG Rot-Wei\u00df Frankfurt)<\/li>\n<li>Mert Muhammed Cetin (Sturm) (u.a. VfR Limburg, Hadamar II)<\/li>\n<\/ul>\n<p>Neues Personal:<\/p>\n<ul>\n<li>Trainer: Murtaza Taher (zuletzt SC Viktoria Griesheim)<\/li>\n<li>Co-Trainer: Reahan Mahmood<\/li>\n<li>Sportlicher Leiter: Tamer G\u00fcrsoy<\/li>\n<\/ul>\n<p>Abg\u00e4nge:<\/p>\n<ul>\n<li>Ertap Turgut (1. FC R\u00f6delheim)<\/li>\n<li>Nick Fiege (SpVgg. 02 Griesheim)<\/li>\n<li>Nuno Miguel Pires Lopes (SC Riedberg)<\/li>\n<li>Taha Azaitouni (SG Bornheim)<\/li>\n<li>Tayfun G\u00fcrsoy (SG H\u00f6chst)<\/li>\n<li>Mizuki Yamaki (VfR Gro\u00df-Gerau)<\/li>\n<li>Mert Kuzu (SV 07 Kriftel)<\/li>\n<li>Mete Nakipoglu (T\u00fcrkischer SV Bad Nauheim)<\/li>\n<li>Emir Can Kirci (Ziel unbekannt)<\/li>\n<li>Rui Goto (Ziel unbekannt)<\/li>\n<li>Aleksandar Sasa Matovic (Ziel unbekannt)<\/li>\n<li>Canberk Dramali (Ziel unbekannt)<\/li>\n<\/ul>\n<p><strong><u>Wer sind f\u00fcr euch die Favoriten in der Liga?<\/u><\/strong><\/p>\n<p>SKV Beienheim ist als Absteiger aus der Verbandsliga S\u00fcd\u00a0 sicherlich sehr stark und bringt viel Qualit\u00e4t und Erfahrung mit. Auch der FC Karben und der FSV Friedrichsdorf z\u00e4hlen zu den st\u00e4rkeren Teams. Beide haben in der letzten Saison lange oben mitgemischt und gezeigt, dass sie konstant auf hohem Niveau spielen k\u00f6nnen. Es wird eine enge und spannende Saison, in der viele Mannschaften oben mitspielen k\u00f6nnen.<\/p>\n<p><strong><u>Wie ist Eure Meinung zur neuen Auswechselregelung in Hessens Amateurfu\u00dfball (5 Wechsel maximal inkl. R\u00fcckwechsel)?<\/u><\/strong><\/p>\n<p>Ich finde die Regel grunds\u00e4tzlich gut, weil sie uns mehr Flexibilit\u00e4t gibt, gerade bei Verletzungen oder Erm\u00fcdung. Wie gut sie sich in der Praxis umsetzen l\u00e4sst, wird sich zeigen. Insgesamt ein sinnvoller Schritt f\u00fcr den Amateurfu\u00dfball.<\/p>\n<p><span style=\"text-decoration: underline;\"><strong>Testspiele (nach fussball.de)<\/strong><\/span><\/p>\n<p>29.06.2026, 17:30 Uhr: T\u00fcrkg\u00fcc\u00fc Frankfurt \u2013 TSG 1846 Bretzenheim 0:6<\/p>\n<p>06.07.2025, 15:00 Uhr: Dersim R\u00fcsselsheim \u2013 T\u00fcrkg\u00fcc\u00fc Frankfurt<\/p>\n<p>09.07.2025, 19:30 Uhr: T\u00fcrkg\u00fcc\u00fc Frankfurt \u2013 SG Westend<\/p>\n<p>13.07.2025, 14:00 Uhr: VFB Unterliederbach \u2013 T\u00fcrkg\u00fcc\u00fc Frankfurt<\/p>\n<p>23.07.2025, 19:30 Uhr: T\u00fcrkg\u00fcc\u00fc Frankfurt \u2013 FSC Eschborn<\/p>\n<p>27.07.2025, 17:30 Uhr: T\u00fcrkg\u00fcc\u00fc Frankfurt \u2013 S.K.G. Rodgau<\/p>\n","protected":false},"excerpt":{"rendered":"<p>Auch dieses Jahr nutzen wir die Sommerpause f\u00fcr eine Saisonvorschau unserer Mannschaften. Den Anfang macht Gruppenligist T\u00fcrkg\u00fcc\u00fc Frankfurt, die Fragen beantwortete der neue Trainer Murtaza Taher. T\u00fcrkg\u00fcc\u00fc Frankfurt steht nach dem Klassenerhalt in der Gruppenliga vor einer schwierigen Saison, der neue Trainer Murtaza Taher hat eine gro\u00dfe Aufgabe vor sich, nach dem umfassenden Umbruch mit [&hellip;]<\/p>\n","protected":false},"author":3,"featured_media":26354,"comment_status":"closed","ping_status":"open","sticky":true,"template":"","format":"standard","meta":{"footnotes":""},"categories":[13],"tags":[],"class_list":["post-26373","post","type-post","status-publish","format-standard","has-post-thumbnail","hentry","category-gruppenliga-frankfurt-west"],"_links":{"self":[{"href":"https:\/\/insideamateurfussball-ffm.de\/index.php?rest_route=\/wp\/v2\/posts\/26373","targetHints":{"allow":["GET"]}}],"collection":[{"href":"https:\/\/insideamateurfussball-ffm.de\/index.php?rest_route=\/wp\/v2\/posts"}],"about":[{"href":"https:\/\/insideamateurfussball-ffm.de\/index.php?rest_route=\/wp\/v2\/types\/post"}],"author":[{"embeddable":true,"href":"https:\/\/insideamateurfussball-ffm.de\/index.php?rest_route=\/wp\/v2\/users\/3"}],"replies":[{"embeddable":true,"href":"https:\/\/insideamateurfussball-ffm.de\/index.php?rest_route=%2Fwp%2Fv2%2Fcomments&post=26373"}],"version-history":[{"count":5,"href":"https:\/\/insideamateurfussball-ffm.de\/index.php?rest_route=\/wp\/v2\/posts\/26373\/revisions"}],"predecessor-version":[{"id":26379,"href":"https:\/\/insideamateurfussball-ffm.de\/index.php?rest_route=\/wp\/v2\/posts\/26373\/revisions\/26379"}],"wp:featuredmedia":[{"embeddable":true,"href":"https:\/\/insideamateurfussball-ffm.de\/index.php?rest_route=\/wp\/v2\/media\/26354"}],"wp:attachment":[{"href":"https:\/\/insideamateurfussball-ffm.de\/index.php?rest_route=%2Fwp%2Fv2%2Fmedia&parent=26373"}],"wp:term":[{"taxonomy":"category","embeddable":true,"href":"https:\/\/insideamateurfussball-ffm.de\/index.php?rest_route=%2Fwp%2Fv2%2Fcategories&post=26373"},{"taxonomy":"post_tag","embeddable":true,"href":"https:\/\/insideamateurfussball-ffm.de\/index.php?rest_route=%2Fwp%2Fv2%2Ftags&post=26373"}],"curies":[{"name":"wp","href":"https:\/\/api.w.org\/{rel}","templated":true}]}}