{"id":26366,"date":"2025-07-01T21:34:50","date_gmt":"2025-07-01T20:34:50","guid":{"rendered":"https:\/\/insideamateurfussball-ffm.de\/?p=26366"},"modified":"2025-07-01T21:34:50","modified_gmt":"2025-07-01T20:34:50","slug":"sw-griesheim-44-gegen-westerfeld-bildergalerie","status":"publish","type":"post","link":"https:\/\/insideamateurfussball-ffm.de\/?p=26366","title":{"rendered":"SW Griesheim 4:4 gegen Westerfeld &#8211; Bildergalerie"},"content":{"rendered":"<h3>A-Ligist DJK Schwarz-Wei\u00df Griesheim absolvierte am Rebstock sein erstes Testspiel. Gegen die SG Westerfeld, Tabellenzehnter der Kreisoberliga Hochtaunus, erreichte das Team von Trainer \u00d6nder Civelek trotz 1:4-R\u00fcckstand ein 4:4. Unser Fotograf Mithat G\u00fcrser machte bei 33 Grad einige Schnappsch\u00fcsse.\u00a0<\/h3>\n<figure id=\"attachment_26367\" aria-describedby=\"caption-attachment-26367\" style=\"width: 886px\" class=\"wp-caption alignnone\"><img loading=\"lazy\" decoding=\"async\" class=\"wp-image-26367 size-full\" src=\"http:\/\/insideamateurfussball-ffm.de\/wp-content\/uploads\/2025\/07\/sw-griesheim3.jpg\" alt=\"\" width=\"886\" height=\"648\" srcset=\"https:\/\/insideamateurfussball-ffm.de\/wp-content\/uploads\/2025\/07\/sw-griesheim3.jpg 886w, https:\/\/insideamateurfussball-ffm.de\/wp-content\/uploads\/2025\/07\/sw-griesheim3-300x219.jpg 300w, https:\/\/insideamateurfussball-ffm.de\/wp-content\/uploads\/2025\/07\/sw-griesheim3-768x562.jpg 768w\" sizes=\"auto, (max-width: 886px) 100vw, 886px\" \/><figcaption id=\"caption-attachment-26367\" class=\"wp-caption-text\">Schwarz-Wei\u00df Griesheim mit roten Stutzen gegen die in blau spielenden G\u00e4ste. Foto: Mithat G\u00fcrser.<\/figcaption><\/figure>\n<h3>DJK Schwarz-Wei\u00df Griesheim &#8211; SG Westerfeld 4:4 (0:2)<\/h3>\n<p><img loading=\"lazy\" decoding=\"async\" class=\"alignnone size-full wp-image-172\" src=\"http:\/\/insideamateurfussball-ffm.de\/wp-content\/uploads\/2022\/05\/DJK-SW-G.jpg\" alt=\"\" width=\"80\" height=\"80\" \/><img loading=\"lazy\" decoding=\"async\" class=\"alignnone size-full wp-image-26368\" src=\"http:\/\/insideamateurfussball-ffm.de\/wp-content\/uploads\/2025\/07\/wester.jpg\" alt=\"\" width=\"73\" height=\"80\" \/><\/p>\n<h3><span style=\"text-decoration: underline;\">Schiedsrichter: Leonard Sch\u00e4fer (SV 07 Heddernheim). Zuschauer: 44. <\/span><\/h3>\n<h3><span style=\"text-decoration: underline;\">Tore: 0:1 Tobias Rettenbacher (5.), 0:2 Alexis Kavazidis (33.), 1:2 Luca de Simone (51.), 1:3, 1:4 Marco Weber (53.\/62.), 2:4 Ouassim Acharki (67.), 3:4 Ayoub Hazzazi (76.), 4:4 Ouassim Acharki (88.). <\/span><\/h3>\n<h3><span style=\"text-decoration: underline;\">Bildergalerie: Mithat G\u00fcrser.\u00a0<\/span><\/h3>\n\n\n<figure class=\"wp-block-gallery has-nested-images columns-default is-cropped wp-block-gallery-1 is-layout-flex wp-block-gallery-is-layout-flex\">\n<figure class=\"wp-block-image size-large\"><img loading=\"lazy\" decoding=\"async\" width=\"886\" height=\"641\" data-id=\"26369\" src=\"https:\/\/insideamateurfussball-ffm.de\/wp-content\/uploads\/2025\/07\/sw-griesheim-2.jpg\" alt=\"\" class=\"wp-image-26369\" srcset=\"https:\/\/insideamateurfussball-ffm.de\/wp-content\/uploads\/2025\/07\/sw-griesheim-2.jpg 886w, https:\/\/insideamateurfussball-ffm.de\/wp-content\/uploads\/2025\/07\/sw-griesheim-2-300x217.jpg 300w, https:\/\/insideamateurfussball-ffm.de\/wp-content\/uploads\/2025\/07\/sw-griesheim-2-768x556.jpg 768w\" sizes=\"auto, (max-width: 886px) 100vw, 886px\" \/><\/figure>\n<\/figure>\n\n\n\n<figure class=\"wp-block-gallery has-nested-images columns-default is-cropped wp-block-gallery-2 is-layout-flex wp-block-gallery-is-layout-flex\">\n<figure class=\"wp-block-image size-large\"><img loading=\"lazy\" decoding=\"async\" width=\"898\" height=\"591\" data-id=\"26370\" src=\"https:\/\/insideamateurfussball-ffm.de\/wp-content\/uploads\/2025\/07\/sw-griesheim-1.jpg\" alt=\"\" class=\"wp-image-26370\" srcset=\"https:\/\/insideamateurfussball-ffm.de\/wp-content\/uploads\/2025\/07\/sw-griesheim-1.jpg 898w, https:\/\/insideamateurfussball-ffm.de\/wp-content\/uploads\/2025\/07\/sw-griesheim-1-300x197.jpg 300w, https:\/\/insideamateurfussball-ffm.de\/wp-content\/uploads\/2025\/07\/sw-griesheim-1-768x505.jpg 768w\" sizes=\"auto, (max-width: 898px) 100vw, 898px\" \/><\/figure>\n<\/figure>\n\n\n\n<figure class=\"wp-block-gallery has-nested-images columns-default is-cropped wp-block-gallery-3 is-layout-flex wp-block-gallery-is-layout-flex\">\n<figure class=\"wp-block-image size-large\"><img loading=\"lazy\" decoding=\"async\" width=\"886\" height=\"608\" data-id=\"26371\" src=\"https:\/\/insideamateurfussball-ffm.de\/wp-content\/uploads\/2025\/07\/sw-griesheim4.jpg\" alt=\"\" class=\"wp-image-26371\" srcset=\"https:\/\/insideamateurfussball-ffm.de\/wp-content\/uploads\/2025\/07\/sw-griesheim4.jpg 886w, https:\/\/insideamateurfussball-ffm.de\/wp-content\/uploads\/2025\/07\/sw-griesheim4-300x206.jpg 300w, https:\/\/insideamateurfussball-ffm.de\/wp-content\/uploads\/2025\/07\/sw-griesheim4-768x527.jpg 768w\" sizes=\"auto, (max-width: 886px) 100vw, 886px\" \/><\/figure>\n<\/figure>\n","protected":false},"excerpt":{"rendered":"<p>A-Ligist DJK Schwarz-Wei\u00df Griesheim absolvierte am Rebstock sein erstes Testspiel. Gegen die SG Westerfeld, Tabellenzehnter der Kreisoberliga Hochtaunus, erreichte das Team von Trainer \u00d6nder Civelek trotz 1:4-R\u00fcckstand ein 4:4. Unser Fotograf Mithat G\u00fcrser machte bei 33 Grad einige Schnappsch\u00fcsse.\u00a0 DJK Schwarz-Wei\u00df Griesheim &#8211; SG Westerfeld 4:4 (0:2) Schiedsrichter: Leonard Sch\u00e4fer (SV 07 Heddernheim). Zuschauer: 44. [&hellip;]<\/p>\n","protected":false},"author":1,"featured_media":26367,"comment_status":"closed","ping_status":"closed","sticky":true,"template":"","format":"standard","meta":{"footnotes":""},"categories":[21],"tags":[],"class_list":["post-26366","post","type-post","status-publish","format-standard","has-post-thumbnail","hentry","category-testspiele"],"_links":{"self":[{"href":"https:\/\/insideamateurfussball-ffm.de\/index.php?rest_route=\/wp\/v2\/posts\/26366","targetHints":{"allow":["GET"]}}],"collection":[{"href":"https:\/\/insideamateurfussball-ffm.de\/index.php?rest_route=\/wp\/v2\/posts"}],"about":[{"href":"https:\/\/insideamateurfussball-ffm.de\/index.php?rest_route=\/wp\/v2\/types\/post"}],"author":[{"embeddable":true,"href":"https:\/\/insideamateurfussball-ffm.de\/index.php?rest_route=\/wp\/v2\/users\/1"}],"replies":[{"embeddable":true,"href":"https:\/\/insideamateurfussball-ffm.de\/index.php?rest_route=%2Fwp%2Fv2%2Fcomments&post=26366"}],"version-history":[{"count":1,"href":"https:\/\/insideamateurfussball-ffm.de\/index.php?rest_route=\/wp\/v2\/posts\/26366\/revisions"}],"predecessor-version":[{"id":26372,"href":"https:\/\/insideamateurfussball-ffm.de\/index.php?rest_route=\/wp\/v2\/posts\/26366\/revisions\/26372"}],"wp:featuredmedia":[{"embeddable":true,"href":"https:\/\/insideamateurfussball-ffm.de\/index.php?rest_route=\/wp\/v2\/media\/26367"}],"wp:attachment":[{"href":"https:\/\/insideamateurfussball-ffm.de\/index.php?rest_route=%2Fwp%2Fv2%2Fmedia&parent=26366"}],"wp:term":[{"taxonomy":"category","embeddable":true,"href":"https:\/\/insideamateurfussball-ffm.de\/index.php?rest_route=%2Fwp%2Fv2%2Fcategories&post=26366"},{"taxonomy":"post_tag","embeddable":true,"href":"https:\/\/insideamateurfussball-ffm.de\/index.php?rest_route=%2Fwp%2Fv2%2Ftags&post=26366"}],"curies":[{"name":"wp","href":"https:\/\/api.w.org\/{rel}","templated":true}]}}