{"id":26361,"date":"2025-06-30T22:05:59","date_gmt":"2025-06-30T21:05:59","guid":{"rendered":"https:\/\/insideamateurfussball-ffm.de\/?p=26361"},"modified":"2025-06-30T22:08:34","modified_gmt":"2025-06-30T21:08:34","slug":"fc-maroc-37-punkte-weg-abstieg-droht","status":"publish","type":"post","link":"https:\/\/insideamateurfussball-ffm.de\/?p=26361","title":{"rendered":"FC Maroc: 37 Punkte weg, Abstieg droht"},"content":{"rendered":"<h3>Erdbeben in der Kreisliga A1! Der FC Maroc muss nach einem drastischen Urteil des Kreissportgerichtes den nachtr\u00e4glichen Abstieg in die B-Klasse bef\u00fcrchten, hat aber das Rechtsmittel der Berufung eingelegt.<\/h3>\n<figure id=\"attachment_26362\" aria-describedby=\"caption-attachment-26362\" style=\"width: 960px\" class=\"wp-caption alignnone\"><img loading=\"lazy\" decoding=\"async\" class=\"wp-image-26362 size-full\" src=\"http:\/\/insideamateurfussball-ffm.de\/wp-content\/uploads\/2025\/06\/Hartplatz-Maroc.jpg\" alt=\"\" width=\"960\" height=\"720\" srcset=\"https:\/\/insideamateurfussball-ffm.de\/wp-content\/uploads\/2025\/06\/Hartplatz-Maroc.jpg 960w, https:\/\/insideamateurfussball-ffm.de\/wp-content\/uploads\/2025\/06\/Hartplatz-Maroc-300x225.jpg 300w, https:\/\/insideamateurfussball-ffm.de\/wp-content\/uploads\/2025\/06\/Hartplatz-Maroc-768x576.jpg 768w\" sizes=\"auto, (max-width: 960px) 100vw, 960px\" \/><figcaption id=\"caption-attachment-26362\" class=\"wp-caption-text\">Einst spielte der FC Maroc seine Heimspiele auf diesem ber\u00fcchtigten Hartplatz an der Wilhelm-Epstein-Stra\u00dfe. Foto: Archiv PA.<\/figcaption><\/figure>\n<p><img loading=\"lazy\" decoding=\"async\" class=\"alignnone size-full wp-image-35\" src=\"http:\/\/insideamateurfussball-ffm.de\/wp-content\/uploads\/2021\/11\/Maroc.jpg\" alt=\"\" width=\"80\" height=\"80\" \/><\/p>\n<p>Wegen des Einsatzes des nicht spielberechtigten Spielers Amin Mohamed Mohamed El Baghdadi in 13 Punktspielen der abgelaufenen Saison in der Fu\u00dfball-Kreisliga A Frankfurt (Gruppe 1) ist der FC Maroc mit dem Verlust und der Wertung s\u00e4mtlicher erfolgreicher Partien mit Mitwirkung des genannten Spielers mit 0:3 f\u00fcr den jeweiligen Gegner bestraft worden. Das hat gravierende Folgen f\u00fcr die Abschlusstabelle, denn Maroc verliert dadurch sage und schreibe 37 Punkte und st\u00fcrzt mit nur noch drei \u00fcbrig bleibenden Punkten an das Tabellenende. Dies w\u00fcrde den direkten Abstieg in die Kreisliga B zur Folge haben. Der \u00fcber die Relegation abgestiegene FC City w\u00e4re eigentlich Drittletzter geworden und m\u00fcsste in der Klasse verbleiben.<\/p>\n<p>Stattdessen h\u00e4tte der FV Eschersheim als Vorletzter an der Relegation teilnehmen sollen, die aber bereits ausgespielt und abgeschlossen wurde. Das Kreissportgericht unter dem Vorsitz von Swaantje Dirks (SV Bonames) sah es als erwiesen an, dass die Spielberechtigung f\u00fcr den parallel auch f\u00fcr den VfL Germania 94 ohne den Zusatznamen &#8222;Mohamed Mohamed&#8220; mit einem anderen Pass spielberechtigten Spieler bei der Antragsstellung auf falschen Angaben beruhte. Ferner wurde der FC Maroc mit einer Geldstrafe und einer Spielsperre \u00fcber sechs Monate f\u00fcr den Zeitraum vom 1. Juli bis 31. Dezember dieses Jahres belegt, die sofort g\u00fcltig ist.<\/p>\n<h3><span style=\"text-decoration: underline;\">Urteil nicht rechtskr\u00e4ftig &#8211; Maroc legt Berufung ein!<\/span><\/h3>\n<p>Der f\u00e4lschlich erlangte Spielerpass El Baghdadis alias &#8222;Mohamed Mohamed&#8220; wurde f\u00fcr ung\u00fcltig erkl\u00e4rt und ist von der Passtelle des Hessischen Fu\u00dfball-Verbandes einzuziehen. Zudem wurde der Akteur zu einer Sperre von 32 Pflichtspielen beginnend ab dem 30. Juni verdonnert. Das Urteil ist jedoch noch nicht rechtskr\u00e4ftig, da der FC Maroc gegen das erstinstanzliche Urteil das Rechtsmittel des Berufung eingelegt hat. Der Fall geht nun vor das Verbandsgericht. &#8222;Bis zu einer abschlie\u00dfenden Entscheidung des Berufungsgerichts ist nicht klar, in welcher Liga der FC Maroc in der kommenden Runde spielen wird. Weiterhin ist in der Folge des Urteils die Ligenzugeh\u00f6rigkeit der Vereine FV Eschersheim und FC City f\u00fcr die kommende Saison nicht gekl\u00e4rt, da sich Ver\u00e4nderungen in der Abschlusstabelle, diese beiden Vereine betreffend, ergeben haben&#8220;, erkl\u00e4rt Kreisfu\u00dfballwart Thorsten Bastian.<\/p>\n<p>Somit bestehe derzeit auch keine M\u00f6glichkeit die Spielpl\u00e4ne final zu erstellen und den Vereinen zur Versendung zu bringen. &#8222;Mit der Zuordnung der Spielklassen f\u00fcr die Vereine FC City und FV Eschersheim befassen sich derzeit die Juristen auf der Gesch\u00e4ftsstelle des Hessischen Fu\u00dfball-Verbandes in Abstimmung mit dem Verbandsspielausschuss&#8220;, teilte Bastian mit.<\/p>\n","protected":false},"excerpt":{"rendered":"<p>Erdbeben in der Kreisliga A1! Der FC Maroc muss nach einem drastischen Urteil des Kreissportgerichtes den nachtr\u00e4glichen Abstieg in die B-Klasse bef\u00fcrchten, hat aber das Rechtsmittel der Berufung eingelegt. Wegen des Einsatzes des nicht spielberechtigten Spielers Amin Mohamed Mohamed El Baghdadi in 13 Punktspielen der abgelaufenen Saison in der Fu\u00dfball-Kreisliga A Frankfurt (Gruppe 1) ist [&hellip;]<\/p>\n","protected":false},"author":1,"featured_media":26362,"comment_status":"closed","ping_status":"closed","sticky":true,"template":"","format":"standard","meta":{"footnotes":""},"categories":[12],"tags":[],"class_list":["post-26361","post","type-post","status-publish","format-standard","has-post-thumbnail","hentry","category-kreisliga-a1"],"_links":{"self":[{"href":"https:\/\/insideamateurfussball-ffm.de\/index.php?rest_route=\/wp\/v2\/posts\/26361","targetHints":{"allow":["GET"]}}],"collection":[{"href":"https:\/\/insideamateurfussball-ffm.de\/index.php?rest_route=\/wp\/v2\/posts"}],"about":[{"href":"https:\/\/insideamateurfussball-ffm.de\/index.php?rest_route=\/wp\/v2\/types\/post"}],"author":[{"embeddable":true,"href":"https:\/\/insideamateurfussball-ffm.de\/index.php?rest_route=\/wp\/v2\/users\/1"}],"replies":[{"embeddable":true,"href":"https:\/\/insideamateurfussball-ffm.de\/index.php?rest_route=%2Fwp%2Fv2%2Fcomments&post=26361"}],"version-history":[{"count":3,"href":"https:\/\/insideamateurfussball-ffm.de\/index.php?rest_route=\/wp\/v2\/posts\/26361\/revisions"}],"predecessor-version":[{"id":26365,"href":"https:\/\/insideamateurfussball-ffm.de\/index.php?rest_route=\/wp\/v2\/posts\/26361\/revisions\/26365"}],"wp:featuredmedia":[{"embeddable":true,"href":"https:\/\/insideamateurfussball-ffm.de\/index.php?rest_route=\/wp\/v2\/media\/26362"}],"wp:attachment":[{"href":"https:\/\/insideamateurfussball-ffm.de\/index.php?rest_route=%2Fwp%2Fv2%2Fmedia&parent=26361"}],"wp:term":[{"taxonomy":"category","embeddable":true,"href":"https:\/\/insideamateurfussball-ffm.de\/index.php?rest_route=%2Fwp%2Fv2%2Fcategories&post=26361"},{"taxonomy":"post_tag","embeddable":true,"href":"https:\/\/insideamateurfussball-ffm.de\/index.php?rest_route=%2Fwp%2Fv2%2Ftags&post=26361"}],"curies":[{"name":"wp","href":"https:\/\/api.w.org\/{rel}","templated":true}]}}