{"id":26349,"date":"2025-06-30T21:20:34","date_gmt":"2025-06-30T20:20:34","guid":{"rendered":"https:\/\/insideamateurfussball-ffm.de\/?p=26349"},"modified":"2025-06-30T21:20:34","modified_gmt":"2025-06-30T20:20:34","slug":"tuerkguecue-mit-erneuertem-kader-06-im-ersten-test","status":"publish","type":"post","link":"https:\/\/insideamateurfussball-ffm.de\/?p=26349","title":{"rendered":"T\u00fcrkg\u00fcc\u00fc mit erneuertem Kader &#8211; 0:6 im ersten Test"},"content":{"rendered":"<h3>Mit runderneuertem Kader geht der TSKV T\u00fcrkg\u00fcc\u00fc Frankfurt unter der Regie des neuen Trainers Murtaza Taher in seine zweite Gruppenliga-Saison. Im ersten Test gegen S\u00fcdwest-Verbandsligist TSG 1846 Mainz-Bretzenheim deutete sich bei der 0:6-Niederlage an, dass es mit diesem Aufgebot schwer werden d\u00fcrfte, in der Klasse zu bleiben.\u00a0<\/h3>\n<figure id=\"attachment_26350\" aria-describedby=\"caption-attachment-26350\" style=\"width: 886px\" class=\"wp-caption alignnone\"><img loading=\"lazy\" decoding=\"async\" class=\"wp-image-26350 size-full\" src=\"http:\/\/insideamateurfussball-ffm.de\/wp-content\/uploads\/2025\/06\/tuerkguecue4-1.jpg\" alt=\"\" width=\"886\" height=\"664\" srcset=\"https:\/\/insideamateurfussball-ffm.de\/wp-content\/uploads\/2025\/06\/tuerkguecue4-1.jpg 886w, https:\/\/insideamateurfussball-ffm.de\/wp-content\/uploads\/2025\/06\/tuerkguecue4-1-300x225.jpg 300w, https:\/\/insideamateurfussball-ffm.de\/wp-content\/uploads\/2025\/06\/tuerkguecue4-1-768x576.jpg 768w\" sizes=\"auto, (max-width: 886px) 100vw, 886px\" \/><figcaption id=\"caption-attachment-26350\" class=\"wp-caption-text\">Kapit\u00e4n Emre Kadimli muss sich mit vielen neuen Spielern einspielen. Foto: Mithat G\u00fcrser.\u00a0<\/figcaption><\/figure>\n<h3>TSKV T\u00fcrkg\u00fcc\u00fc Frankfurt &#8211; TSG 1846 Mainz-Bretzenheim 0:6 (0:2)<\/h3>\n<p><img loading=\"lazy\" decoding=\"async\" class=\"alignnone size-full wp-image-17\" src=\"http:\/\/insideamateurfussball-ffm.de\/wp-content\/uploads\/2021\/11\/Tuerkguecue.jpg\" alt=\"\" width=\"72\" height=\"80\" \/><img loading=\"lazy\" decoding=\"async\" class=\"alignnone size-full wp-image-26351\" src=\"http:\/\/insideamateurfussball-ffm.de\/wp-content\/uploads\/2025\/06\/Bretz.jpg\" alt=\"\" width=\"80\" height=\"80\" \/><\/p>\n<p>Die Partie begann um 17.30 Uhr am Rebstock, wo \u00fcberraschend auf dem erst k\u00fcrzlich freigegebenen zweiten Kunstrasenplatz gespielt wurde. Gegner von Gruppenligist T\u00fcrkg\u00fcc\u00fc war ein Verein aus der Verbandsliga S\u00fcdwest im benachbarten Bundesland Rheinland-Pfalz. Der war dann auch gegen die stark ver\u00e4nderte Mannschaft der Gastgeber klar \u00fcberlegen, auch wenn der kleinliche Schiedsrichter vier Elfmeter verh\u00e4ngte, von denen je einer pro Team verschossen wurde.<\/p>\n<p>Der neue T\u00fcrkg\u00fcc\u00fc-Tormann Maxim Schwab hielt einen Strafsto\u00df (22.), den ersten hatte er noch passieren lassen (9.). Nach dem Seitenwechsel hatte der bekannteste Neuzugang Flavio Alberto Cuna einen Elfmeter neben das Tor geschossen (50.). Der Mosambikaner spielte in der Verbandsliga S\u00fcd schon f\u00fcr Rot-Weiss Frankfurt und Rot-Wei\u00df Darmstadt.<\/p>\n<h3><span style=\"text-decoration: underline;\">Unn\u00f6tige Diskussionen um den Ausspruch &#8222;Endlich mal kein Elfmeter&#8220;<\/span><\/h3>\n<p>Im zweiten Abschnitt konnten die Gastgeber, auch wenn es nur ein Test war, jedenfalls kein Land mehr sehen. Der dritte Elfmeter der Rheinhessen wurde vier Minuten nach Cunas Fehlschuss zum 0:3 verwandelt (54.). Unn\u00f6tig auch die Diskussion um den Ausspruch &#8222;Endlich mal kein Elfmeter&#8220; nach dem 0:4 in der 56. Minute, ob es nun vom Vertreter der Bretzenheimer ironisch gemeint war oder nicht.<\/p>\n<p>Kein Grund sich deswegen zu streiten, das sahen die Protagonisten immerhin dann nach einigen Diskussionen auch ein. Unn\u00f6tig auch die Nachspielzeit von drei Minuten beim Stande von 0:6 und 33 Grad. Hier h\u00e4tte der Schiedsrichter auch p\u00fcnktlich abpfeifen k\u00f6nnen.<\/p>\n<h3><span style=\"text-decoration: underline;\">Schiedsrichter: Luka Strajnar (TuS Nieder-Eschbach). Zuschauer: 56. <\/span><\/h3>\n<h3><span style=\"text-decoration: underline;\">Tore: 0:1 Luca Giovanni Lucente (11.\/Foulelfmeter), 0:2 Tamim Noory (39.), 0:3 Dario Deserio (54.\/Foulelfmeter), 0:4 Lennart Markus Leismann (56.), 0:5 Moritz Sonnenschein (63.), 0:6 Leander Rosinus (78.). <\/span><\/h3>\n<h3><span style=\"text-decoration: underline;\">Bildergalerie: Mithat G\u00fcrser war auch hier bei 33 Grad vor Ort!\u00a0<\/span><\/h3>\n\n\n<figure class=\"wp-block-gallery has-nested-images columns-default is-cropped wp-block-gallery-1 is-layout-flex wp-block-gallery-is-layout-flex\">\n<figure class=\"wp-block-image size-large\"><img loading=\"lazy\" decoding=\"async\" width=\"886\" height=\"605\" data-id=\"26352\" src=\"https:\/\/insideamateurfussball-ffm.de\/wp-content\/uploads\/2025\/06\/turkguecue7.jpg\" alt=\"\" class=\"wp-image-26352\" srcset=\"https:\/\/insideamateurfussball-ffm.de\/wp-content\/uploads\/2025\/06\/turkguecue7.jpg 886w, https:\/\/insideamateurfussball-ffm.de\/wp-content\/uploads\/2025\/06\/turkguecue7-300x205.jpg 300w, https:\/\/insideamateurfussball-ffm.de\/wp-content\/uploads\/2025\/06\/turkguecue7-768x524.jpg 768w\" sizes=\"auto, (max-width: 886px) 100vw, 886px\" \/><\/figure>\n<\/figure>\n\n\n\n<figure class=\"wp-block-gallery has-nested-images columns-default is-cropped wp-block-gallery-2 is-layout-flex wp-block-gallery-is-layout-flex\">\n<figure class=\"wp-block-image size-large\"><img loading=\"lazy\" decoding=\"async\" width=\"886\" height=\"664\" data-id=\"26353\" src=\"https:\/\/insideamateurfussball-ffm.de\/wp-content\/uploads\/2025\/06\/turkguecue11.jpg\" alt=\"\" class=\"wp-image-26353\" srcset=\"https:\/\/insideamateurfussball-ffm.de\/wp-content\/uploads\/2025\/06\/turkguecue11.jpg 886w, https:\/\/insideamateurfussball-ffm.de\/wp-content\/uploads\/2025\/06\/turkguecue11-300x225.jpg 300w, https:\/\/insideamateurfussball-ffm.de\/wp-content\/uploads\/2025\/06\/turkguecue11-768x576.jpg 768w\" sizes=\"auto, (max-width: 886px) 100vw, 886px\" \/><\/figure>\n<\/figure>\n\n\n\n<figure class=\"wp-block-gallery has-nested-images columns-default is-cropped wp-block-gallery-3 is-layout-flex wp-block-gallery-is-layout-flex\">\n<figure class=\"wp-block-image size-large\"><img loading=\"lazy\" decoding=\"async\" width=\"886\" height=\"692\" data-id=\"26354\" src=\"https:\/\/insideamateurfussball-ffm.de\/wp-content\/uploads\/2025\/06\/turkgucu6.jpg\" alt=\"\" class=\"wp-image-26354\" srcset=\"https:\/\/insideamateurfussball-ffm.de\/wp-content\/uploads\/2025\/06\/turkgucu6.jpg 886w, https:\/\/insideamateurfussball-ffm.de\/wp-content\/uploads\/2025\/06\/turkgucu6-300x234.jpg 300w, https:\/\/insideamateurfussball-ffm.de\/wp-content\/uploads\/2025\/06\/turkgucu6-768x600.jpg 768w\" sizes=\"auto, (max-width: 886px) 100vw, 886px\" \/><\/figure>\n<\/figure>\n\n\n\n<figure class=\"wp-block-gallery has-nested-images columns-default is-cropped wp-block-gallery-4 is-layout-flex wp-block-gallery-is-layout-flex\">\n<figure class=\"wp-block-image size-large\"><img loading=\"lazy\" decoding=\"async\" width=\"886\" height=\"617\" data-id=\"26355\" src=\"https:\/\/insideamateurfussball-ffm.de\/wp-content\/uploads\/2025\/06\/turkguecue8.jpg\" alt=\"\" class=\"wp-image-26355\" srcset=\"https:\/\/insideamateurfussball-ffm.de\/wp-content\/uploads\/2025\/06\/turkguecue8.jpg 886w, https:\/\/insideamateurfussball-ffm.de\/wp-content\/uploads\/2025\/06\/turkguecue8-300x209.jpg 300w, https:\/\/insideamateurfussball-ffm.de\/wp-content\/uploads\/2025\/06\/turkguecue8-768x535.jpg 768w\" sizes=\"auto, (max-width: 886px) 100vw, 886px\" \/><\/figure>\n<\/figure>\n\n\n\n<figure class=\"wp-block-gallery has-nested-images columns-default is-cropped wp-block-gallery-5 is-layout-flex wp-block-gallery-is-layout-flex\">\n<figure class=\"wp-block-image size-large\"><img loading=\"lazy\" decoding=\"async\" width=\"886\" height=\"646\" data-id=\"26356\" src=\"https:\/\/insideamateurfussball-ffm.de\/wp-content\/uploads\/2025\/06\/turkguecue1.jpg\" alt=\"\" class=\"wp-image-26356\" srcset=\"https:\/\/insideamateurfussball-ffm.de\/wp-content\/uploads\/2025\/06\/turkguecue1.jpg 886w, https:\/\/insideamateurfussball-ffm.de\/wp-content\/uploads\/2025\/06\/turkguecue1-300x219.jpg 300w, https:\/\/insideamateurfussball-ffm.de\/wp-content\/uploads\/2025\/06\/turkguecue1-768x560.jpg 768w\" sizes=\"auto, (max-width: 886px) 100vw, 886px\" \/><\/figure>\n<\/figure>\n\n\n\n<figure class=\"wp-block-gallery has-nested-images columns-default is-cropped wp-block-gallery-6 is-layout-flex wp-block-gallery-is-layout-flex\">\n<figure class=\"wp-block-image size-large\"><img loading=\"lazy\" decoding=\"async\" width=\"886\" height=\"579\" data-id=\"26357\" src=\"https:\/\/insideamateurfussball-ffm.de\/wp-content\/uploads\/2025\/06\/turkguecue6.jpg\" alt=\"\" class=\"wp-image-26357\" srcset=\"https:\/\/insideamateurfussball-ffm.de\/wp-content\/uploads\/2025\/06\/turkguecue6.jpg 886w, https:\/\/insideamateurfussball-ffm.de\/wp-content\/uploads\/2025\/06\/turkguecue6-300x196.jpg 300w, https:\/\/insideamateurfussball-ffm.de\/wp-content\/uploads\/2025\/06\/turkguecue6-768x502.jpg 768w\" sizes=\"auto, (max-width: 886px) 100vw, 886px\" \/><\/figure>\n<\/figure>\n\n\n\n<figure class=\"wp-block-gallery has-nested-images columns-default is-cropped wp-block-gallery-7 is-layout-flex wp-block-gallery-is-layout-flex\">\n<figure class=\"wp-block-image size-large\"><img loading=\"lazy\" decoding=\"async\" width=\"1024\" height=\"648\" data-id=\"26358\" src=\"https:\/\/insideamateurfussball-ffm.de\/wp-content\/uploads\/2025\/06\/turkgucu9-1024x648.jpg\" alt=\"\" class=\"wp-image-26358\" srcset=\"https:\/\/insideamateurfussball-ffm.de\/wp-content\/uploads\/2025\/06\/turkgucu9-1024x648.jpg 1024w, https:\/\/insideamateurfussball-ffm.de\/wp-content\/uploads\/2025\/06\/turkgucu9-300x190.jpg 300w, https:\/\/insideamateurfussball-ffm.de\/wp-content\/uploads\/2025\/06\/turkgucu9-768x486.jpg 768w, https:\/\/insideamateurfussball-ffm.de\/wp-content\/uploads\/2025\/06\/turkgucu9.jpg 1182w\" sizes=\"auto, (max-width: 1024px) 100vw, 1024px\" \/><\/figure>\n<\/figure>\n\n\n\n<figure class=\"wp-block-gallery has-nested-images columns-default is-cropped wp-block-gallery-8 is-layout-flex wp-block-gallery-is-layout-flex\">\n<figure class=\"wp-block-image size-large\"><img loading=\"lazy\" decoding=\"async\" width=\"886\" height=\"614\" data-id=\"26359\" src=\"https:\/\/insideamateurfussball-ffm.de\/wp-content\/uploads\/2025\/06\/turkguecue2.jpg\" alt=\"\" class=\"wp-image-26359\" srcset=\"https:\/\/insideamateurfussball-ffm.de\/wp-content\/uploads\/2025\/06\/turkguecue2.jpg 886w, https:\/\/insideamateurfussball-ffm.de\/wp-content\/uploads\/2025\/06\/turkguecue2-300x208.jpg 300w, https:\/\/insideamateurfussball-ffm.de\/wp-content\/uploads\/2025\/06\/turkguecue2-768x532.jpg 768w\" sizes=\"auto, (max-width: 886px) 100vw, 886px\" \/><\/figure>\n<\/figure>\n","protected":false},"excerpt":{"rendered":"<p>Mit runderneuertem Kader geht der TSKV T\u00fcrkg\u00fcc\u00fc Frankfurt unter der Regie des neuen Trainers Murtaza Taher in seine zweite Gruppenliga-Saison. Im ersten Test gegen S\u00fcdwest-Verbandsligist TSG 1846 Mainz-Bretzenheim deutete sich bei der 0:6-Niederlage an, dass es mit diesem Aufgebot schwer werden d\u00fcrfte, in der Klasse zu bleiben.\u00a0 TSKV T\u00fcrkg\u00fcc\u00fc Frankfurt &#8211; TSG 1846 Mainz-Bretzenheim 0:6 [&hellip;]<\/p>\n","protected":false},"author":1,"featured_media":26350,"comment_status":"closed","ping_status":"closed","sticky":true,"template":"","format":"standard","meta":{"footnotes":""},"categories":[21],"tags":[],"class_list":["post-26349","post","type-post","status-publish","format-standard","has-post-thumbnail","hentry","category-testspiele"],"_links":{"self":[{"href":"https:\/\/insideamateurfussball-ffm.de\/index.php?rest_route=\/wp\/v2\/posts\/26349","targetHints":{"allow":["GET"]}}],"collection":[{"href":"https:\/\/insideamateurfussball-ffm.de\/index.php?rest_route=\/wp\/v2\/posts"}],"about":[{"href":"https:\/\/insideamateurfussball-ffm.de\/index.php?rest_route=\/wp\/v2\/types\/post"}],"author":[{"embeddable":true,"href":"https:\/\/insideamateurfussball-ffm.de\/index.php?rest_route=\/wp\/v2\/users\/1"}],"replies":[{"embeddable":true,"href":"https:\/\/insideamateurfussball-ffm.de\/index.php?rest_route=%2Fwp%2Fv2%2Fcomments&post=26349"}],"version-history":[{"count":1,"href":"https:\/\/insideamateurfussball-ffm.de\/index.php?rest_route=\/wp\/v2\/posts\/26349\/revisions"}],"predecessor-version":[{"id":26360,"href":"https:\/\/insideamateurfussball-ffm.de\/index.php?rest_route=\/wp\/v2\/posts\/26349\/revisions\/26360"}],"wp:featuredmedia":[{"embeddable":true,"href":"https:\/\/insideamateurfussball-ffm.de\/index.php?rest_route=\/wp\/v2\/media\/26350"}],"wp:attachment":[{"href":"https:\/\/insideamateurfussball-ffm.de\/index.php?rest_route=%2Fwp%2Fv2%2Fmedia&parent=26349"}],"wp:term":[{"taxonomy":"category","embeddable":true,"href":"https:\/\/insideamateurfussball-ffm.de\/index.php?rest_route=%2Fwp%2Fv2%2Fcategories&post=26349"},{"taxonomy":"post_tag","embeddable":true,"href":"https:\/\/insideamateurfussball-ffm.de\/index.php?rest_route=%2Fwp%2Fv2%2Ftags&post=26349"}],"curies":[{"name":"wp","href":"https:\/\/api.w.org\/{rel}","templated":true}]}}