{"id":26341,"date":"2025-06-30T20:48:20","date_gmt":"2025-06-30T19:48:20","guid":{"rendered":"https:\/\/insideamateurfussball-ffm.de\/?p=26341"},"modified":"2025-06-30T20:48:20","modified_gmt":"2025-06-30T19:48:20","slug":"bosnien-siegt-im-ersten-test-dank-secouba-diatta","status":"publish","type":"post","link":"https:\/\/insideamateurfussball-ffm.de\/?p=26341","title":{"rendered":"Bosnien siegt im ersten Test dank Secouba Diatta"},"content":{"rendered":"<h3>Der SV Bosnien\/Herzegowina gewann sein erstes Testspiel bei tropischen Temperaturen mit 2:1 gegen den SV Dersim R\u00fcsselsheim aus der Gruppenliga Darmstadt.\u00a0<\/h3>\n<figure id=\"attachment_26342\" aria-describedby=\"caption-attachment-26342\" style=\"width: 861px\" class=\"wp-caption alignnone\"><img loading=\"lazy\" decoding=\"async\" class=\"wp-image-26342 size-full\" src=\"http:\/\/insideamateurfussball-ffm.de\/wp-content\/uploads\/2025\/06\/bos-3.jpg\" alt=\"\" width=\"861\" height=\"630\" srcset=\"https:\/\/insideamateurfussball-ffm.de\/wp-content\/uploads\/2025\/06\/bos-3.jpg 861w, https:\/\/insideamateurfussball-ffm.de\/wp-content\/uploads\/2025\/06\/bos-3-300x220.jpg 300w, https:\/\/insideamateurfussball-ffm.de\/wp-content\/uploads\/2025\/06\/bos-3-768x562.jpg 768w\" sizes=\"auto, (max-width: 861px) 100vw, 861px\" \/><figcaption id=\"caption-attachment-26342\" class=\"wp-caption-text\">Luftkampf: Bosniens Torsch\u00fctze Diabang beim Kopfball. Foto: Mithat G\u00fcrser.<\/figcaption><\/figure>\n<h3>SV Bosnien\/Herzegowina &#8211; SV Dersim R\u00fcsselsheim 2:1 (1:1)<\/h3>\n<p><img loading=\"lazy\" decoding=\"async\" class=\"alignnone size-full wp-image-139\" src=\"http:\/\/insideamateurfussball-ffm.de\/wp-content\/uploads\/2022\/05\/Bosnien.jpg\" alt=\"\" width=\"79\" height=\"80\" \/><img loading=\"lazy\" decoding=\"async\" class=\"alignnone size-full wp-image-268\" src=\"http:\/\/insideamateurfussball-ffm.de\/wp-content\/uploads\/2022\/05\/Dersim.jpg\" alt=\"\" width=\"80\" height=\"70\" \/><\/p>\n<p>Der Frankfurter West-Gruppenligist hat f\u00fcr die kommende Saison personell aufger\u00fcstet und vor allem Spieler vom bisherigen Ost-Gruppenligisten VfR Kesselstadt aus dem Kreis Hanau geholt. Bei den G\u00e4sten standen mit Turgay Akbulut (kam von der SG Hoechst) und Shelby Printemps (T\u00fcrk G\u00fcc\u00fc Friedberg) zwei ehemalige Hessenliga-Spieler im Aufgebot.<\/p>\n<p>Auch wenn Dersim-Trainer Dogan Erdogan seinen Unmut \u00fcber die seiner Ansicht nach harten Gangart der Gastgeber kundtat und dazu auch mal kurzzeitig den Platz betrat und daf\u00fcr die Gelbe Karte sah, ging es zuweilen hitzig zu, aber alles blieb doch im Rahmen.<\/p>\n<p>Boubacar Dialiba Diabang hatte die Bosnier in F\u00fchrung gebracht (10.), die Dersim-Akteur Deniz Celik ausglich (19.). Nach dem Seitenwechsel erzielte St\u00fcrmer Secouba Diatta mit einem sehenswerten Treffer aus 30 Metern den Treffer zum 2:1 (74.).\u00a0<\/p>\n<h3><span style=\"text-decoration: underline;\">Schiedsrichter: Albano Cela (SV Bonames). Zuschauer: 83. <\/span><\/h3>\n<h3><span style=\"text-decoration: underline;\">Tore: 1:0 Boubacar Dialiba Diabang (10.), 1:1 Deniz Celik (19.), 2:1 Secouba Diatta (74.). <\/span><\/h3>\n<h3><span style=\"text-decoration: underline;\">Bildergalerie: Mithat G\u00fcrser war trotz 33 Grad um 15 Uhr vor Ort!<\/span><\/h3>\n<p>\u00a0<\/p>\n\n\n<figure class=\"wp-block-gallery has-nested-images columns-default is-cropped wp-block-gallery-1 is-layout-flex wp-block-gallery-is-layout-flex\">\n<figure class=\"wp-block-image size-large\"><img loading=\"lazy\" decoding=\"async\" width=\"886\" height=\"624\" data-id=\"26343\" src=\"https:\/\/insideamateurfussball-ffm.de\/wp-content\/uploads\/2025\/06\/bos-6.jpg\" alt=\"\" class=\"wp-image-26343\" srcset=\"https:\/\/insideamateurfussball-ffm.de\/wp-content\/uploads\/2025\/06\/bos-6.jpg 886w, https:\/\/insideamateurfussball-ffm.de\/wp-content\/uploads\/2025\/06\/bos-6-300x211.jpg 300w, https:\/\/insideamateurfussball-ffm.de\/wp-content\/uploads\/2025\/06\/bos-6-768x541.jpg 768w\" sizes=\"auto, (max-width: 886px) 100vw, 886px\" \/><\/figure>\n<\/figure>\n\n\n\n<figure class=\"wp-block-gallery has-nested-images columns-default is-cropped wp-block-gallery-2 is-layout-flex wp-block-gallery-is-layout-flex\">\n<figure class=\"wp-block-image size-large\"><img loading=\"lazy\" decoding=\"async\" width=\"886\" height=\"617\" data-id=\"26344\" src=\"https:\/\/insideamateurfussball-ffm.de\/wp-content\/uploads\/2025\/06\/bos-4.jpg\" alt=\"\" class=\"wp-image-26344\" srcset=\"https:\/\/insideamateurfussball-ffm.de\/wp-content\/uploads\/2025\/06\/bos-4.jpg 886w, https:\/\/insideamateurfussball-ffm.de\/wp-content\/uploads\/2025\/06\/bos-4-300x209.jpg 300w, https:\/\/insideamateurfussball-ffm.de\/wp-content\/uploads\/2025\/06\/bos-4-768x535.jpg 768w\" sizes=\"auto, (max-width: 886px) 100vw, 886px\" \/><\/figure>\n<\/figure>\n\n\n\n<figure class=\"wp-block-gallery has-nested-images columns-default is-cropped wp-block-gallery-3 is-layout-flex wp-block-gallery-is-layout-flex\">\n<figure class=\"wp-block-image size-large\"><img loading=\"lazy\" decoding=\"async\" width=\"886\" height=\"623\" data-id=\"26345\" src=\"https:\/\/insideamateurfussball-ffm.de\/wp-content\/uploads\/2025\/06\/bos-1.jpg\" alt=\"\" class=\"wp-image-26345\" srcset=\"https:\/\/insideamateurfussball-ffm.de\/wp-content\/uploads\/2025\/06\/bos-1.jpg 886w, https:\/\/insideamateurfussball-ffm.de\/wp-content\/uploads\/2025\/06\/bos-1-300x211.jpg 300w, https:\/\/insideamateurfussball-ffm.de\/wp-content\/uploads\/2025\/06\/bos-1-768x540.jpg 768w\" sizes=\"auto, (max-width: 886px) 100vw, 886px\" \/><\/figure>\n<\/figure>\n\n\n\n<figure class=\"wp-block-gallery has-nested-images columns-default is-cropped wp-block-gallery-4 is-layout-flex wp-block-gallery-is-layout-flex\">\n<figure class=\"wp-block-image size-large\"><img loading=\"lazy\" decoding=\"async\" width=\"886\" height=\"648\" data-id=\"26346\" src=\"https:\/\/insideamateurfussball-ffm.de\/wp-content\/uploads\/2025\/06\/bos-5.jpg\" alt=\"\" class=\"wp-image-26346\" srcset=\"https:\/\/insideamateurfussball-ffm.de\/wp-content\/uploads\/2025\/06\/bos-5.jpg 886w, https:\/\/insideamateurfussball-ffm.de\/wp-content\/uploads\/2025\/06\/bos-5-300x219.jpg 300w, https:\/\/insideamateurfussball-ffm.de\/wp-content\/uploads\/2025\/06\/bos-5-768x562.jpg 768w\" sizes=\"auto, (max-width: 886px) 100vw, 886px\" \/><\/figure>\n<\/figure>\n\n\n\n<figure class=\"wp-block-gallery has-nested-images columns-default is-cropped wp-block-gallery-5 is-layout-flex wp-block-gallery-is-layout-flex\">\n<figure class=\"wp-block-image size-large\"><img loading=\"lazy\" decoding=\"async\" width=\"886\" height=\"610\" data-id=\"26347\" src=\"https:\/\/insideamateurfussball-ffm.de\/wp-content\/uploads\/2025\/06\/bos-2.jpg\" alt=\"\" class=\"wp-image-26347\" srcset=\"https:\/\/insideamateurfussball-ffm.de\/wp-content\/uploads\/2025\/06\/bos-2.jpg 886w, https:\/\/insideamateurfussball-ffm.de\/wp-content\/uploads\/2025\/06\/bos-2-300x207.jpg 300w, https:\/\/insideamateurfussball-ffm.de\/wp-content\/uploads\/2025\/06\/bos-2-768x529.jpg 768w\" sizes=\"auto, (max-width: 886px) 100vw, 886px\" \/><\/figure>\n<\/figure>\n","protected":false},"excerpt":{"rendered":"<p>Der SV Bosnien\/Herzegowina gewann sein erstes Testspiel bei tropischen Temperaturen mit 2:1 gegen den SV Dersim R\u00fcsselsheim aus der Gruppenliga Darmstadt.\u00a0 SV Bosnien\/Herzegowina &#8211; SV Dersim R\u00fcsselsheim 2:1 (1:1) Der Frankfurter West-Gruppenligist hat f\u00fcr die kommende Saison personell aufger\u00fcstet und vor allem Spieler vom bisherigen Ost-Gruppenligisten VfR Kesselstadt aus dem Kreis Hanau geholt. Bei den [&hellip;]<\/p>\n","protected":false},"author":1,"featured_media":26342,"comment_status":"closed","ping_status":"closed","sticky":true,"template":"","format":"standard","meta":{"footnotes":""},"categories":[21],"tags":[],"class_list":["post-26341","post","type-post","status-publish","format-standard","has-post-thumbnail","hentry","category-testspiele"],"_links":{"self":[{"href":"https:\/\/insideamateurfussball-ffm.de\/index.php?rest_route=\/wp\/v2\/posts\/26341","targetHints":{"allow":["GET"]}}],"collection":[{"href":"https:\/\/insideamateurfussball-ffm.de\/index.php?rest_route=\/wp\/v2\/posts"}],"about":[{"href":"https:\/\/insideamateurfussball-ffm.de\/index.php?rest_route=\/wp\/v2\/types\/post"}],"author":[{"embeddable":true,"href":"https:\/\/insideamateurfussball-ffm.de\/index.php?rest_route=\/wp\/v2\/users\/1"}],"replies":[{"embeddable":true,"href":"https:\/\/insideamateurfussball-ffm.de\/index.php?rest_route=%2Fwp%2Fv2%2Fcomments&post=26341"}],"version-history":[{"count":1,"href":"https:\/\/insideamateurfussball-ffm.de\/index.php?rest_route=\/wp\/v2\/posts\/26341\/revisions"}],"predecessor-version":[{"id":26348,"href":"https:\/\/insideamateurfussball-ffm.de\/index.php?rest_route=\/wp\/v2\/posts\/26341\/revisions\/26348"}],"wp:featuredmedia":[{"embeddable":true,"href":"https:\/\/insideamateurfussball-ffm.de\/index.php?rest_route=\/wp\/v2\/media\/26342"}],"wp:attachment":[{"href":"https:\/\/insideamateurfussball-ffm.de\/index.php?rest_route=%2Fwp%2Fv2%2Fmedia&parent=26341"}],"wp:term":[{"taxonomy":"category","embeddable":true,"href":"https:\/\/insideamateurfussball-ffm.de\/index.php?rest_route=%2Fwp%2Fv2%2Fcategories&post=26341"},{"taxonomy":"post_tag","embeddable":true,"href":"https:\/\/insideamateurfussball-ffm.de\/index.php?rest_route=%2Fwp%2Fv2%2Ftags&post=26341"}],"curies":[{"name":"wp","href":"https:\/\/api.w.org\/{rel}","templated":true}]}}