{"id":26333,"date":"2025-06-28T22:31:31","date_gmt":"2025-06-28T21:31:31","guid":{"rendered":"https:\/\/insideamateurfussball-ffm.de\/?p=26333"},"modified":"2025-06-28T22:31:31","modified_gmt":"2025-06-28T21:31:31","slug":"eintracht-frankfurt-ii-startet-gegen-rw-walldorf","status":"publish","type":"post","link":"https:\/\/insideamateurfussball-ffm.de\/?p=26333","title":{"rendered":"Eintracht Frankfurt II startet gegen RW Walldorf"},"content":{"rendered":"<h3>Zwei Jahre nach der Meisterschaft und den damit verbundenen Aufstieg in die Regionalliga S\u00fcdwest ist Eintracht Frankfurt II wieder in die Hessenliga abgestiegen. F\u00fcr uns von Inside Amateurfu\u00dfball Ffm bedeutet das: Wir nehmen die Berichterstattung \u00fcber die U21-Mannschaft des Bundesligisten wieder auf.<\/h3>\n<figure id=\"attachment_26334\" aria-describedby=\"caption-attachment-26334\" style=\"width: 640px\" class=\"wp-caption alignright\"><img loading=\"lazy\" decoding=\"async\" class=\"wp-image-26334 size-large\" src=\"http:\/\/insideamateurfussball-ffm.de\/wp-content\/uploads\/2025\/06\/Ein--1024x768.jpg\" alt=\"\" width=\"640\" height=\"480\" srcset=\"https:\/\/insideamateurfussball-ffm.de\/wp-content\/uploads\/2025\/06\/Ein--1024x768.jpg 1024w, https:\/\/insideamateurfussball-ffm.de\/wp-content\/uploads\/2025\/06\/Ein--300x225.jpg 300w, https:\/\/insideamateurfussball-ffm.de\/wp-content\/uploads\/2025\/06\/Ein--768x576.jpg 768w, https:\/\/insideamateurfussball-ffm.de\/wp-content\/uploads\/2025\/06\/Ein--1536x1152.jpg 1536w, https:\/\/insideamateurfussball-ffm.de\/wp-content\/uploads\/2025\/06\/Ein-.jpg 2048w\" sizes=\"auto, (max-width: 640px) 100vw, 640px\" \/><figcaption id=\"caption-attachment-26334\" class=\"wp-caption-text\">Bilder aus dem Sportpark Dreieich, wo Eintracht II seine Heimspiele austr\u00e4gt, wird es wie hier im Februar 2023 gegen den FC Eddersheim, wieder geben. Foto: Archiv PA.<\/figcaption><\/figure>\n<p><img loading=\"lazy\" decoding=\"async\" class=\"alignnone size-full wp-image-836\" src=\"http:\/\/insideamateurfussball-ffm.de\/wp-content\/uploads\/2022\/06\/SGE.jpg\" alt=\"\" width=\"79\" height=\"80\" \/><\/p>\n<p>Ein erstes Testspiel sollte am Freitagabend gegen den FC Basara Mainz steigen, allerdings unter Ausschluss der \u00d6ffentlichkeit.<\/p>\n<p>Das finden wir, die \u00fcber den Amateurfu\u00dfball berichten wollen, nicht optimal. Aus welchem Grund sollte die \u00d6ffentlichkeit von diesem Spiel ausgeschlossen werden?<\/p>\n<h3><span style=\"text-decoration: underline;\">Unsere Meinung: Testspiele sollten immer \u00f6ffentlich sein<\/span><\/h3>\n<p>Letztlich fand die Partie gar nicht statt, da &#8222;aufgrund diverser Ausf\u00e4lle sich beide Teams auf eine Verlegung des Spiels verst\u00e4ndigt haben. Wir informieren gesondert \u00fcber den Nachholtermin&#8220;, wie auf der Instagram-Seite des eintrachtnlz kommentiert wurde. Wir w\u00fcrden uns gerne in der Vorbereitung ein Bild \u00fcber das neue Eintracht II-Team machen und das eine andere Testspiel besuchen. Deswegen hoffen wir auf Spiele mit Publikum und Pressevertretern, denn andernfalls w\u00e4re es wenig verst\u00e4ndlich, was der Bundesligaverein der \u00d6ffentlichkeit verbergen will.<\/p>\n<p>Unterdessen wurde der Spielplan f\u00fcr die Hessenliga ver\u00f6ffentlicht. Eintracht Frankfurt II startet gegen den Tabellenvierten der letzten Saison Rot-Wei\u00df Walldorf am 2. August in die Saison. Das erste Ausw\u00e4rtsspiel ist am 9. August beim Regionalliga-Mitabsteiger FC Gie\u00dfen.<\/p>\n<h3><span style=\"text-decoration: underline;\">Hessenliga: Der 1. Spieltag am 2.\/3. August: <\/span><\/h3>\n<p>SV Hummetroth (N) &#8211; FC Gie\u00dfen (A)<\/p>\n<p>Hanauer FC 93 &#8211; SV Adler Weidenhausen<\/p>\n<p>FSV Fernwald &#8211; TSV Eintracht Stadtallendorf<\/p>\n<p>H\u00fcnfelder SV &#8211; KSV Baunatal<\/p>\n<p>T\u00fcrk G\u00fcc\u00fc Friedberg &#8211; SV Darmstadt 98 II<\/p>\n<p>Eintracht Frankfurt II (A) &#8211; SV Rot-Wei\u00df Walldorf<\/p>\n<p>CSC 03 Kassel (N) &#8211; VfB Marburg<\/p>\n<p>FC Eddersheim &#8211; SC 1960 Hanau<\/p>\n<p>FC TuBa Pohlheim (N) &#8211; SC Waldgirmes<\/p>\n<h3><span style=\"text-decoration: underline;\">Der 2. Spieltag am 9.\/10. August: <\/span><\/h3>\n<p>TSV Eintracht Stadtallendorf &#8211; 1. Hanauer FC 93<\/p>\n<p>SV Adler Weidenhausen &#8211; FC TuBa Pohlheim (N)<\/p>\n<p>SC Waldgirmes &#8211; FC Eddersheim<\/p>\n<p>FC Gie\u00dfen (A) &#8211; Eintracht Frankfurt II (A)<\/p>\n<p>SV Darmstadt 98 II &#8211; CSC 03 Kassel (N)<\/p>\n<p>VfB Marburg &#8211; H\u00fcnfelder SV<\/p>\n<p>KSV Baunatal &#8211; FSV Fernwald<\/p>\n<p>SC 1960 Hanau &#8211; SV Hummetroth (N)<\/p>\n<p>SV Rot-Wei\u00df Walldorf &#8211; T\u00fcrk G\u00fcc\u00fc Friedberg<\/p>\n","protected":false},"excerpt":{"rendered":"<p>Zwei Jahre nach der Meisterschaft und den damit verbundenen Aufstieg in die Regionalliga S\u00fcdwest ist Eintracht Frankfurt II wieder in die Hessenliga abgestiegen. F\u00fcr uns von Inside Amateurfu\u00dfball Ffm bedeutet das: Wir nehmen die Berichterstattung \u00fcber die U21-Mannschaft des Bundesligisten wieder auf. Ein erstes Testspiel sollte am Freitagabend gegen den FC Basara Mainz steigen, allerdings [&hellip;]<\/p>\n","protected":false},"author":1,"featured_media":26334,"comment_status":"closed","ping_status":"closed","sticky":true,"template":"","format":"standard","meta":{"footnotes":""},"categories":[8,26],"tags":[],"class_list":["post-26333","post","type-post","status-publish","format-standard","has-post-thumbnail","hentry","category-hessenliga","category-spielplaene"],"_links":{"self":[{"href":"https:\/\/insideamateurfussball-ffm.de\/index.php?rest_route=\/wp\/v2\/posts\/26333","targetHints":{"allow":["GET"]}}],"collection":[{"href":"https:\/\/insideamateurfussball-ffm.de\/index.php?rest_route=\/wp\/v2\/posts"}],"about":[{"href":"https:\/\/insideamateurfussball-ffm.de\/index.php?rest_route=\/wp\/v2\/types\/post"}],"author":[{"embeddable":true,"href":"https:\/\/insideamateurfussball-ffm.de\/index.php?rest_route=\/wp\/v2\/users\/1"}],"replies":[{"embeddable":true,"href":"https:\/\/insideamateurfussball-ffm.de\/index.php?rest_route=%2Fwp%2Fv2%2Fcomments&post=26333"}],"version-history":[{"count":1,"href":"https:\/\/insideamateurfussball-ffm.de\/index.php?rest_route=\/wp\/v2\/posts\/26333\/revisions"}],"predecessor-version":[{"id":26335,"href":"https:\/\/insideamateurfussball-ffm.de\/index.php?rest_route=\/wp\/v2\/posts\/26333\/revisions\/26335"}],"wp:featuredmedia":[{"embeddable":true,"href":"https:\/\/insideamateurfussball-ffm.de\/index.php?rest_route=\/wp\/v2\/media\/26334"}],"wp:attachment":[{"href":"https:\/\/insideamateurfussball-ffm.de\/index.php?rest_route=%2Fwp%2Fv2%2Fmedia&parent=26333"}],"wp:term":[{"taxonomy":"category","embeddable":true,"href":"https:\/\/insideamateurfussball-ffm.de\/index.php?rest_route=%2Fwp%2Fv2%2Fcategories&post=26333"},{"taxonomy":"post_tag","embeddable":true,"href":"https:\/\/insideamateurfussball-ffm.de\/index.php?rest_route=%2Fwp%2Fv2%2Ftags&post=26333"}],"curies":[{"name":"wp","href":"https:\/\/api.w.org\/{rel}","templated":true}]}}