{"id":26238,"date":"2025-06-12T17:12:32","date_gmt":"2025-06-12T16:12:32","guid":{"rendered":"https:\/\/insideamateurfussball-ffm.de\/?p=26238"},"modified":"2025-06-12T17:13:35","modified_gmt":"2025-06-12T16:13:35","slug":"fc-city-07-wertung-nichtantritt-abstieg","status":"publish","type":"post","link":"https:\/\/insideamateurfussball-ffm.de\/?p=26238","title":{"rendered":"FC City: 0:7-Wertung, Nichtantritt, Abstieg"},"content":{"rendered":"<h5><span style=\"font-size: 16px;\">F\u00fcr den FC City endet eine desastr\u00f6se Saison mit dem Abstieg in die Kreisliga B. Die regul\u00e4re Saison hatte der 2016 gegr\u00fcndete Club als Vorletzter mit 11 Punkten und 52:194 Toren abgeschlossen. In der Relegation trat man nur zu drei der sechs Halbzeiten an und muss punktlos eine Kategorie nach unten weichen.<\/span><\/h5>\n<h5><span style=\"font-size: 16px;\" data-wp-editing=\"1\"><img loading=\"lazy\" decoding=\"async\" class=\"alignnone size-full wp-image-26239\" src=\"http:\/\/insideamateurfussball-ffm.de\/wp-content\/uploads\/2025\/06\/city-harh4-1.jpg\" alt=\"\" width=\"1004\" height=\"688\" srcset=\"https:\/\/insideamateurfussball-ffm.de\/wp-content\/uploads\/2025\/06\/city-harh4-1.jpg 1004w, https:\/\/insideamateurfussball-ffm.de\/wp-content\/uploads\/2025\/06\/city-harh4-1-300x206.jpg 300w, https:\/\/insideamateurfussball-ffm.de\/wp-content\/uploads\/2025\/06\/city-harh4-1-768x526.jpg 768w\" sizes=\"auto, (max-width: 1004px) 100vw, 1004px\" \/> Der FC City steigt in die Kreisliga B ab. Foto: Archiv Mithat G\u00fcrser.\u00a0<\/span><\/h5>\n<p><img loading=\"lazy\" decoding=\"async\" class=\"alignnone size-full wp-image-1084\" src=\"http:\/\/insideamateurfussball-ffm.de\/wp-content\/uploads\/2022\/07\/City.png\" alt=\"\" width=\"80\" height=\"59\" \/><\/p>\n<p><span style=\"font-size: 16px;\">Im ersten Relegationsspiel hatte City auf neutralem Platz in R\u00f6delheim gegen die SG Harheim II mit 6:7 verloren. Im zweiten Spiel ausw\u00e4rts bei der Spvgg. 05 Oberrad II spielte City nur eine Halbzeit, kam nach dem 0:7-Pausenr\u00fcckstand nicht mehr raus. Das Sportgericht des Kreises unter dem Vorsitz von Swaantje Dirks wertete die Partie mit 7:0 f\u00fcr Oberrad II, verh\u00e4ngte eine Geldstrafe gegen City, sah aber das vorzeitige Spielende nicht als Abbruch an. <\/span><\/p>\n<p><span style=\"font-size: 16px;\">Da der Verein schon w\u00e4hrend der Runde zweimal nicht angetreten war, h\u00e4tte dies als dritter Nichtantritt ausgelegt werden k\u00f6nnen. Davon sah das Sportgericht ab, City hatte aber ohnehin keine Chance mehr auf den Ligaerhalt. City-Vorsitzender Wahib Bensaou sagte das letzte Spiel daheim gegen den nun sicher aufgestiegenen SV Eritrea in der Nacht zum Donnerstag beim Kreisfu\u00dfballwart Thorsten Bastian ab, was ein weiteres Einzelrichterurteil wegen Nichtantritt zu einem Pflichtspiel zur Folge hat.\u00a0\u00a0<\/span><\/p>\n<h5><\/h5>\n","protected":false},"excerpt":{"rendered":"<p>F\u00fcr den FC City endet eine desastr\u00f6se Saison mit dem Abstieg in die Kreisliga B. Die regul\u00e4re Saison hatte der 2016 gegr\u00fcndete Club als Vorletzter mit 11 Punkten und 52:194 Toren abgeschlossen. In der Relegation trat man nur zu drei der sechs Halbzeiten an und muss punktlos eine Kategorie nach unten weichen. Der FC City [&hellip;]<\/p>\n","protected":false},"author":1,"featured_media":26239,"comment_status":"closed","ping_status":"closed","sticky":true,"template":"","format":"standard","meta":{"footnotes":""},"categories":[40,36],"tags":[],"class_list":["post-26238","post","type-post","status-publish","format-standard","has-post-thumbnail","hentry","category-abstieg","category-relegation"],"_links":{"self":[{"href":"https:\/\/insideamateurfussball-ffm.de\/index.php?rest_route=\/wp\/v2\/posts\/26238","targetHints":{"allow":["GET"]}}],"collection":[{"href":"https:\/\/insideamateurfussball-ffm.de\/index.php?rest_route=\/wp\/v2\/posts"}],"about":[{"href":"https:\/\/insideamateurfussball-ffm.de\/index.php?rest_route=\/wp\/v2\/types\/post"}],"author":[{"embeddable":true,"href":"https:\/\/insideamateurfussball-ffm.de\/index.php?rest_route=\/wp\/v2\/users\/1"}],"replies":[{"embeddable":true,"href":"https:\/\/insideamateurfussball-ffm.de\/index.php?rest_route=%2Fwp%2Fv2%2Fcomments&post=26238"}],"version-history":[{"count":5,"href":"https:\/\/insideamateurfussball-ffm.de\/index.php?rest_route=\/wp\/v2\/posts\/26238\/revisions"}],"predecessor-version":[{"id":26244,"href":"https:\/\/insideamateurfussball-ffm.de\/index.php?rest_route=\/wp\/v2\/posts\/26238\/revisions\/26244"}],"wp:featuredmedia":[{"embeddable":true,"href":"https:\/\/insideamateurfussball-ffm.de\/index.php?rest_route=\/wp\/v2\/media\/26239"}],"wp:attachment":[{"href":"https:\/\/insideamateurfussball-ffm.de\/index.php?rest_route=%2Fwp%2Fv2%2Fmedia&parent=26238"}],"wp:term":[{"taxonomy":"category","embeddable":true,"href":"https:\/\/insideamateurfussball-ffm.de\/index.php?rest_route=%2Fwp%2Fv2%2Fcategories&post=26238"},{"taxonomy":"post_tag","embeddable":true,"href":"https:\/\/insideamateurfussball-ffm.de\/index.php?rest_route=%2Fwp%2Fv2%2Ftags&post=26238"}],"curies":[{"name":"wp","href":"https:\/\/api.w.org\/{rel}","templated":true}]}}