{"id":26185,"date":"2025-06-10T17:20:53","date_gmt":"2025-06-10T16:20:53","guid":{"rendered":"https:\/\/insideamateurfussball-ffm.de\/?p=26185"},"modified":"2025-06-10T17:22:21","modified_gmt":"2025-06-10T16:22:21","slug":"marburg-bleibt-hessenligist-dortelweils-saison-ungekroent","status":"publish","type":"post","link":"https:\/\/insideamateurfussball-ffm.de\/?p=26185","title":{"rendered":"Marburg bleibt Hessenligist &#8211; Dortelweils Saison ungekr\u00f6nt"},"content":{"rendered":"<h3>Die tolle Saison des SC Dortelweil in der Verbandsliga S\u00fcd blieb ungekr\u00f6nt. Im Finale der Hessenliga-Relegation unterlagen die Wetterauer auf neutralem Platz in Griesheim dem VfB Marburg mit 2:4 (2:1). Dass T\u00fcrk G\u00fcc\u00fc Friedberg in der Aufstiegsrunde zur Regionalliga S\u00fcdwest bei der TSG Balingen in der 90. Minute das 2:3 kassierte, war doppelt bitter f\u00fcr den SCD.<\/h3>\n<figure id=\"attachment_26186\" aria-describedby=\"caption-attachment-26186\" style=\"width: 960px\" class=\"wp-caption alignnone\"><img loading=\"lazy\" decoding=\"async\" class=\"wp-image-26186 size-full\" src=\"http:\/\/insideamateurfussball-ffm.de\/wp-content\/uploads\/2025\/06\/Marburg-G.jpg\" alt=\"\" width=\"960\" height=\"720\" srcset=\"https:\/\/insideamateurfussball-ffm.de\/wp-content\/uploads\/2025\/06\/Marburg-G.jpg 960w, https:\/\/insideamateurfussball-ffm.de\/wp-content\/uploads\/2025\/06\/Marburg-G-300x225.jpg 300w, https:\/\/insideamateurfussball-ffm.de\/wp-content\/uploads\/2025\/06\/Marburg-G-768x576.jpg 768w\" sizes=\"auto, (max-width: 960px) 100vw, 960px\" \/><figcaption id=\"caption-attachment-26186\" class=\"wp-caption-text\">Beim VfB Marburg wird weiter Hessenliga geboten. Foto: Archiv PA.<\/figcaption><\/figure>\n<h3>VfB Marburg &#8211; SC Dortelweil 4:2 (1:2)<\/h3>\n<h3><img loading=\"lazy\" decoding=\"async\" class=\"alignnone size-full wp-image-16394\" src=\"http:\/\/insideamateurfussball-ffm.de\/wp-content\/uploads\/2024\/02\/VfB-Marburg.jpg\" alt=\"\" width=\"61\" height=\"80\" \/><img loading=\"lazy\" decoding=\"async\" class=\"alignnone size-full wp-image-598\" src=\"http:\/\/insideamateurfussball-ffm.de\/wp-content\/uploads\/2022\/06\/Dortelweil.jpg\" alt=\"\" width=\"80\" height=\"80\" \/><\/h3>\n<p>Doppelt bitter waren die Schlussminuten f\u00fcr Dortelweil im mit 1000 Zuschuern gef\u00fcllten Stadion am Hegelsberg. In der Nachspielzeit kassierte das Team von Trainer G\u00fcltekin Cagritekin das vierte Gegentor, zuvor war die Nachricht aus W\u00fcrttemberg durchgesickert, dass die TSG Balingen in der 90. Minute T\u00fcrk G\u00fcc\u00fc Friedberg den Regionalliga-Aufstieg entrissen hatte.<\/p>\n<p>Ein Remis von Friedberg h\u00e4tte ihnen gereicht und damit w\u00e4re auch Dortelweil trotz Niederlage in die Hessenliga gesp\u00fclt worden. Doch der Traum patzte gegen die routinierte Hessenliga-Truppe aus Marburg trotz der F\u00fchrungen durch Leon G\u00fcnther (11.) und Marvin Strenger (45.\/+1).<\/p>\n<h3><span style=\"text-decoration: underline;\">Was bleibt ist eine grandiose Saison\u00a0<\/span><\/h3>\n<p>J\u00f6rn-Hendrik Starostzik (27.) hatte ausgeglichen, nach dem Seitenwechsel war der Favorit durch den Doppelschlag mit Mirko Freese (52.) und Mirco Geisler (55.) in F\u00fchrung gegangen. Kristian Gaudermann machte in der Nachspielzeit den Deckel drauf (90.\/+3).<\/p>\n<p>Was f\u00fcr Dortelweil bleibt ist eine grandiose Saison mit Platz zwei in der starken Verbandsliga S\u00fcd und dem Ausschalten von Mitte-Verbandsliga-Vize FV Biebrich. Letztlich fehlte der letzte Schritt, der VfB Marburg erwies sich jedoch als zu abgezockt.<\/p>\n<h3><span style=\"text-decoration: underline;\">Schiedsrichter: Maximilian Pr\u00f6lss (FC Ober-Ramstadt). Zuschauer: 1000. <\/span><\/h3>\n<h3><span style=\"text-decoration: underline;\">Tore: 0:1 Leon G\u00fcnther (11.), 1:1 J\u00f6rn-Hendrik Starostzik (27.), 1:2 Marvin Strenger (45.\/+1), 2:2 Mirko Freese (52.), 3:2 Mirco Geisler (55.), 4:2 Kristian Gaudermann (90.\/+3).<\/span><\/h3>\n","protected":false},"excerpt":{"rendered":"<p>Die tolle Saison des SC Dortelweil in der Verbandsliga S\u00fcd blieb ungekr\u00f6nt. Im Finale der Hessenliga-Relegation unterlagen die Wetterauer auf neutralem Platz in Griesheim dem VfB Marburg mit 2:4 (2:1). Dass T\u00fcrk G\u00fcc\u00fc Friedberg in der Aufstiegsrunde zur Regionalliga S\u00fcdwest bei der TSG Balingen in der 90. Minute das 2:3 kassierte, war doppelt bitter f\u00fcr [&hellip;]<\/p>\n","protected":false},"author":1,"featured_media":26186,"comment_status":"closed","ping_status":"closed","sticky":true,"template":"","format":"standard","meta":{"footnotes":""},"categories":[36],"tags":[],"class_list":["post-26185","post","type-post","status-publish","format-standard","has-post-thumbnail","hentry","category-relegation"],"_links":{"self":[{"href":"https:\/\/insideamateurfussball-ffm.de\/index.php?rest_route=\/wp\/v2\/posts\/26185","targetHints":{"allow":["GET"]}}],"collection":[{"href":"https:\/\/insideamateurfussball-ffm.de\/index.php?rest_route=\/wp\/v2\/posts"}],"about":[{"href":"https:\/\/insideamateurfussball-ffm.de\/index.php?rest_route=\/wp\/v2\/types\/post"}],"author":[{"embeddable":true,"href":"https:\/\/insideamateurfussball-ffm.de\/index.php?rest_route=\/wp\/v2\/users\/1"}],"replies":[{"embeddable":true,"href":"https:\/\/insideamateurfussball-ffm.de\/index.php?rest_route=%2Fwp%2Fv2%2Fcomments&post=26185"}],"version-history":[{"count":2,"href":"https:\/\/insideamateurfussball-ffm.de\/index.php?rest_route=\/wp\/v2\/posts\/26185\/revisions"}],"predecessor-version":[{"id":26188,"href":"https:\/\/insideamateurfussball-ffm.de\/index.php?rest_route=\/wp\/v2\/posts\/26185\/revisions\/26188"}],"wp:featuredmedia":[{"embeddable":true,"href":"https:\/\/insideamateurfussball-ffm.de\/index.php?rest_route=\/wp\/v2\/media\/26186"}],"wp:attachment":[{"href":"https:\/\/insideamateurfussball-ffm.de\/index.php?rest_route=%2Fwp%2Fv2%2Fmedia&parent=26185"}],"wp:term":[{"taxonomy":"category","embeddable":true,"href":"https:\/\/insideamateurfussball-ffm.de\/index.php?rest_route=%2Fwp%2Fv2%2Fcategories&post=26185"},{"taxonomy":"post_tag","embeddable":true,"href":"https:\/\/insideamateurfussball-ffm.de\/index.php?rest_route=%2Fwp%2Fv2%2Ftags&post=26185"}],"curies":[{"name":"wp","href":"https:\/\/api.w.org\/{rel}","templated":true}]}}