{"id":26158,"date":"2025-06-08T00:20:10","date_gmt":"2025-06-07T23:20:10","guid":{"rendered":"https:\/\/insideamateurfussball-ffm.de\/?p=26158"},"modified":"2025-06-08T00:20:10","modified_gmt":"2025-06-07T23:20:10","slug":"gruppenliga-tor-offen-fuer-germania-94","status":"publish","type":"post","link":"https:\/\/insideamateurfussball-ffm.de\/?p=26158","title":{"rendered":"Gruppenliga-Tor offen f\u00fcr Germania 94"},"content":{"rendered":"<h3>Durch den 1:0-Ausw\u00e4rtssieg bei der FSG Burg-Gr\u00e4fenrode im zweiten Relegationsspiel hat der VfL Germania 94 das Tor zur Gruppenliga Frankfurt West aufgesto\u00dfen. Jetzt m\u00fcssen die Sch\u00fctzlinge von Trainer Siar Daudi mit einem Heimsieg am Montag gegen die Spvgg. 05\/99 Bomber Bad Homburg es nur noch passieren.<\/h3>\n<figure id=\"attachment_26159\" aria-describedby=\"caption-attachment-26159\" style=\"width: 827px\" class=\"wp-caption alignnone\"><img loading=\"lazy\" decoding=\"async\" class=\"wp-image-26159 size-full\" src=\"http:\/\/insideamateurfussball-ffm.de\/wp-content\/uploads\/2025\/06\/croa6-5.jpg\" alt=\"\" width=\"827\" height=\"656\" srcset=\"https:\/\/insideamateurfussball-ffm.de\/wp-content\/uploads\/2025\/06\/croa6-5.jpg 827w, https:\/\/insideamateurfussball-ffm.de\/wp-content\/uploads\/2025\/06\/croa6-5-300x238.jpg 300w, https:\/\/insideamateurfussball-ffm.de\/wp-content\/uploads\/2025\/06\/croa6-5-768x609.jpg 768w\" sizes=\"auto, (max-width: 827px) 100vw, 827px\" \/><figcaption id=\"caption-attachment-26159\" class=\"wp-caption-text\">Germania-Trainer Siar Daudi. Foto: Archiv Mithat G\u00fcrser.\u00a0\u00a0<\/figcaption><\/figure>\n<h3>FSG Burg-Gr\u00e4fenrode &#8211; VfL Germania 94 0:1 (0:1)<\/h3>\n<p><img loading=\"lazy\" decoding=\"async\" class=\"alignnone size-full wp-image-1337\" src=\"http:\/\/insideamateurfussball-ffm.de\/wp-content\/uploads\/2022\/07\/FSGB.png\" alt=\"\" width=\"80\" height=\"80\" \/><img loading=\"lazy\" decoding=\"async\" class=\"alignnone size-full wp-image-11577\" src=\"http:\/\/insideamateurfussball-ffm.de\/wp-content\/uploads\/2023\/08\/Germania-94.jpg\" alt=\"\" width=\"80\" height=\"80\" \/><\/p>\n<p>Auf dem f\u00fcr die Germania ungewohnten Rasenplatz im Karbener Ortsteil brachte Torj\u00e4ger Asmir Hajdarovic den Frankfurter KOL-Vertreter fr\u00fch in F\u00fchrung (7.). Die G\u00e4ste \u00fcbernahmen fortan die Kontrolle, die FSG sah sich gezwungen etwas tiefer zu stehen und agierte vermehrt defensiv. In der intensiven Partie fand der Friedberger KOL-Vize keinen Zugriff und lief dem Tempo der Gastmannschaft hinterher. Nach dem Seitenwechsel dr\u00fcckte Germania mit voller Wucht nach vorne, &#8222;Roggau&#8220; hatte M\u00fche sich zu befreien und konnte nie wirklich ins Spiel finden. Der Gast nahm die drei Punkte mit einem Tor dankend mit. Trainer Siar Daudi: &#8222;Der Sieg in Burg-Gr\u00e4fenrode ging in Ordnung. Wir haben von Beginn an eine gute Leistung gezeigt, standen auf dem gro\u00dfen Rasenplatz sehr kompakt. Wir hatten das Spielgeschehen im Griff, auch wenn Burg-Gr\u00e4fenrode durch lange B\u00e4lle in unseren Strafraum gekommen sind. Nach der Pause haben wir die Strategie gewechselt, sind vorne angelaufen. Dieser Rhythmuswechsel hat uns gut getan, haben aber leider das 2:0 nicht nachgelegt. So wurde es gegen Ende noch einmal spannend, da es nur 1:0 stand. Die haben in der Nachspielzeit alles nach vorne geworfen, aber wir haben die Null gehalten.&#8220;<\/p>\n<h3><span style=\"text-decoration: underline;\">Bei einem Sieg geht es hoch in die Gruppenliga\u00a0<\/span><\/h3>\n<p>Im Parallelspiel trennten sich im Bad Homburger Derby die Spvgg. 05\/99 Bomber von der DJK Sportfreunde II mit 2:2. Damit ist die Ausgangslage f\u00fcr das Spiel am Montag um 15 Uhr klar. Gewinnt die Germania, geht es sicher direkt hoch in die Gruppenliga.<\/p>\n<p>Ein Remis w\u00fcrde Rang zwei bedeuten, der nachr\u00fcckt, wenn der FC Neu-Anspach den Aufstieg in die Verbandsliga S\u00fcd klar machen sollte.<\/p>\n<h3><span style=\"text-decoration: underline;\">Schiedsrichter: David Heizmann (FC Viktoria Urberach). Zuschauer: 250. <\/span><\/h3>\n<h3><span style=\"text-decoration: underline;\">Tor: 0:1 Asmir Hajdarovic (7.).<\/span><\/h3>\n","protected":false},"excerpt":{"rendered":"<p>Durch den 1:0-Ausw\u00e4rtssieg bei der FSG Burg-Gr\u00e4fenrode im zweiten Relegationsspiel hat der VfL Germania 94 das Tor zur Gruppenliga Frankfurt West aufgesto\u00dfen. Jetzt m\u00fcssen die Sch\u00fctzlinge von Trainer Siar Daudi mit einem Heimsieg am Montag gegen die Spvgg. 05\/99 Bomber Bad Homburg es nur noch passieren. FSG Burg-Gr\u00e4fenrode &#8211; VfL Germania 94 0:1 (0:1) Auf [&hellip;]<\/p>\n","protected":false},"author":1,"featured_media":26159,"comment_status":"closed","ping_status":"closed","sticky":true,"template":"","format":"standard","meta":{"footnotes":""},"categories":[36],"tags":[],"class_list":["post-26158","post","type-post","status-publish","format-standard","has-post-thumbnail","hentry","category-relegation"],"_links":{"self":[{"href":"https:\/\/insideamateurfussball-ffm.de\/index.php?rest_route=\/wp\/v2\/posts\/26158","targetHints":{"allow":["GET"]}}],"collection":[{"href":"https:\/\/insideamateurfussball-ffm.de\/index.php?rest_route=\/wp\/v2\/posts"}],"about":[{"href":"https:\/\/insideamateurfussball-ffm.de\/index.php?rest_route=\/wp\/v2\/types\/post"}],"author":[{"embeddable":true,"href":"https:\/\/insideamateurfussball-ffm.de\/index.php?rest_route=\/wp\/v2\/users\/1"}],"replies":[{"embeddable":true,"href":"https:\/\/insideamateurfussball-ffm.de\/index.php?rest_route=%2Fwp%2Fv2%2Fcomments&post=26158"}],"version-history":[{"count":1,"href":"https:\/\/insideamateurfussball-ffm.de\/index.php?rest_route=\/wp\/v2\/posts\/26158\/revisions"}],"predecessor-version":[{"id":26160,"href":"https:\/\/insideamateurfussball-ffm.de\/index.php?rest_route=\/wp\/v2\/posts\/26158\/revisions\/26160"}],"wp:featuredmedia":[{"embeddable":true,"href":"https:\/\/insideamateurfussball-ffm.de\/index.php?rest_route=\/wp\/v2\/media\/26159"}],"wp:attachment":[{"href":"https:\/\/insideamateurfussball-ffm.de\/index.php?rest_route=%2Fwp%2Fv2%2Fmedia&parent=26158"}],"wp:term":[{"taxonomy":"category","embeddable":true,"href":"https:\/\/insideamateurfussball-ffm.de\/index.php?rest_route=%2Fwp%2Fv2%2Fcategories&post=26158"},{"taxonomy":"post_tag","embeddable":true,"href":"https:\/\/insideamateurfussball-ffm.de\/index.php?rest_route=%2Fwp%2Fv2%2Ftags&post=26158"}],"curies":[{"name":"wp","href":"https:\/\/api.w.org\/{rel}","templated":true}]}}