{"id":26155,"date":"2025-06-07T23:48:30","date_gmt":"2025-06-07T22:48:30","guid":{"rendered":"https:\/\/insideamateurfussball-ffm.de\/?p=26155"},"modified":"2025-06-07T23:48:30","modified_gmt":"2025-06-07T22:48:30","slug":"biebrich-bringt-dortelweil-in-bedraengnis","status":"publish","type":"post","link":"https:\/\/insideamateurfussball-ffm.de\/?p=26155","title":{"rendered":"Biebrich bringt Dortelweil in Bedr\u00e4ngnis"},"content":{"rendered":"<h3>Der FV Biebrich konnte den SC Dortelweil im R\u00fcckspiel der Relegation zur Hessenliga in Bedr\u00e4ngnis bringen. Der 5:2-Sieg reichte aber nicht, um die Wetterauer noch auszuschalten. Diese bestreiten nun am Pfingstmontag das Finale der Relegation gegen Hessenliga-Relegant VfB Marburg auf neutralem Platz bei Viktoria Griesheim.\u00a0<\/h3>\n<figure id=\"attachment_26143\" aria-describedby=\"caption-attachment-26143\" style=\"width: 640px\" class=\"wp-caption alignright\"><img loading=\"lazy\" decoding=\"async\" class=\"wp-image-26143 size-large\" src=\"http:\/\/insideamateurfussball-ffm.de\/wp-content\/uploads\/2025\/06\/250606-Biebrich-Dortelweil_006-1024x683.jpg\" alt=\"\" width=\"640\" height=\"427\" srcset=\"https:\/\/insideamateurfussball-ffm.de\/wp-content\/uploads\/2025\/06\/250606-Biebrich-Dortelweil_006-1024x683.jpg 1024w, https:\/\/insideamateurfussball-ffm.de\/wp-content\/uploads\/2025\/06\/250606-Biebrich-Dortelweil_006-300x200.jpg 300w, https:\/\/insideamateurfussball-ffm.de\/wp-content\/uploads\/2025\/06\/250606-Biebrich-Dortelweil_006-768x512.jpg 768w, https:\/\/insideamateurfussball-ffm.de\/wp-content\/uploads\/2025\/06\/250606-Biebrich-Dortelweil_006-1536x1024.jpg 1536w, https:\/\/insideamateurfussball-ffm.de\/wp-content\/uploads\/2025\/06\/250606-Biebrich-Dortelweil_006-2048x1365.jpg 2048w\" sizes=\"auto, (max-width: 640px) 100vw, 640px\" \/><figcaption id=\"caption-attachment-26143\" class=\"wp-caption-text\">Die Dortelweiler Bank verfolgt die Partie intensiv. Foto: Jan Werner.\u00a0\u00a0<\/figcaption><\/figure>\n<h3>FV Biebrich &#8211; SC Dortelweil 5:2 (1:1)<\/h3>\n<p><img loading=\"lazy\" decoding=\"async\" class=\"alignnone size-full wp-image-14896\" src=\"http:\/\/insideamateurfussball-ffm.de\/wp-content\/uploads\/2023\/11\/fvbiebrich.jpg\" alt=\"\" width=\"80\" height=\"80\" \/><img loading=\"lazy\" decoding=\"async\" class=\"alignnone size-full wp-image-598\" src=\"http:\/\/insideamateurfussball-ffm.de\/wp-content\/uploads\/2022\/06\/Dortelweil.jpg\" alt=\"\" width=\"80\" height=\"80\" \/><\/p>\n<p>Dortelweils Trainer G\u00fcltekin Cagritekin hatte Weitsicht bewiesen, als er nach dem 4:0-Sieg im Hinspiel auf die Heimst\u00e4rke der Wiesbadener Stadtteilkicker hingewiesen hatte.<\/p>\n<p>Zumal das R\u00fcckspiel nur drei Tage sp\u00e4ter auf dem J\u00fcrgen-Grabowski-Spielfeld \u00fcber die B\u00fchne gehen sollte. Die vermeintlich sichere 4:0-F\u00fchrung aus dem Hinspiel erwies sich als tr\u00fcgerisch, vor allem weil es zur Halbzeit noch 1:1 stand, Dortelweil abwartend reagierte und auf Konter setzte. Nach dem Seitenwechsel gab es jedoch innerhalb weniger Minuten zwei Elfmeter f\u00fcr die Hausherren &#8211; 3:1.<\/p>\n<h3><span style=\"text-decoration: underline;\">&#8222;Das hat uns sehr belastet&#8220; (Dortelweils Trainer G\u00fcltekin Cagritekin zu den zwei Elfmetern)<\/span><\/h3>\n<p>&#8222;Das war brutal. Zwei Elfer in f\u00fcnf Minuten ist unglaublich. Das hat uns sehr belastet&#8220;, meinte Coach &#8222;G\u00fclte&#8220;. Und nachdem nach rund einer Stunde das 4:1 gefallen war, begann endg\u00fcltig das Zittern. Ein 5:1 oder 6:2 und es w\u00e4re in die Verl\u00e4ngerung gegangen! Entscheidend war das 4:2 durch Beslen, doch nach dem 5:2 der Platzherren wurde es wirklich nochmal eng. Der SCD verteidigte aber den globalen Vorsprung und zog in dieser Ausscheidungsrunde knapp mit 6:5 Toren in das Finalspiel ein. Hier ist der VfB Marburg der Gegner, der den Nord-Verbandsligisten SG Bad Soden eliminierte (1:0\/3:2).<\/p>\n<p>Der neutrale Spielort Griesheim bei Darmstadt befindet sich entgegen der Vorank\u00fcndigungen keineswegs in der geographischen Mitte der beiden Finalisten, sondern beide Vereine reisen nun gen S\u00fcden des Bundeslandes. Dortelweil wird mit einem Ohr auch beim zeitgleichen Aufstiegsrundenspiel zwischen der TSG Balingen und T\u00fcrk G\u00fcc\u00fc Friedberg zuh\u00f6ren. Denn TGF braucht nach der 6:0-Sternstunde gegen den 1. FC Kaiserslautern II nur einen Z\u00e4hler, um erstmals in die Regionalliga S\u00fcdwest aufzusteigen. Und w\u00fcrde den SC Dortelweil auch im Falle einer Niederlage in die Hessenliga bef\u00f6rdern.\u00a0<\/p>\n<h3><span style=\"text-decoration: underline;\">Schiedsrichter: Dominic Dylka (SG Kiebitzgrund). Zuschauer: 750. <\/span><\/h3>\n<h3><span style=\"text-decoration: underline;\">Tore: 1:0 Nikos Iosifidis (21.), 1:1 Maurice Reininger (23.), 2:1, 3:1 Yoshiki Watai (49.\/54., beide Elfmeter), 4:1 David Meurer (61.), 4:2 Orkan-Ziya Beslen (71.), 5:2 Nikos Iosifidis (78.). <\/span><\/h3>\n<h3><span style=\"text-decoration: underline;\">Bildergalerie: Unser Unterst\u00fctzer Jan Werner war auch beim R\u00fcckspiel vor Ort. Vielen Dank!\u00a0<\/span><\/h3>\n\n\n<figure class=\"wp-block-gallery has-nested-images columns-default is-cropped wp-block-gallery-1 is-layout-flex wp-block-gallery-is-layout-flex\">\n<figure class=\"wp-block-image size-large\"><img loading=\"lazy\" decoding=\"async\" width=\"1024\" height=\"683\" data-id=\"26146\" src=\"https:\/\/insideamateurfussball-ffm.de\/wp-content\/uploads\/2025\/06\/250606-Biebrich-Dortelweil_008-1024x683.jpg\" alt=\"\" class=\"wp-image-26146\" srcset=\"https:\/\/insideamateurfussball-ffm.de\/wp-content\/uploads\/2025\/06\/250606-Biebrich-Dortelweil_008-1024x683.jpg 1024w, https:\/\/insideamateurfussball-ffm.de\/wp-content\/uploads\/2025\/06\/250606-Biebrich-Dortelweil_008-300x200.jpg 300w, https:\/\/insideamateurfussball-ffm.de\/wp-content\/uploads\/2025\/06\/250606-Biebrich-Dortelweil_008-768x512.jpg 768w, https:\/\/insideamateurfussball-ffm.de\/wp-content\/uploads\/2025\/06\/250606-Biebrich-Dortelweil_008-1536x1024.jpg 1536w, https:\/\/insideamateurfussball-ffm.de\/wp-content\/uploads\/2025\/06\/250606-Biebrich-Dortelweil_008-2048x1365.jpg 2048w\" sizes=\"auto, (max-width: 1024px) 100vw, 1024px\" \/><\/figure>\n<\/figure>\n\n\n\n<figure class=\"wp-block-gallery has-nested-images columns-default is-cropped wp-block-gallery-2 is-layout-flex wp-block-gallery-is-layout-flex\">\n<figure class=\"wp-block-image size-large\"><img loading=\"lazy\" decoding=\"async\" width=\"1024\" height=\"683\" data-id=\"26149\" src=\"https:\/\/insideamateurfussball-ffm.de\/wp-content\/uploads\/2025\/06\/250606-Biebrich-Dortelweil_010-1024x683.jpg\" alt=\"\" class=\"wp-image-26149\" srcset=\"https:\/\/insideamateurfussball-ffm.de\/wp-content\/uploads\/2025\/06\/250606-Biebrich-Dortelweil_010-1024x683.jpg 1024w, https:\/\/insideamateurfussball-ffm.de\/wp-content\/uploads\/2025\/06\/250606-Biebrich-Dortelweil_010-300x200.jpg 300w, https:\/\/insideamateurfussball-ffm.de\/wp-content\/uploads\/2025\/06\/250606-Biebrich-Dortelweil_010-768x512.jpg 768w, https:\/\/insideamateurfussball-ffm.de\/wp-content\/uploads\/2025\/06\/250606-Biebrich-Dortelweil_010-1536x1024.jpg 1536w, https:\/\/insideamateurfussball-ffm.de\/wp-content\/uploads\/2025\/06\/250606-Biebrich-Dortelweil_010-2048x1365.jpg 2048w\" sizes=\"auto, (max-width: 1024px) 100vw, 1024px\" \/><\/figure>\n<\/figure>\n\n\n\n<figure class=\"wp-block-gallery has-nested-images columns-default is-cropped wp-block-gallery-3 is-layout-flex wp-block-gallery-is-layout-flex\">\n<figure class=\"wp-block-image size-large\"><img loading=\"lazy\" decoding=\"async\" width=\"1024\" height=\"683\" data-id=\"26152\" src=\"https:\/\/insideamateurfussball-ffm.de\/wp-content\/uploads\/2025\/06\/250606-Biebrich-Dortelweil_016-1024x683.jpg\" alt=\"\" class=\"wp-image-26152\" srcset=\"https:\/\/insideamateurfussball-ffm.de\/wp-content\/uploads\/2025\/06\/250606-Biebrich-Dortelweil_016-1024x683.jpg 1024w, https:\/\/insideamateurfussball-ffm.de\/wp-content\/uploads\/2025\/06\/250606-Biebrich-Dortelweil_016-300x200.jpg 300w, https:\/\/insideamateurfussball-ffm.de\/wp-content\/uploads\/2025\/06\/250606-Biebrich-Dortelweil_016-768x512.jpg 768w, https:\/\/insideamateurfussball-ffm.de\/wp-content\/uploads\/2025\/06\/250606-Biebrich-Dortelweil_016-1536x1024.jpg 1536w, https:\/\/insideamateurfussball-ffm.de\/wp-content\/uploads\/2025\/06\/250606-Biebrich-Dortelweil_016-2048x1365.jpg 2048w\" sizes=\"auto, (max-width: 1024px) 100vw, 1024px\" \/><\/figure>\n<\/figure>\n\n\n\n<figure class=\"wp-block-gallery has-nested-images columns-default is-cropped wp-block-gallery-4 is-layout-flex wp-block-gallery-is-layout-flex\">\n<figure class=\"wp-block-image size-large\"><img loading=\"lazy\" decoding=\"async\" width=\"1024\" height=\"683\" data-id=\"26141\" src=\"https:\/\/insideamateurfussball-ffm.de\/wp-content\/uploads\/2025\/06\/250606-Biebrich-Dortelweil_003-1024x683.jpg\" alt=\"\" class=\"wp-image-26141\" srcset=\"https:\/\/insideamateurfussball-ffm.de\/wp-content\/uploads\/2025\/06\/250606-Biebrich-Dortelweil_003-1024x683.jpg 1024w, https:\/\/insideamateurfussball-ffm.de\/wp-content\/uploads\/2025\/06\/250606-Biebrich-Dortelweil_003-300x200.jpg 300w, https:\/\/insideamateurfussball-ffm.de\/wp-content\/uploads\/2025\/06\/250606-Biebrich-Dortelweil_003-768x512.jpg 768w, https:\/\/insideamateurfussball-ffm.de\/wp-content\/uploads\/2025\/06\/250606-Biebrich-Dortelweil_003-1536x1024.jpg 1536w, https:\/\/insideamateurfussball-ffm.de\/wp-content\/uploads\/2025\/06\/250606-Biebrich-Dortelweil_003-2048x1365.jpg 2048w\" sizes=\"auto, (max-width: 1024px) 100vw, 1024px\" \/><\/figure>\n<\/figure>\n\n\n\n<figure class=\"wp-block-gallery has-nested-images columns-default is-cropped wp-block-gallery-5 is-layout-flex wp-block-gallery-is-layout-flex\">\n<figure class=\"wp-block-image size-large\"><img loading=\"lazy\" decoding=\"async\" width=\"1024\" height=\"683\" data-id=\"26144\" src=\"https:\/\/insideamateurfussball-ffm.de\/wp-content\/uploads\/2025\/06\/250606-Biebrich-Dortelweil_005-1024x683.jpg\" alt=\"\" class=\"wp-image-26144\" srcset=\"https:\/\/insideamateurfussball-ffm.de\/wp-content\/uploads\/2025\/06\/250606-Biebrich-Dortelweil_005-1024x683.jpg 1024w, https:\/\/insideamateurfussball-ffm.de\/wp-content\/uploads\/2025\/06\/250606-Biebrich-Dortelweil_005-300x200.jpg 300w, https:\/\/insideamateurfussball-ffm.de\/wp-content\/uploads\/2025\/06\/250606-Biebrich-Dortelweil_005-768x512.jpg 768w, https:\/\/insideamateurfussball-ffm.de\/wp-content\/uploads\/2025\/06\/250606-Biebrich-Dortelweil_005-1536x1024.jpg 1536w, https:\/\/insideamateurfussball-ffm.de\/wp-content\/uploads\/2025\/06\/250606-Biebrich-Dortelweil_005-2048x1365.jpg 2048w\" sizes=\"auto, (max-width: 1024px) 100vw, 1024px\" \/><\/figure>\n<\/figure>\n\n\n\n<figure class=\"wp-block-gallery has-nested-images columns-default is-cropped wp-block-gallery-6 is-layout-flex wp-block-gallery-is-layout-flex\">\n<figure class=\"wp-block-image size-large\"><img loading=\"lazy\" decoding=\"async\" width=\"1024\" height=\"683\" data-id=\"26147\" src=\"https:\/\/insideamateurfussball-ffm.de\/wp-content\/uploads\/2025\/06\/250606-Biebrich-Dortelweil_009-1024x683.jpg\" alt=\"\" class=\"wp-image-26147\" srcset=\"https:\/\/insideamateurfussball-ffm.de\/wp-content\/uploads\/2025\/06\/250606-Biebrich-Dortelweil_009-1024x683.jpg 1024w, https:\/\/insideamateurfussball-ffm.de\/wp-content\/uploads\/2025\/06\/250606-Biebrich-Dortelweil_009-300x200.jpg 300w, https:\/\/insideamateurfussball-ffm.de\/wp-content\/uploads\/2025\/06\/250606-Biebrich-Dortelweil_009-768x512.jpg 768w, https:\/\/insideamateurfussball-ffm.de\/wp-content\/uploads\/2025\/06\/250606-Biebrich-Dortelweil_009-1536x1024.jpg 1536w, https:\/\/insideamateurfussball-ffm.de\/wp-content\/uploads\/2025\/06\/250606-Biebrich-Dortelweil_009-2048x1365.jpg 2048w\" sizes=\"auto, (max-width: 1024px) 100vw, 1024px\" \/><\/figure>\n<\/figure>\n\n\n\n<figure class=\"wp-block-gallery has-nested-images columns-default is-cropped wp-block-gallery-7 is-layout-flex wp-block-gallery-is-layout-flex\">\n<figure class=\"wp-block-image size-large\"><img loading=\"lazy\" decoding=\"async\" width=\"1024\" height=\"683\" data-id=\"26150\" src=\"https:\/\/insideamateurfussball-ffm.de\/wp-content\/uploads\/2025\/06\/250606-Biebrich-Dortelweil_012-1024x683.jpg\" alt=\"\" class=\"wp-image-26150\" srcset=\"https:\/\/insideamateurfussball-ffm.de\/wp-content\/uploads\/2025\/06\/250606-Biebrich-Dortelweil_012-1024x683.jpg 1024w, https:\/\/insideamateurfussball-ffm.de\/wp-content\/uploads\/2025\/06\/250606-Biebrich-Dortelweil_012-300x200.jpg 300w, https:\/\/insideamateurfussball-ffm.de\/wp-content\/uploads\/2025\/06\/250606-Biebrich-Dortelweil_012-768x512.jpg 768w, https:\/\/insideamateurfussball-ffm.de\/wp-content\/uploads\/2025\/06\/250606-Biebrich-Dortelweil_012-1536x1024.jpg 1536w, https:\/\/insideamateurfussball-ffm.de\/wp-content\/uploads\/2025\/06\/250606-Biebrich-Dortelweil_012-2048x1365.jpg 2048w\" sizes=\"auto, (max-width: 1024px) 100vw, 1024px\" \/><\/figure>\n<\/figure>\n\n\n\n<figure class=\"wp-block-gallery has-nested-images columns-default is-cropped wp-block-gallery-8 is-layout-flex wp-block-gallery-is-layout-flex\">\n<figure class=\"wp-block-image size-large\"><img loading=\"lazy\" decoding=\"async\" width=\"1024\" height=\"683\" data-id=\"26153\" src=\"https:\/\/insideamateurfussball-ffm.de\/wp-content\/uploads\/2025\/06\/250606-Biebrich-Dortelweil_017-1024x683.jpg\" alt=\"\" class=\"wp-image-26153\" srcset=\"https:\/\/insideamateurfussball-ffm.de\/wp-content\/uploads\/2025\/06\/250606-Biebrich-Dortelweil_017-1024x683.jpg 1024w, https:\/\/insideamateurfussball-ffm.de\/wp-content\/uploads\/2025\/06\/250606-Biebrich-Dortelweil_017-300x200.jpg 300w, https:\/\/insideamateurfussball-ffm.de\/wp-content\/uploads\/2025\/06\/250606-Biebrich-Dortelweil_017-768x512.jpg 768w, https:\/\/insideamateurfussball-ffm.de\/wp-content\/uploads\/2025\/06\/250606-Biebrich-Dortelweil_017-1536x1024.jpg 1536w, https:\/\/insideamateurfussball-ffm.de\/wp-content\/uploads\/2025\/06\/250606-Biebrich-Dortelweil_017-2048x1365.jpg 2048w\" sizes=\"auto, (max-width: 1024px) 100vw, 1024px\" \/><\/figure>\n<\/figure>\n\n\n\n<figure class=\"wp-block-gallery has-nested-images columns-default is-cropped wp-block-gallery-9 is-layout-flex wp-block-gallery-is-layout-flex\">\n<figure class=\"wp-block-image size-large\"><img loading=\"lazy\" decoding=\"async\" width=\"1024\" height=\"683\" data-id=\"26142\" src=\"https:\/\/insideamateurfussball-ffm.de\/wp-content\/uploads\/2025\/06\/250606-Biebrich-Dortelweil_004-1024x683.jpg\" alt=\"\" class=\"wp-image-26142\" srcset=\"https:\/\/insideamateurfussball-ffm.de\/wp-content\/uploads\/2025\/06\/250606-Biebrich-Dortelweil_004-1024x683.jpg 1024w, https:\/\/insideamateurfussball-ffm.de\/wp-content\/uploads\/2025\/06\/250606-Biebrich-Dortelweil_004-300x200.jpg 300w, https:\/\/insideamateurfussball-ffm.de\/wp-content\/uploads\/2025\/06\/250606-Biebrich-Dortelweil_004-768x512.jpg 768w, https:\/\/insideamateurfussball-ffm.de\/wp-content\/uploads\/2025\/06\/250606-Biebrich-Dortelweil_004-1536x1024.jpg 1536w, https:\/\/insideamateurfussball-ffm.de\/wp-content\/uploads\/2025\/06\/250606-Biebrich-Dortelweil_004-2048x1365.jpg 2048w\" sizes=\"auto, (max-width: 1024px) 100vw, 1024px\" \/><\/figure>\n<\/figure>\n\n\n\n<figure class=\"wp-block-gallery has-nested-images columns-default is-cropped wp-block-gallery-10 is-layout-flex wp-block-gallery-is-layout-flex\">\n<figure class=\"wp-block-image size-large\"><img loading=\"lazy\" decoding=\"async\" width=\"1024\" height=\"683\" data-id=\"26145\" src=\"https:\/\/insideamateurfussball-ffm.de\/wp-content\/uploads\/2025\/06\/250606-Biebrich-Dortelweil_007-1024x683.jpg\" alt=\"\" class=\"wp-image-26145\" srcset=\"https:\/\/insideamateurfussball-ffm.de\/wp-content\/uploads\/2025\/06\/250606-Biebrich-Dortelweil_007-1024x683.jpg 1024w, https:\/\/insideamateurfussball-ffm.de\/wp-content\/uploads\/2025\/06\/250606-Biebrich-Dortelweil_007-300x200.jpg 300w, https:\/\/insideamateurfussball-ffm.de\/wp-content\/uploads\/2025\/06\/250606-Biebrich-Dortelweil_007-768x512.jpg 768w, https:\/\/insideamateurfussball-ffm.de\/wp-content\/uploads\/2025\/06\/250606-Biebrich-Dortelweil_007-1536x1024.jpg 1536w, https:\/\/insideamateurfussball-ffm.de\/wp-content\/uploads\/2025\/06\/250606-Biebrich-Dortelweil_007-2048x1365.jpg 2048w\" sizes=\"auto, (max-width: 1024px) 100vw, 1024px\" \/><\/figure>\n<\/figure>\n\n\n\n<figure class=\"wp-block-gallery has-nested-images columns-default is-cropped wp-block-gallery-11 is-layout-flex wp-block-gallery-is-layout-flex\">\n<figure class=\"wp-block-image size-large\"><img loading=\"lazy\" decoding=\"async\" width=\"1024\" height=\"683\" data-id=\"26148\" src=\"https:\/\/insideamateurfussball-ffm.de\/wp-content\/uploads\/2025\/06\/250606-Biebrich-Dortelweil_011-1024x683.jpg\" alt=\"\" class=\"wp-image-26148\" srcset=\"https:\/\/insideamateurfussball-ffm.de\/wp-content\/uploads\/2025\/06\/250606-Biebrich-Dortelweil_011-1024x683.jpg 1024w, https:\/\/insideamateurfussball-ffm.de\/wp-content\/uploads\/2025\/06\/250606-Biebrich-Dortelweil_011-300x200.jpg 300w, https:\/\/insideamateurfussball-ffm.de\/wp-content\/uploads\/2025\/06\/250606-Biebrich-Dortelweil_011-768x512.jpg 768w, https:\/\/insideamateurfussball-ffm.de\/wp-content\/uploads\/2025\/06\/250606-Biebrich-Dortelweil_011-1536x1024.jpg 1536w, https:\/\/insideamateurfussball-ffm.de\/wp-content\/uploads\/2025\/06\/250606-Biebrich-Dortelweil_011-2048x1365.jpg 2048w\" sizes=\"auto, (max-width: 1024px) 100vw, 1024px\" \/><\/figure>\n<\/figure>\n\n\n\n<figure class=\"wp-block-gallery has-nested-images columns-default is-cropped wp-block-gallery-12 is-layout-flex wp-block-gallery-is-layout-flex\">\n<figure class=\"wp-block-image size-large\"><img loading=\"lazy\" decoding=\"async\" width=\"1024\" height=\"683\" data-id=\"26151\" src=\"https:\/\/insideamateurfussball-ffm.de\/wp-content\/uploads\/2025\/06\/250606-Biebrich-Dortelweil_014-1024x683.jpg\" alt=\"\" class=\"wp-image-26151\" srcset=\"https:\/\/insideamateurfussball-ffm.de\/wp-content\/uploads\/2025\/06\/250606-Biebrich-Dortelweil_014-1024x683.jpg 1024w, https:\/\/insideamateurfussball-ffm.de\/wp-content\/uploads\/2025\/06\/250606-Biebrich-Dortelweil_014-300x200.jpg 300w, https:\/\/insideamateurfussball-ffm.de\/wp-content\/uploads\/2025\/06\/250606-Biebrich-Dortelweil_014-768x512.jpg 768w, https:\/\/insideamateurfussball-ffm.de\/wp-content\/uploads\/2025\/06\/250606-Biebrich-Dortelweil_014-1536x1024.jpg 1536w, https:\/\/insideamateurfussball-ffm.de\/wp-content\/uploads\/2025\/06\/250606-Biebrich-Dortelweil_014-2048x1365.jpg 2048w\" sizes=\"auto, (max-width: 1024px) 100vw, 1024px\" \/><\/figure>\n<\/figure>\n\n\n\n<figure class=\"wp-block-gallery has-nested-images columns-default is-cropped wp-block-gallery-13 is-layout-flex wp-block-gallery-is-layout-flex\">\n<figure class=\"wp-block-image size-large\"><img loading=\"lazy\" decoding=\"async\" width=\"1024\" height=\"683\" data-id=\"26154\" src=\"https:\/\/insideamateurfussball-ffm.de\/wp-content\/uploads\/2025\/06\/250606-Biebrich-Dortelweil_022-1024x683.jpg\" alt=\"\" class=\"wp-image-26154\" srcset=\"https:\/\/insideamateurfussball-ffm.de\/wp-content\/uploads\/2025\/06\/250606-Biebrich-Dortelweil_022-1024x683.jpg 1024w, https:\/\/insideamateurfussball-ffm.de\/wp-content\/uploads\/2025\/06\/250606-Biebrich-Dortelweil_022-300x200.jpg 300w, https:\/\/insideamateurfussball-ffm.de\/wp-content\/uploads\/2025\/06\/250606-Biebrich-Dortelweil_022-768x512.jpg 768w, https:\/\/insideamateurfussball-ffm.de\/wp-content\/uploads\/2025\/06\/250606-Biebrich-Dortelweil_022-1536x1024.jpg 1536w, https:\/\/insideamateurfussball-ffm.de\/wp-content\/uploads\/2025\/06\/250606-Biebrich-Dortelweil_022-2048x1365.jpg 2048w\" sizes=\"auto, (max-width: 1024px) 100vw, 1024px\" \/><\/figure>\n<\/figure>\n","protected":false},"excerpt":{"rendered":"<p>Der FV Biebrich konnte den SC Dortelweil im R\u00fcckspiel der Relegation zur Hessenliga in Bedr\u00e4ngnis bringen. Der 5:2-Sieg reichte aber nicht, um die Wetterauer noch auszuschalten. Diese bestreiten nun am Pfingstmontag das Finale der Relegation gegen Hessenliga-Relegant VfB Marburg auf neutralem Platz bei Viktoria Griesheim.\u00a0 FV Biebrich &#8211; SC Dortelweil 5:2 (1:1) Dortelweils Trainer G\u00fcltekin [&hellip;]<\/p>\n","protected":false},"author":1,"featured_media":26143,"comment_status":"closed","ping_status":"closed","sticky":true,"template":"","format":"standard","meta":{"footnotes":""},"categories":[36],"tags":[],"class_list":["post-26155","post","type-post","status-publish","format-standard","has-post-thumbnail","hentry","category-relegation"],"_links":{"self":[{"href":"https:\/\/insideamateurfussball-ffm.de\/index.php?rest_route=\/wp\/v2\/posts\/26155","targetHints":{"allow":["GET"]}}],"collection":[{"href":"https:\/\/insideamateurfussball-ffm.de\/index.php?rest_route=\/wp\/v2\/posts"}],"about":[{"href":"https:\/\/insideamateurfussball-ffm.de\/index.php?rest_route=\/wp\/v2\/types\/post"}],"author":[{"embeddable":true,"href":"https:\/\/insideamateurfussball-ffm.de\/index.php?rest_route=\/wp\/v2\/users\/1"}],"replies":[{"embeddable":true,"href":"https:\/\/insideamateurfussball-ffm.de\/index.php?rest_route=%2Fwp%2Fv2%2Fcomments&post=26155"}],"version-history":[{"count":1,"href":"https:\/\/insideamateurfussball-ffm.de\/index.php?rest_route=\/wp\/v2\/posts\/26155\/revisions"}],"predecessor-version":[{"id":26156,"href":"https:\/\/insideamateurfussball-ffm.de\/index.php?rest_route=\/wp\/v2\/posts\/26155\/revisions\/26156"}],"wp:featuredmedia":[{"embeddable":true,"href":"https:\/\/insideamateurfussball-ffm.de\/index.php?rest_route=\/wp\/v2\/media\/26143"}],"wp:attachment":[{"href":"https:\/\/insideamateurfussball-ffm.de\/index.php?rest_route=%2Fwp%2Fv2%2Fmedia&parent=26155"}],"wp:term":[{"taxonomy":"category","embeddable":true,"href":"https:\/\/insideamateurfussball-ffm.de\/index.php?rest_route=%2Fwp%2Fv2%2Fcategories&post=26155"},{"taxonomy":"post_tag","embeddable":true,"href":"https:\/\/insideamateurfussball-ffm.de\/index.php?rest_route=%2Fwp%2Fv2%2Ftags&post=26155"}],"curies":[{"name":"wp","href":"https:\/\/api.w.org\/{rel}","templated":true}]}}