{"id":26137,"date":"2025-06-06T16:08:49","date_gmt":"2025-06-06T15:08:49","guid":{"rendered":"https:\/\/insideamateurfussball-ffm.de\/?p=26137"},"modified":"2025-06-06T16:09:35","modified_gmt":"2025-06-06T15:09:35","slug":"city-kommt-in-oberrad-nach-07-nicht-mehr-auf-den-platz","status":"publish","type":"post","link":"https:\/\/insideamateurfussball-ffm.de\/?p=26137","title":{"rendered":"City kommt in Oberrad nach 0:7 nicht mehr auf den Platz"},"content":{"rendered":"<h3>Spielabbruch zum Auftakt des 2. Spieltages in der Relegation zur Kreisliga A. Im Duell der Verlierer vom 1. Spieltag wollte der FC City nach einem 0:7-Pausenr\u00fcckstand das Spiel bei der Spvgg. Oberrad II nicht fortsetzen.<\/h3>\n<figure id=\"attachment_26138\" aria-describedby=\"caption-attachment-26138\" style=\"width: 1004px\" class=\"wp-caption alignnone\"><img loading=\"lazy\" decoding=\"async\" class=\"wp-image-26138 size-full\" src=\"http:\/\/insideamateurfussball-ffm.de\/wp-content\/uploads\/2025\/06\/erit-oberr5-1.jpg\" alt=\"\" width=\"1004\" height=\"642\" srcset=\"https:\/\/insideamateurfussball-ffm.de\/wp-content\/uploads\/2025\/06\/erit-oberr5-1.jpg 1004w, https:\/\/insideamateurfussball-ffm.de\/wp-content\/uploads\/2025\/06\/erit-oberr5-1-300x192.jpg 300w, https:\/\/insideamateurfussball-ffm.de\/wp-content\/uploads\/2025\/06\/erit-oberr5-1-768x491.jpg 768w\" sizes=\"auto, (max-width: 1004px) 100vw, 1004px\" \/><figcaption id=\"caption-attachment-26138\" class=\"wp-caption-text\">Oberrad II f\u00fchrte mit 7:0 zur Pause. Foto: Archiv Mithat G\u00fcrser.<\/figcaption><\/figure>\n<h3>Spvgg. 05 Oberrad II &#8211; FC City 7:0 (7:0) abgebrochen<\/h3>\n<p><img loading=\"lazy\" decoding=\"async\" class=\"alignnone size-full wp-image-137\" src=\"http:\/\/insideamateurfussball-ffm.de\/wp-content\/uploads\/2022\/05\/Oberrad05.jpg\" alt=\"\" width=\"79\" height=\"80\" \/><img loading=\"lazy\" decoding=\"async\" class=\"alignnone size-full wp-image-1084\" src=\"http:\/\/insideamateurfussball-ffm.de\/wp-content\/uploads\/2022\/07\/City.png\" alt=\"\" width=\"80\" height=\"59\" \/><\/p>\n<p>Nach einer \u00fcberlegenen ersten Halbzeit der Gastgeber mit einer 7:0-F\u00fchrung wurde die Begegnung abgebrochen. Eros Bernath (7.), Luis Essert (11.\/29.), Ron Shahini (14.\/43.) und Wiktor Swiadek (39.\/41.) hatten getroffen. Die G\u00e4ste, die nur mit zw\u00f6lf Spielern an die Beckerwiese angereist waren, wollten die Partie danach nicht mehr fortsetzen.<\/p>\n<p>Oberrads Spielausschuss-Vorsitzender Marcus Klandt war dar\u00fcber ver\u00e4rgert: &#8222;Unter Umst\u00e4nden kommt es in der Viererrunde auf das Torverh\u00e4ltnis an. Die G\u00e4ste gaben an, einige verletzte Spieler zu haben. Unsere Zuschauer, die Eintritt bezahlt haben, sind zurecht sauer. Wir werden beim Sportgericht einen Antrag auf Schadenersatz stellen.&#8220;<\/p>\n<p>Der anwesende Kreisfu\u00dfballwart Thorsten Bastian leitete den Fall umgehend an das Kreissportgericht weiter, das nun \u00fcber die Wertung urteilen muss. City-Vorsitzender Wahib Bensaou teilte mit: &#8222;Wegen zu vieler verletzter Spieler konnten wir nicht mehr weiterspielen.&#8220;<\/p>\n<h3><span style=\"text-decoration: underline;\">Schiedsrichter: Yannick Mondani (FC Kiedrich). Zuschauer: 70. <\/span><\/h3>\n<h3><span style=\"text-decoration: underline;\">Tore: 1:0 Eros Benrath (7.), 2:0 Luis Essert (11.), 3:0 Ron Shahini (14.), 4:0 Luis Essert (29.), 5:0, 6:0 Wiktor Awiadek (39.\/41.), 7:0 Ron Shahini (43.).<\/span><\/h3>\n","protected":false},"excerpt":{"rendered":"<p>Spielabbruch zum Auftakt des 2. Spieltages in der Relegation zur Kreisliga A. Im Duell der Verlierer vom 1. Spieltag wollte der FC City nach einem 0:7-Pausenr\u00fcckstand das Spiel bei der Spvgg. Oberrad II nicht fortsetzen. Spvgg. 05 Oberrad II &#8211; FC City 7:0 (7:0) abgebrochen Nach einer \u00fcberlegenen ersten Halbzeit der Gastgeber mit einer 7:0-F\u00fchrung [&hellip;]<\/p>\n","protected":false},"author":1,"featured_media":26138,"comment_status":"closed","ping_status":"closed","sticky":true,"template":"","format":"standard","meta":{"footnotes":""},"categories":[36],"tags":[],"class_list":["post-26137","post","type-post","status-publish","format-standard","has-post-thumbnail","hentry","category-relegation"],"_links":{"self":[{"href":"https:\/\/insideamateurfussball-ffm.de\/index.php?rest_route=\/wp\/v2\/posts\/26137","targetHints":{"allow":["GET"]}}],"collection":[{"href":"https:\/\/insideamateurfussball-ffm.de\/index.php?rest_route=\/wp\/v2\/posts"}],"about":[{"href":"https:\/\/insideamateurfussball-ffm.de\/index.php?rest_route=\/wp\/v2\/types\/post"}],"author":[{"embeddable":true,"href":"https:\/\/insideamateurfussball-ffm.de\/index.php?rest_route=\/wp\/v2\/users\/1"}],"replies":[{"embeddable":true,"href":"https:\/\/insideamateurfussball-ffm.de\/index.php?rest_route=%2Fwp%2Fv2%2Fcomments&post=26137"}],"version-history":[{"count":2,"href":"https:\/\/insideamateurfussball-ffm.de\/index.php?rest_route=\/wp\/v2\/posts\/26137\/revisions"}],"predecessor-version":[{"id":26140,"href":"https:\/\/insideamateurfussball-ffm.de\/index.php?rest_route=\/wp\/v2\/posts\/26137\/revisions\/26140"}],"wp:featuredmedia":[{"embeddable":true,"href":"https:\/\/insideamateurfussball-ffm.de\/index.php?rest_route=\/wp\/v2\/media\/26138"}],"wp:attachment":[{"href":"https:\/\/insideamateurfussball-ffm.de\/index.php?rest_route=%2Fwp%2Fv2%2Fmedia&parent=26137"}],"wp:term":[{"taxonomy":"category","embeddable":true,"href":"https:\/\/insideamateurfussball-ffm.de\/index.php?rest_route=%2Fwp%2Fv2%2Fcategories&post=26137"},{"taxonomy":"post_tag","embeddable":true,"href":"https:\/\/insideamateurfussball-ffm.de\/index.php?rest_route=%2Fwp%2Fv2%2Ftags&post=26137"}],"curies":[{"name":"wp","href":"https:\/\/api.w.org\/{rel}","templated":true}]}}