{"id":26056,"date":"2025-06-02T21:17:03","date_gmt":"2025-06-02T20:17:03","guid":{"rendered":"https:\/\/insideamateurfussball-ffm.de\/?p=26056"},"modified":"2025-06-02T21:17:03","modified_gmt":"2025-06-02T20:17:03","slug":"seckbach-will-ersten-kalbach-den-vierten-pott","status":"publish","type":"post","link":"https:\/\/insideamateurfussball-ffm.de\/?p=26056","title":{"rendered":"Seckbach will ersten, Kalbach den vierten Pott!"},"content":{"rendered":"<h4>Im Finale um den Frankfurter Kreispokal stehen sich am Mittwochabend die FG Seckbach und der FC Kalbach gegen\u00fcber (20 Uhr). Das Duell der beiden diesj\u00e4hrigen Gruppenliga-Konkurrenten findet auf neutralem Platz in Harheim statt.<\/h4>\n<figure id=\"attachment_26057\" aria-describedby=\"caption-attachment-26057\" style=\"width: 1440px\" class=\"wp-caption alignnone\"><img loading=\"lazy\" decoding=\"async\" class=\"wp-image-26057 size-full\" src=\"http:\/\/insideamateurfussball-ffm.de\/wp-content\/uploads\/2025\/06\/Seck-Kal.jpg\" alt=\"\" width=\"1440\" height=\"1440\" srcset=\"https:\/\/insideamateurfussball-ffm.de\/wp-content\/uploads\/2025\/06\/Seck-Kal.jpg 1440w, https:\/\/insideamateurfussball-ffm.de\/wp-content\/uploads\/2025\/06\/Seck-Kal-300x300.jpg 300w, https:\/\/insideamateurfussball-ffm.de\/wp-content\/uploads\/2025\/06\/Seck-Kal-1024x1024.jpg 1024w, https:\/\/insideamateurfussball-ffm.de\/wp-content\/uploads\/2025\/06\/Seck-Kal-150x150.jpg 150w, https:\/\/insideamateurfussball-ffm.de\/wp-content\/uploads\/2025\/06\/Seck-Kal-768x768.jpg 768w\" sizes=\"auto, (max-width: 1440px) 100vw, 1440px\" \/><figcaption id=\"caption-attachment-26057\" class=\"wp-caption-text\">Die Schiedsrichteransetzungen f\u00fcr das Pokalfinale. Foto: Schiedsrichtervereinigung Frankfurt.<\/figcaption><\/figure>\n<h4>FG Seckbach &#8211; FC Kalbach (Mittwoch, 20 Uhr in Harheim).<\/h4>\n<p><img loading=\"lazy\" decoding=\"async\" class=\"alignnone size-full wp-image-544\" src=\"http:\/\/insideamateurfussball-ffm.de\/wp-content\/uploads\/2022\/06\/Seckbach.jpg\" alt=\"\" width=\"80\" height=\"80\" \/><img loading=\"lazy\" decoding=\"async\" class=\"alignnone size-full wp-image-16\" src=\"http:\/\/insideamateurfussball-ffm.de\/wp-content\/uploads\/2021\/11\/kalbach-wappen.jpg\" alt=\"\" width=\"80\" height=\"80\" \/><\/p>\n<p>Die Seckbacher, dienst\u00e4ltester Verein der Gruppenliga Frankfurt West, beendeten die Runde auf dem f\u00fcnften Platz und wollen nun zum ersten Mal in ihrer Vereinsgeschichte den Kreispokal an die Hochst\u00e4dter Stra\u00dfe holen. Bisher stand die Fu\u00dfball-Gesellschaft nur einmal im Endspiel. 2019 unterlag Seckbach auf eigenem Platz dem Verbandsligisten Rot-Weiss Frankfurt im Elfmeterschie\u00dfen. Die Kalbacher, nach der Gruppenliga-Meisterschaft in der kommenden Saison wieder Verbandsligist, konnten den Kreispokal in den Jahren 2017, 2021 und 2024 bereits dreimal gewinnen und wollen nun den Pott zum vierten Mal in die H\u00f6he stemmen.<\/p>\n<p>Der Titelverteidiger hatte in dieser Saison zwei unterschiedliche Begegnungen mit den Seckbachern. Das Hinspiel gewann das Team von Trainer Aaz-Dine Zarioh mit 10:3, im R\u00fcckspiel setzte es aber eine 0:3-Niederlage. Es kommt unter Umst\u00e4nden auch zum Duell der Torj\u00e4ger, denn trotz einiger Verletzungen markierte Kalbachs Sturmikone Achraf Gara Ali 35 Treffer. Sein Einsatz ist aus privaten Gr\u00fcnden aber noch fraglich. Sein Seckbacher Pendant Florian Schuberth kam auch trotz einiger Verletzungspausen auf 28 Tore.<\/p>\n<blockquote>\n<h4>&#8222;In einem Spiel kann alles passieren&#8220; (Seckbachs Spielertrainer Manuel May)<\/h4>\n<\/blockquote>\n<p>F\u00fcr Spielertrainer Manuel May gibt es in diesem Finale &#8222;keinen Favoriten. Wir sind hochmotiviert und wollen das Ding holen. Das w\u00e4re die Kr\u00f6nung und das I-T\u00fcpfelchen auf die Saison. In einem Spiel kann alles passieren. Wir brauchen aber auch das Matchgl\u00fcck.&#8220; Von Seiten des Vereins wurden alle Hebel in Bewegung gesetzt, um so viele Anh\u00e4nger wie m\u00f6glich nach Harheim zu bringen. Ein Fanbus setzt sich gegen 18.45 Uhr in Richtung des n\u00f6rdlichen Stadtteils in Bewegung. Alle Seckbacher Fans sind dazu aufgerufen, in blauem Oberteil zu erscheinen.<\/p>\n<p>Von Seiten der Kalbacher hat man in dieser Richtung nichts spezifisches organisiert. Spielausschuss-Mitglied Manfred Meyer hofft aber, dass aufgrund der r\u00e4umlichen N\u00e4he &#8222;wir von einer guten Anzahl an Kalbacher Anh\u00e4ngern unterst\u00fctzt werden.&#8220; Auch Meyer erkennt &#8222;keinen Favoriten in diesem Endspiel. Die Tageform und der Wille wird entscheiden. Dazu besteht der Anreiz auf die Teilnahme am attraktiven Hessen-Pokal-Wettbewerb.&#8220; Im Vorjahr scheiterten die Kalbacher in der 1. Runde am diesj\u00e4hrigen Hessenligisten und k\u00fcnftigen Regionalligisten Bayern Alzenau trotz guter Leistung mit 3:5.<\/p>\n","protected":false},"excerpt":{"rendered":"<p>Im Finale um den Frankfurter Kreispokal stehen sich am Mittwochabend die FG Seckbach und der FC Kalbach gegen\u00fcber (20 Uhr). Das Duell der beiden diesj\u00e4hrigen Gruppenliga-Konkurrenten findet auf neutralem Platz in Harheim statt. FG Seckbach &#8211; FC Kalbach (Mittwoch, 20 Uhr in Harheim). Die Seckbacher, dienst\u00e4ltester Verein der Gruppenliga Frankfurt West, beendeten die Runde auf [&hellip;]<\/p>\n","protected":false},"author":1,"featured_media":26057,"comment_status":"closed","ping_status":"closed","sticky":true,"template":"","format":"standard","meta":{"footnotes":""},"categories":[9],"tags":[],"class_list":["post-26056","post","type-post","status-publish","format-standard","has-post-thumbnail","hentry","category-kreispokal"],"_links":{"self":[{"href":"https:\/\/insideamateurfussball-ffm.de\/index.php?rest_route=\/wp\/v2\/posts\/26056","targetHints":{"allow":["GET"]}}],"collection":[{"href":"https:\/\/insideamateurfussball-ffm.de\/index.php?rest_route=\/wp\/v2\/posts"}],"about":[{"href":"https:\/\/insideamateurfussball-ffm.de\/index.php?rest_route=\/wp\/v2\/types\/post"}],"author":[{"embeddable":true,"href":"https:\/\/insideamateurfussball-ffm.de\/index.php?rest_route=\/wp\/v2\/users\/1"}],"replies":[{"embeddable":true,"href":"https:\/\/insideamateurfussball-ffm.de\/index.php?rest_route=%2Fwp%2Fv2%2Fcomments&post=26056"}],"version-history":[{"count":1,"href":"https:\/\/insideamateurfussball-ffm.de\/index.php?rest_route=\/wp\/v2\/posts\/26056\/revisions"}],"predecessor-version":[{"id":26058,"href":"https:\/\/insideamateurfussball-ffm.de\/index.php?rest_route=\/wp\/v2\/posts\/26056\/revisions\/26058"}],"wp:featuredmedia":[{"embeddable":true,"href":"https:\/\/insideamateurfussball-ffm.de\/index.php?rest_route=\/wp\/v2\/media\/26057"}],"wp:attachment":[{"href":"https:\/\/insideamateurfussball-ffm.de\/index.php?rest_route=%2Fwp%2Fv2%2Fmedia&parent=26056"}],"wp:term":[{"taxonomy":"category","embeddable":true,"href":"https:\/\/insideamateurfussball-ffm.de\/index.php?rest_route=%2Fwp%2Fv2%2Fcategories&post=26056"},{"taxonomy":"post_tag","embeddable":true,"href":"https:\/\/insideamateurfussball-ffm.de\/index.php?rest_route=%2Fwp%2Fv2%2Ftags&post=26056"}],"curies":[{"name":"wp","href":"https:\/\/api.w.org\/{rel}","templated":true}]}}