{"id":25970,"date":"2025-05-30T21:53:20","date_gmt":"2025-05-30T20:53:20","guid":{"rendered":"https:\/\/insideamateurfussball-ffm.de\/?p=25970"},"modified":"2025-05-30T21:53:20","modified_gmt":"2025-05-30T20:53:20","slug":"1-spieltag-auf-neutralem-platz-in-roedelheim","status":"publish","type":"post","link":"https:\/\/insideamateurfussball-ffm.de\/?p=25970","title":{"rendered":"1. Spieltag auf neutralem Platz in R\u00f6delheim"},"content":{"rendered":"<h4>Die Relegationsrunde zur Kreisliga A Frankfurt startet am Sonntag (13 Uhr) mit dem Duell zwischen den B-Ligisten SV Eritrea (Gruppe 1) und der Spvgg. Oberrad II (Gruppe 2). Im Anschluss stehen sich die beiden Vorletzten der A-Klasse FC City (Gruppe 1) und SG Harheim II (Gruppe 2) gegen\u00fcber (15.30 Uhr).<\/h4>\n<figure id=\"attachment_25796\" aria-describedby=\"caption-attachment-25796\" style=\"width: 895px\" class=\"wp-caption alignnone\"><img loading=\"lazy\" decoding=\"async\" class=\"wp-image-25796\" src=\"http:\/\/insideamateurfussball-ffm.de\/wp-content\/uploads\/2025\/05\/relegation.jpg\" alt=\"\" width=\"895\" height=\"661\" srcset=\"https:\/\/insideamateurfussball-ffm.de\/wp-content\/uploads\/2025\/05\/relegation.jpg 886w, https:\/\/insideamateurfussball-ffm.de\/wp-content\/uploads\/2025\/05\/relegation-300x221.jpg 300w, https:\/\/insideamateurfussball-ffm.de\/wp-content\/uploads\/2025\/05\/relegation-768x567.jpg 768w\" sizes=\"auto, (max-width: 895px) 100vw, 895px\" \/><figcaption id=\"caption-attachment-25796\" class=\"wp-caption-text\">Grafik: Mithat G\u00fcrser.<\/figcaption><\/figure>\n<p>Als Austragungsort f\u00fcr beide Begegnungen des 1. Spieltages dient die neutrale Sportanlage in R\u00f6delheim. Im Laufe der einfachen Viererrunde haben die vier beteiligten Teams jeweils noch ein Heim- und ein Ausw\u00e4rtsspiel zu absolvieren. Gespielt wird zun\u00e4chst um zwei freie Pl\u00e4tze in der A-Klasse. Sollten aus der \u00fcbergeordneten Relegation zur Kreisoberliga zwei von drei Vereinen durchkommen, w\u00fcrde der Drittplatzierte nachr\u00fccken.<\/p>\n<h4>SV Eritrea &#8211; Spvgg. 05 Oberrad II (Sonntag, 13 Uhr in R\u00f6delheim).<\/h4>\n<p><img loading=\"lazy\" decoding=\"async\" class=\"alignnone size-full wp-image-171\" src=\"http:\/\/insideamateurfussball-ffm.de\/wp-content\/uploads\/2022\/05\/Eritrea.png\" alt=\"\" width=\"77\" height=\"80\" \/><img loading=\"lazy\" decoding=\"async\" class=\"alignnone size-full wp-image-137\" src=\"http:\/\/insideamateurfussball-ffm.de\/wp-content\/uploads\/2022\/05\/Oberrad05.jpg\" alt=\"\" width=\"79\" height=\"80\" \/><\/p>\n<p>Als Favoriten gehen die beiden B-Ligisten ins Rennen, die beide eine erfolgreiche Saison gespielt haben. Der SV Eritrea landete nur einen Punkt hinter Meister Spvgg. Griesheim II auf Rang zwei und will nun erstmals in seiner Vereinsgeschichte den Sprung in die A-Klasse schaffen. Allerdings haben die Eritreer seit dem 4. Mai kein Spiel mehr bestritten, da sie zum Saisonende dreimal spielfrei waren. &#8222;Das erste Spiel ist enorm wichtig. Oberrad II ist mit seiner jungen Mannschaft gef\u00e4hrlich&#8220;, sagt Eritreas Routinier Dawit Demeke. Die Spvgg. Oberrad II landete in der Abschlusstabelle nur auf Rang drei, darf aber an der Relegation teilnehmen, da der FFC Olympia II auf Rang zwei nicht aufstiegsberechtigt ist, da die Erste Mannschaft in der A-Liga schon vertreten ist. &#8222;Eritrea ist f\u00fcr mich der Favorit in dieser Runde. Wir m\u00fcssen gleich da sein, aber unsere junge Mannschaft wird konzentriert und ambitioniert sein&#8220;, erkl\u00e4rt der Spielausschuss-Chef Marcus Klandt.<\/p>\n<h4>FC City &#8211; SG Harheim II (Sonntag, 15.30 Uhr in R\u00f6delheim).<\/h4>\n<p><img loading=\"lazy\" decoding=\"async\" class=\"alignnone size-full wp-image-1084\" src=\"http:\/\/insideamateurfussball-ffm.de\/wp-content\/uploads\/2022\/07\/City.png\" alt=\"\" width=\"80\" height=\"59\" \/><img loading=\"lazy\" decoding=\"async\" class=\"alignnone size-full wp-image-284\" src=\"http:\/\/insideamateurfussball-ffm.de\/wp-content\/uploads\/2022\/05\/Harheim.jpg\" alt=\"\" width=\"78\" height=\"80\" \/><\/p>\n<p>Im Gegensatz zu den B-Ligisten gehen die A-Liga-Vertreter nach vielen Negativerlebnissen als Au\u00dfenseiter in die Relegation. Der FC City holte in 32 Partien nur elf Punkte, kassierte 194 Gegentore. City-Vorsitzender Wahib Bensaou, der dem Verein seit seiner Gr\u00fcndung im Jahr 2016 vorsteht, sp\u00fcrt &#8222;die steigende Anspannung. Wir verstehen langsam, um was es geht. Da wir keine zweite Mannschaft und keine Jugend haben, m\u00fcssen wir mit dem auskommen, was wir haben. Ich sehe aber eine Chance von 50 Prozent auf den Klassenerhalt.&#8220; Harheim II holte auch nur 14 Z\u00e4hler, kassierte 124 Gegentore und setzt auf den 52-j\u00e4hrigen Spielertrainer der Ersten Mannschaft Christian Balzer, der gelassen in die Runde geht: &#8222;Die Karten werden neu gemischt, jeder beginnt bei Null. Ich habe keine Informationen \u00fcber die Gegner, wir schauen einfach, was dabei rauskommt.&#8220;<\/p>\n","protected":false},"excerpt":{"rendered":"<p>Die Relegationsrunde zur Kreisliga A Frankfurt startet am Sonntag (13 Uhr) mit dem Duell zwischen den B-Ligisten SV Eritrea (Gruppe 1) und der Spvgg. Oberrad II (Gruppe 2). Im Anschluss stehen sich die beiden Vorletzten der A-Klasse FC City (Gruppe 1) und SG Harheim II (Gruppe 2) gegen\u00fcber (15.30 Uhr). Als Austragungsort f\u00fcr beide Begegnungen [&hellip;]<\/p>\n","protected":false},"author":1,"featured_media":25796,"comment_status":"closed","ping_status":"closed","sticky":true,"template":"","format":"standard","meta":{"footnotes":""},"categories":[36],"tags":[],"class_list":["post-25970","post","type-post","status-publish","format-standard","has-post-thumbnail","hentry","category-relegation"],"_links":{"self":[{"href":"https:\/\/insideamateurfussball-ffm.de\/index.php?rest_route=\/wp\/v2\/posts\/25970","targetHints":{"allow":["GET"]}}],"collection":[{"href":"https:\/\/insideamateurfussball-ffm.de\/index.php?rest_route=\/wp\/v2\/posts"}],"about":[{"href":"https:\/\/insideamateurfussball-ffm.de\/index.php?rest_route=\/wp\/v2\/types\/post"}],"author":[{"embeddable":true,"href":"https:\/\/insideamateurfussball-ffm.de\/index.php?rest_route=\/wp\/v2\/users\/1"}],"replies":[{"embeddable":true,"href":"https:\/\/insideamateurfussball-ffm.de\/index.php?rest_route=%2Fwp%2Fv2%2Fcomments&post=25970"}],"version-history":[{"count":1,"href":"https:\/\/insideamateurfussball-ffm.de\/index.php?rest_route=\/wp\/v2\/posts\/25970\/revisions"}],"predecessor-version":[{"id":25971,"href":"https:\/\/insideamateurfussball-ffm.de\/index.php?rest_route=\/wp\/v2\/posts\/25970\/revisions\/25971"}],"wp:featuredmedia":[{"embeddable":true,"href":"https:\/\/insideamateurfussball-ffm.de\/index.php?rest_route=\/wp\/v2\/media\/25796"}],"wp:attachment":[{"href":"https:\/\/insideamateurfussball-ffm.de\/index.php?rest_route=%2Fwp%2Fv2%2Fmedia&parent=25970"}],"wp:term":[{"taxonomy":"category","embeddable":true,"href":"https:\/\/insideamateurfussball-ffm.de\/index.php?rest_route=%2Fwp%2Fv2%2Fcategories&post=25970"},{"taxonomy":"post_tag","embeddable":true,"href":"https:\/\/insideamateurfussball-ffm.de\/index.php?rest_route=%2Fwp%2Fv2%2Ftags&post=25970"}],"curies":[{"name":"wp","href":"https:\/\/api.w.org\/{rel}","templated":true}]}}