{"id":25963,"date":"2025-05-30T21:06:20","date_gmt":"2025-05-30T20:06:20","guid":{"rendered":"https:\/\/insideamateurfussball-ffm.de\/?p=25963"},"modified":"2025-06-02T08:22:59","modified_gmt":"2025-06-02T07:22:59","slug":"fahrplan-germania-94-relegation","status":"publish","type":"post","link":"https:\/\/insideamateurfussball-ffm.de\/?p=25963","title":{"rendered":"Fahrplan Germania 94: Start auf neutralem Platz"},"content":{"rendered":"<h4>KOL-Vizemeister VfL Germania 94 startet am Dienstag (20 Uhr) auf neutralem Platz in Bad Nauheim-R\u00f6dgen gegen den Rangzweiten DJK Sportfreunde Bad Homburg II in die Relegationsrunde zur Gruppenliga Frankfurt West. Parallel treffen der Gruppenliga-14. Spvgg. 05\/99 Bomber Bad Homburg und der Friedberger KOL-Zweite FSG Burg-Gr\u00e4fenrode in Gro\u00df-Karben aufeinander.<\/h4>\n<figure id=\"attachment_25880\" aria-describedby=\"caption-attachment-25880\" style=\"width: 2048px\" class=\"wp-caption alignnone\"><img loading=\"lazy\" decoding=\"async\" class=\"wp-image-25880 size-full\" src=\"http:\/\/insideamateurfussball-ffm.de\/wp-content\/uploads\/2025\/05\/Germania-Rel.jpg\" alt=\"\" width=\"2048\" height=\"1536\" srcset=\"https:\/\/insideamateurfussball-ffm.de\/wp-content\/uploads\/2025\/05\/Germania-Rel.jpg 2048w, https:\/\/insideamateurfussball-ffm.de\/wp-content\/uploads\/2025\/05\/Germania-Rel-300x225.jpg 300w, https:\/\/insideamateurfussball-ffm.de\/wp-content\/uploads\/2025\/05\/Germania-Rel-1024x768.jpg 1024w, https:\/\/insideamateurfussball-ffm.de\/wp-content\/uploads\/2025\/05\/Germania-Rel-768x576.jpg 768w, https:\/\/insideamateurfussball-ffm.de\/wp-content\/uploads\/2025\/05\/Germania-Rel-1536x1152.jpg 1536w\" sizes=\"auto, (max-width: 2048px) 100vw, 2048px\" \/><figcaption id=\"caption-attachment-25880\" class=\"wp-caption-text\">Germania 94 hofft auf den Aufstieg \u00fcber die Relegation. Foto: PA.<\/figcaption><\/figure>\n<p>Zun\u00e4chst kommt es am 1. Spieltag in der klassischen einfachen Viererrunde zu zwei Begegnungen auf neutralem Platz.<\/p>\n<h4>Spvgg. 05\/99 Bomber Bad Homburg &#8211; FSG Burg-Gr\u00e4fenrode (Dienstag, 3. Juni um 20 Uhr)<\/h4>\n<p><img loading=\"lazy\" decoding=\"async\" class=\"alignnone size-full wp-image-1287\" src=\"http:\/\/insideamateurfussball-ffm.de\/wp-content\/uploads\/2022\/07\/HeaderLogoSpvgg1-80x80-1.png\" alt=\"\" width=\"80\" height=\"80\" \/><img loading=\"lazy\" decoding=\"async\" class=\"alignnone size-full wp-image-1337\" src=\"http:\/\/insideamateurfussball-ffm.de\/wp-content\/uploads\/2022\/07\/FSGB.png\" alt=\"\" width=\"80\" height=\"80\" \/><\/p>\n<p>Diese Partie war zun\u00e4chst auf dem Kunstrasenplatz in Bad Homburg an der Sandelm\u00fchle angesetzt, was verbandstechnisch nicht darstellbar ist, da die Partien des 1. Spieltages an einem neutralen Spielort durchzuf\u00fchren sind. Somit k\u00e4me hier eigentlich nur ein Sportplatz im Kreis Frankfurt in Betracht, da hier Vertreter aus den Kreisen Hochtaunus und Friedberg aufeinandertreffen. UPDATE: Am Sonntag wurde diese Begegnung nun nach Gro\u00df-Karben gelegt und somit in den Friedberger Kreis. Wie wir meinen, ein Wettbewerbsvorteil f\u00fcr Burg-Gr\u00e4fenrode. Denn der Austragungsort liegt nur 3,2 km vom eigenen Sportplatz entfernt.<\/p>\n<h4>VfL Germania 94 &#8211; DJK Sportfreunde Bad Homburg II (Dienstag, 3. Juni um 20 Uhr)<\/h4>\n<p><img loading=\"lazy\" decoding=\"async\" class=\"alignnone size-full wp-image-508\" src=\"http:\/\/insideamateurfussball-ffm.de\/wp-content\/uploads\/2022\/05\/Germania-94.jpg\" alt=\"\" width=\"80\" height=\"80\" \/><img loading=\"lazy\" decoding=\"async\" class=\"alignnone size-full wp-image-11302\" src=\"http:\/\/insideamateurfussball-ffm.de\/wp-content\/uploads\/2023\/08\/logo-djk.jpeg\" alt=\"\" width=\"95\" height=\"99\" \/><\/p>\n<p>Der Frankfurter Vizemeister beginnt die Relegationsrunde auf neutralem Platz in Bad Nauheim-R\u00f6dgen gegen den Tabellenzweiten der Kreisoberliga Hochtaunus. Die Reserve des Verbandsligisten beendete die regul\u00e4re Saison acht Punkte hinter Meister und Aufsteiger SG Wehrheim\/Pfaffenwiesbach mit 76 Punkten und 105:55 Toren und vier Punkten Vorsprung vor dem FC Neu-Anspach II. Bester Torsch\u00fctze ist Liberato Aiello mit 38 Toren.<\/p>\n<p>Weiter geht es f\u00fcr das Team von Trainer Siar Daudi am Freitag, den 6. Juni. Um 20 Uhr ert\u00f6nt dann im Gastspiel bei der FSG Burg-Gr\u00e4fenrode der Anpfiff. Abgeschlossen wird die Runde am Pfingstmontag (15 Uhr) am heimischen Mainwasen, wenn dann der Gruppenliga-Vertreter Spvgg. 05\/99 Bomber Bad Homburg in den Frankfurter S\u00fcden f\u00e4hrt.<\/p>\n<p>Gespielt wird zun\u00e4chst um einen freien Platz in der Gruppenliga Frankfurt West. Sollte der FC Neu-Anspach in der \u00fcbergeordneten Relegation zur Verbandsliga S\u00fcd aufsteigen, r\u00fcckt aus der Viererrunde noch der Zweitplatzierte nach.<\/p>\n","protected":false},"excerpt":{"rendered":"<p>KOL-Vizemeister VfL Germania 94 startet am Dienstag (20 Uhr) auf neutralem Platz in Bad Nauheim-R\u00f6dgen gegen den Rangzweiten DJK Sportfreunde Bad Homburg II in die Relegationsrunde zur Gruppenliga Frankfurt West. Parallel treffen der Gruppenliga-14. Spvgg. 05\/99 Bomber Bad Homburg und der Friedberger KOL-Zweite FSG Burg-Gr\u00e4fenrode in Gro\u00df-Karben aufeinander. Zun\u00e4chst kommt es am 1. Spieltag in [&hellip;]<\/p>\n","protected":false},"author":1,"featured_media":25880,"comment_status":"open","ping_status":"open","sticky":true,"template":"","format":"standard","meta":{"footnotes":""},"categories":[36],"tags":[],"class_list":["post-25963","post","type-post","status-publish","format-standard","has-post-thumbnail","hentry","category-relegation"],"_links":{"self":[{"href":"https:\/\/insideamateurfussball-ffm.de\/index.php?rest_route=\/wp\/v2\/posts\/25963","targetHints":{"allow":["GET"]}}],"collection":[{"href":"https:\/\/insideamateurfussball-ffm.de\/index.php?rest_route=\/wp\/v2\/posts"}],"about":[{"href":"https:\/\/insideamateurfussball-ffm.de\/index.php?rest_route=\/wp\/v2\/types\/post"}],"author":[{"embeddable":true,"href":"https:\/\/insideamateurfussball-ffm.de\/index.php?rest_route=\/wp\/v2\/users\/1"}],"replies":[{"embeddable":true,"href":"https:\/\/insideamateurfussball-ffm.de\/index.php?rest_route=%2Fwp%2Fv2%2Fcomments&post=25963"}],"version-history":[{"count":4,"href":"https:\/\/insideamateurfussball-ffm.de\/index.php?rest_route=\/wp\/v2\/posts\/25963\/revisions"}],"predecessor-version":[{"id":26005,"href":"https:\/\/insideamateurfussball-ffm.de\/index.php?rest_route=\/wp\/v2\/posts\/25963\/revisions\/26005"}],"wp:featuredmedia":[{"embeddable":true,"href":"https:\/\/insideamateurfussball-ffm.de\/index.php?rest_route=\/wp\/v2\/media\/25880"}],"wp:attachment":[{"href":"https:\/\/insideamateurfussball-ffm.de\/index.php?rest_route=%2Fwp%2Fv2%2Fmedia&parent=25963"}],"wp:term":[{"taxonomy":"category","embeddable":true,"href":"https:\/\/insideamateurfussball-ffm.de\/index.php?rest_route=%2Fwp%2Fv2%2Fcategories&post=25963"},{"taxonomy":"post_tag","embeddable":true,"href":"https:\/\/insideamateurfussball-ffm.de\/index.php?rest_route=%2Fwp%2Fv2%2Ftags&post=25963"}],"curies":[{"name":"wp","href":"https:\/\/api.w.org\/{rel}","templated":true}]}}