{"id":25959,"date":"2025-05-30T19:57:04","date_gmt":"2025-05-30T18:57:04","guid":{"rendered":"https:\/\/insideamateurfussball-ffm.de\/?p=25959"},"modified":"2025-05-30T19:57:04","modified_gmt":"2025-05-30T18:57:04","slug":"thorsten-bastian-als-kfw-bestaetigt","status":"publish","type":"post","link":"https:\/\/insideamateurfussball-ffm.de\/?p=25959","title":{"rendered":"Thorsten Bastian als KFW best\u00e4tigt"},"content":{"rendered":"<h4>Beim au\u00dferordentlichen Kreisfu\u00dfballtag am 12. Mai war Thorsten Bastian (FV Hausen) von den Delegierten in einer Vorschlagswahl vor seinem Gegenkandidaten Michael Mehrer (SV Niederursel) mehrheitlich gew\u00e4hlt worden. In der Vorschlagswahl zur Position des Stellvertreters setzte sich Claudia Fleckenstein (FV Hausen) gegen den erneut angetretenen Mehrer durch. Diese Vorschlagswahl wurde nun durch das Pr\u00e4sidium des Hessischen Fu\u00dfball-Verbandes best\u00e4tigt.<\/h4>\n<figure id=\"attachment_25960\" aria-describedby=\"caption-attachment-25960\" style=\"width: 677px\" class=\"wp-caption alignnone\"><img loading=\"lazy\" decoding=\"async\" class=\"wp-image-25960\" src=\"http:\/\/insideamateurfussball-ffm.de\/wp-content\/uploads\/2025\/05\/torsten4.jpg\" alt=\"\" width=\"677\" height=\"578\" srcset=\"https:\/\/insideamateurfussball-ffm.de\/wp-content\/uploads\/2025\/05\/torsten4.jpg 669w, https:\/\/insideamateurfussball-ffm.de\/wp-content\/uploads\/2025\/05\/torsten4-300x256.jpg 300w\" sizes=\"auto, (max-width: 677px) 100vw, 677px\" \/><figcaption id=\"caption-attachment-25960\" class=\"wp-caption-text\">Thorsten Bastian soll den Kreis Frankfurt nach Monaten der Vakanz wieder nach vorne f\u00fchren. Grafik: Mithat G\u00fcrser.<\/figcaption><\/figure>\n<p>Das Votum der Basis war eindeutig: Die 72 der 98 erschienenen Delegierten bestehend aus Vereinsvertretern und dem Kreisfu\u00dfballausschuss verf\u00fcgten nach neuem HFV-Schl\u00fcssel \u00fcber 209 Stimmen. 150 entfielen auf Bastian, 56 auf Mehrer, drei Stimmen waren ung\u00fcltig. Die Versammlung wurde von Silke Sinning, der Pr\u00e4sidentin des HFV geleitet. Die sogenannte Vorschlagswahl der Frankfurter Vereine wurde nun zwei Wochen danach vom Verbandsvorstand abgesegnet. Somit ist der weitaus gr\u00f6\u00dfte der 32 hessischen Fu\u00dfball-Kreise wieder handlungsf\u00e4hig und kann die Saison mit der Organisation der anstehenden Relegationsspiele und des Kreispokal-Finales ordentlich zu Ende bringen und endlich auch den Rahmenterminplan f\u00fcr die kommende Saison abstecken.<\/p>\n<p>Hier war nach dem gesundheitlichen Ausscheiden des langj\u00e4hrigen Fu\u00dfballchefs Rainer Nagel (SV Heddernheim\/80), dem zun\u00e4chst Marc Keim (SV Viktoria Preu\u00dfen) folgte, der aber nach wenigen Monaten nach internen Differenzen im Kreisfu\u00dfballausschuss von seinen \u00c4mtern zur\u00fccktrat, ein Vakuum entstanden.<\/p>\n<blockquote>\n<h4>Bastian will den Ausschuss breiter aufstellen<\/h4>\n<\/blockquote>\n<p>Der geb\u00fcrtige Frankfurter Bastian (wohnhaft in Rockenberg\/Kreis Friedberg) \u00fcberzeugte die Delegierten in seinem Diskurs mit seiner Erfahrung als Verbandsfu\u00dfballwart und Verbandsrichter. Der ehemalige Profischiedsrichter &#8211; H\u00f6hepunkt seiner Karriere war der Einsatz als Linienrichter im Champions League-Finale 1998 in Amsterdam zwischen Real Madrid und Juventus Turin (1:0) &#8211; war unter anderem Kreisschiedsrichterobmann in Frankfurt und bekleidete die Position des Fu\u00dfballwartes schon im Kreis Friedberg.<\/p>\n<p>Er betonte, dass er &#8222;viel Wert auf Teamarbeit&#8220; lege. Er wolle den Ausschuss &#8222;breiter aufstellen.&#8220; Michael Mehrer, der nur rund 90 Sekunden der angedachten Redezeit nutzte, w\u00e4hrend Bastian nach zehn Minuten von Sinning an das Ende der Redezeit erinnert werden musste, unterlag in der ersten &#8222;Kampfabstimmung&#8220; \u00fcberhaupt um den Chefposten im Kreis und war auch bei seiner Kandidatur f\u00fcr den Stellvertreter-Posten mit 71:132 gegen Claudia Fleckenstein unterlegen.<\/p>\n","protected":false},"excerpt":{"rendered":"<p>Beim au\u00dferordentlichen Kreisfu\u00dfballtag am 12. Mai war Thorsten Bastian (FV Hausen) von den Delegierten in einer Vorschlagswahl vor seinem Gegenkandidaten Michael Mehrer (SV Niederursel) mehrheitlich gew\u00e4hlt worden. In der Vorschlagswahl zur Position des Stellvertreters setzte sich Claudia Fleckenstein (FV Hausen) gegen den erneut angetretenen Mehrer durch. Diese Vorschlagswahl wurde nun durch das Pr\u00e4sidium des Hessischen [&hellip;]<\/p>\n","protected":false},"author":1,"featured_media":25960,"comment_status":"closed","ping_status":"closed","sticky":true,"template":"","format":"standard","meta":{"footnotes":""},"categories":[24],"tags":[],"class_list":["post-25959","post","type-post","status-publish","format-standard","has-post-thumbnail","hentry","category-besprechungen"],"_links":{"self":[{"href":"https:\/\/insideamateurfussball-ffm.de\/index.php?rest_route=\/wp\/v2\/posts\/25959","targetHints":{"allow":["GET"]}}],"collection":[{"href":"https:\/\/insideamateurfussball-ffm.de\/index.php?rest_route=\/wp\/v2\/posts"}],"about":[{"href":"https:\/\/insideamateurfussball-ffm.de\/index.php?rest_route=\/wp\/v2\/types\/post"}],"author":[{"embeddable":true,"href":"https:\/\/insideamateurfussball-ffm.de\/index.php?rest_route=\/wp\/v2\/users\/1"}],"replies":[{"embeddable":true,"href":"https:\/\/insideamateurfussball-ffm.de\/index.php?rest_route=%2Fwp%2Fv2%2Fcomments&post=25959"}],"version-history":[{"count":2,"href":"https:\/\/insideamateurfussball-ffm.de\/index.php?rest_route=\/wp\/v2\/posts\/25959\/revisions"}],"predecessor-version":[{"id":25962,"href":"https:\/\/insideamateurfussball-ffm.de\/index.php?rest_route=\/wp\/v2\/posts\/25959\/revisions\/25962"}],"wp:featuredmedia":[{"embeddable":true,"href":"https:\/\/insideamateurfussball-ffm.de\/index.php?rest_route=\/wp\/v2\/media\/25960"}],"wp:attachment":[{"href":"https:\/\/insideamateurfussball-ffm.de\/index.php?rest_route=%2Fwp%2Fv2%2Fmedia&parent=25959"}],"wp:term":[{"taxonomy":"category","embeddable":true,"href":"https:\/\/insideamateurfussball-ffm.de\/index.php?rest_route=%2Fwp%2Fv2%2Fcategories&post=25959"},{"taxonomy":"post_tag","embeddable":true,"href":"https:\/\/insideamateurfussball-ffm.de\/index.php?rest_route=%2Fwp%2Fv2%2Ftags&post=25959"}],"curies":[{"name":"wp","href":"https:\/\/api.w.org\/{rel}","templated":true}]}}