{"id":25905,"date":"2025-05-29T15:54:23","date_gmt":"2025-05-29T14:54:23","guid":{"rendered":"https:\/\/insideamateurfussball-ffm.de\/?p=25905"},"modified":"2025-05-29T15:54:23","modified_gmt":"2025-05-29T14:54:23","slug":"oberrad-schlaegt-tuerkguecue-im-schlussspurt-mit-42","status":"publish","type":"post","link":"https:\/\/insideamateurfussball-ffm.de\/?p=25905","title":{"rendered":"Oberrad schl\u00e4gt T\u00fcrkg\u00fcc\u00fc im Schlussspurt mit 4:2"},"content":{"rendered":"<h4>Zwei sp\u00e4te Tore sorgten f\u00fcr einen 4:2-Sieg der Spvgg. 05 Oberrad gegen T\u00fcrkg\u00fcc\u00fc Frankfurt, nachdem die G\u00e4ste einen 0:2-R\u00fcckstand zwischenzeitlich egalisieren konnten.<\/h4>\n<figure id=\"attachment_25910\" aria-describedby=\"caption-attachment-25910\" style=\"width: 886px\" class=\"wp-caption alignnone\"><img loading=\"lazy\" decoding=\"async\" class=\"wp-image-25910 size-full\" src=\"http:\/\/insideamateurfussball-ffm.de\/wp-content\/uploads\/2025\/05\/oberr-tug5.jpg\" alt=\"\" width=\"886\" height=\"634\" srcset=\"https:\/\/insideamateurfussball-ffm.de\/wp-content\/uploads\/2025\/05\/oberr-tug5.jpg 886w, https:\/\/insideamateurfussball-ffm.de\/wp-content\/uploads\/2025\/05\/oberr-tug5-300x215.jpg 300w, https:\/\/insideamateurfussball-ffm.de\/wp-content\/uploads\/2025\/05\/oberr-tug5-768x550.jpg 768w\" sizes=\"auto, (max-width: 886px) 100vw, 886px\" \/><figcaption id=\"caption-attachment-25910\" class=\"wp-caption-text\">Die Spvgg. 05 Oberrad war durch zwei sp\u00e4te Tore siegreich. Foto: Mithat G\u00fcrser<\/figcaption><\/figure>\n<h4>Spvgg. 05 Oberrad &#8211; T\u00fcrkg\u00fcc\u00fc Frankfurt 4:2 (2:1)<\/h4>\n<p><img loading=\"lazy\" decoding=\"async\" class=\"alignnone size-full wp-image-137\" src=\"http:\/\/insideamateurfussball-ffm.de\/wp-content\/uploads\/2022\/05\/Oberrad05.jpg\" alt=\"\" width=\"79\" height=\"80\" \/><img loading=\"lazy\" decoding=\"async\" class=\"alignnone size-full wp-image-17\" src=\"http:\/\/insideamateurfussball-ffm.de\/wp-content\/uploads\/2021\/11\/Tuerkguecue.jpg\" alt=\"\" width=\"72\" height=\"80\" \/><\/p>\n<p>In Oberrad ging es um einen vers\u00f6hnlichen Saisonabschluss f\u00fcr die Gastgeber, die G\u00e4ste von T\u00fcrkg\u00fcc\u00fc Frankfurt konnten ja schon vor zwei Wochen ihren Klassenerhalt feiern. Oberrad hatte das Spiel in der ersten Halbzeit nach Aussagen von Interimstrainer Marcus Klandt \u201evoll im Griff\u201c und ging durch zwei Tore von David Bremerich in der 21.Minute und Alexander Chao Alvarez in der 31.Minute \u201everdient\u201c in F\u00fchrung, ehe Emre Kadimli f\u00fcr T\u00fcrkg\u00fcc\u00fc noch vor der Halbzeit in der 39.Minute den Anschlusstreffer erzielen konnte, Klandt: &#8222;endlich mal wieder ein gutes Gef\u00fchl, mit einer F\u00fchrung in die Halbzeit gehen zu k\u00f6nnen\u201c.<\/p>\n<p>In der zweiten Halbzeit gab es in der 49.Minute einen geplanten Torwartwechsel, Tim Mattick, der zur Spvgg. Neu-Isenburg wechselt, wurde von Filip Stojikovic abgel\u00f6st. Danach waren \u201edie Dominanz und die Leichtigkeit weg\u201c (O-Ton-Klandt), was folgerichtig auch zum 2:2-Ausgleich durch Emre Kadimli in der 77.Minute f\u00fchrte. Die Gastgeber fingen sich dann wieder und nach zwei verpassten Gro\u00dfchancen war es dann Adrian Chao Alvarez, der in der 88.Minute das 3:2 erzielen konnte. Den Schlusspunkt zum 4:2 nach einem Konter setzte dann Ali Wardak, der Oberrad in Richtung Fechenheim verlassen wird.<\/p>\n<p>Oberrad schlie\u00dft damit die Saison mit 45 Punkten auf Rang 10 ab und hatte sich etwas mehr vorgestellt, eine interessante Aufgabe f\u00fcr das neue Trainerteam Maximilian Schmidt und Hasan G\u00f6ren. Auch bei T\u00fcrkg\u00fcc\u00fc gibt es in der neuen Saison mit Murtaza Taher einen neuen Trainer, die Mannschaft hat mit dem Klassenerhalt aber ihr gestecktes Ziel erreicht. Der nach Anicic und Tekin dritte Trainer in dieser Saison, Murat Tiryaki, sagte nach dem Spiel: \u201eOberrad hat am Ende verdient gewonnen. Ich bedanke mich bei T\u00fcrkg\u00fcc\u00fc, dass ich in diesem Verein als Spieler und Trainer t\u00e4tig sein durfte. Im n\u00e4chsten Jahr \u00fcbernehme ich keine Funktion bei T\u00fcrkg\u00fcc\u00fc, ich muss nachdenken, was ich n\u00e4chste Saison machen will.\u201c<\/p>\n<h4>Schiedsrichter: Henrik Schwarzer (SV Wehen-Wiesbaden). Zuschauer: 200.<\/h4>\n<h4>Tore: 1:0 David Bremerich (21.), 2:0 Alexander Chao Alvarez (31.), 2:1 Emre Kadimli (39.), 2:2 Emre Kadimli (77.), 3:2 Adrian Chao Alvarez (88.), 4:2 Ali Wardak (90.+1)<\/h4>\n<h4>Die Bilder verdanken wir Mithat G\u00fcrser.<\/h4>\n\n\n<figure class=\"wp-block-image size-full\"><img loading=\"lazy\" decoding=\"async\" width=\"901\" height=\"650\" src=\"http:\/\/insideamateurfussball-ffm.de\/wp-content\/uploads\/2025\/05\/oberr-tug1.jpg\" alt=\"\" class=\"wp-image-25906\" srcset=\"https:\/\/insideamateurfussball-ffm.de\/wp-content\/uploads\/2025\/05\/oberr-tug1.jpg 901w, https:\/\/insideamateurfussball-ffm.de\/wp-content\/uploads\/2025\/05\/oberr-tug1-300x216.jpg 300w, https:\/\/insideamateurfussball-ffm.de\/wp-content\/uploads\/2025\/05\/oberr-tug1-768x554.jpg 768w\" sizes=\"auto, (max-width: 901px) 100vw, 901px\" \/><\/figure>\n\n\n\n<figure class=\"wp-block-image size-full\"><img loading=\"lazy\" decoding=\"async\" width=\"886\" height=\"622\" src=\"http:\/\/insideamateurfussball-ffm.de\/wp-content\/uploads\/2025\/05\/oberr-tug2.jpg\" alt=\"\" class=\"wp-image-25907\" srcset=\"https:\/\/insideamateurfussball-ffm.de\/wp-content\/uploads\/2025\/05\/oberr-tug2.jpg 886w, https:\/\/insideamateurfussball-ffm.de\/wp-content\/uploads\/2025\/05\/oberr-tug2-300x211.jpg 300w, https:\/\/insideamateurfussball-ffm.de\/wp-content\/uploads\/2025\/05\/oberr-tug2-768x539.jpg 768w\" sizes=\"auto, (max-width: 886px) 100vw, 886px\" \/><\/figure>\n\n\n\n<figure class=\"wp-block-image size-full\"><img loading=\"lazy\" decoding=\"async\" width=\"886\" height=\"628\" src=\"http:\/\/insideamateurfussball-ffm.de\/wp-content\/uploads\/2025\/05\/oberr-tug3.jpg\" alt=\"\" class=\"wp-image-25908\" srcset=\"https:\/\/insideamateurfussball-ffm.de\/wp-content\/uploads\/2025\/05\/oberr-tug3.jpg 886w, https:\/\/insideamateurfussball-ffm.de\/wp-content\/uploads\/2025\/05\/oberr-tug3-300x213.jpg 300w, https:\/\/insideamateurfussball-ffm.de\/wp-content\/uploads\/2025\/05\/oberr-tug3-768x544.jpg 768w\" sizes=\"auto, (max-width: 886px) 100vw, 886px\" \/><\/figure>\n\n\n\n<figure class=\"wp-block-image size-full\"><img loading=\"lazy\" decoding=\"async\" width=\"886\" height=\"623\" src=\"http:\/\/insideamateurfussball-ffm.de\/wp-content\/uploads\/2025\/05\/oberr-tug4.jpg\" alt=\"\" class=\"wp-image-25909\" srcset=\"https:\/\/insideamateurfussball-ffm.de\/wp-content\/uploads\/2025\/05\/oberr-tug4.jpg 886w, https:\/\/insideamateurfussball-ffm.de\/wp-content\/uploads\/2025\/05\/oberr-tug4-300x211.jpg 300w, https:\/\/insideamateurfussball-ffm.de\/wp-content\/uploads\/2025\/05\/oberr-tug4-768x540.jpg 768w\" sizes=\"auto, (max-width: 886px) 100vw, 886px\" \/><\/figure>\n\n\n\n<figure class=\"wp-block-image size-full\"><img loading=\"lazy\" decoding=\"async\" width=\"886\" height=\"627\" src=\"http:\/\/insideamateurfussball-ffm.de\/wp-content\/uploads\/2025\/05\/oberr-tug6.jpg\" alt=\"\" class=\"wp-image-25911\" srcset=\"https:\/\/insideamateurfussball-ffm.de\/wp-content\/uploads\/2025\/05\/oberr-tug6.jpg 886w, https:\/\/insideamateurfussball-ffm.de\/wp-content\/uploads\/2025\/05\/oberr-tug6-300x212.jpg 300w, https:\/\/insideamateurfussball-ffm.de\/wp-content\/uploads\/2025\/05\/oberr-tug6-768x543.jpg 768w\" sizes=\"auto, (max-width: 886px) 100vw, 886px\" \/><\/figure>\n","protected":false},"excerpt":{"rendered":"<p>Zwei sp\u00e4te Tore sorgten f\u00fcr einen 4:2-Sieg der Spvgg. 05 Oberrad gegen T\u00fcrkg\u00fcc\u00fc Frankfurt, nachdem die G\u00e4ste einen 0:2-R\u00fcckstand zwischenzeitlich egalisieren konnten. Spvgg. 05 Oberrad &#8211; T\u00fcrkg\u00fcc\u00fc Frankfurt 4:2 (2:1) In Oberrad ging es um einen vers\u00f6hnlichen Saisonabschluss f\u00fcr die Gastgeber, die G\u00e4ste von T\u00fcrkg\u00fcc\u00fc Frankfurt konnten ja schon vor zwei Wochen ihren Klassenerhalt feiern. [&hellip;]<\/p>\n","protected":false},"author":3,"featured_media":25910,"comment_status":"closed","ping_status":"open","sticky":true,"template":"","format":"standard","meta":{"footnotes":""},"categories":[13],"tags":[],"class_list":["post-25905","post","type-post","status-publish","format-standard","has-post-thumbnail","hentry","category-gruppenliga-frankfurt-west"],"_links":{"self":[{"href":"https:\/\/insideamateurfussball-ffm.de\/index.php?rest_route=\/wp\/v2\/posts\/25905","targetHints":{"allow":["GET"]}}],"collection":[{"href":"https:\/\/insideamateurfussball-ffm.de\/index.php?rest_route=\/wp\/v2\/posts"}],"about":[{"href":"https:\/\/insideamateurfussball-ffm.de\/index.php?rest_route=\/wp\/v2\/types\/post"}],"author":[{"embeddable":true,"href":"https:\/\/insideamateurfussball-ffm.de\/index.php?rest_route=\/wp\/v2\/users\/3"}],"replies":[{"embeddable":true,"href":"https:\/\/insideamateurfussball-ffm.de\/index.php?rest_route=%2Fwp%2Fv2%2Fcomments&post=25905"}],"version-history":[{"count":2,"href":"https:\/\/insideamateurfussball-ffm.de\/index.php?rest_route=\/wp\/v2\/posts\/25905\/revisions"}],"predecessor-version":[{"id":25913,"href":"https:\/\/insideamateurfussball-ffm.de\/index.php?rest_route=\/wp\/v2\/posts\/25905\/revisions\/25913"}],"wp:featuredmedia":[{"embeddable":true,"href":"https:\/\/insideamateurfussball-ffm.de\/index.php?rest_route=\/wp\/v2\/media\/25910"}],"wp:attachment":[{"href":"https:\/\/insideamateurfussball-ffm.de\/index.php?rest_route=%2Fwp%2Fv2%2Fmedia&parent=25905"}],"wp:term":[{"taxonomy":"category","embeddable":true,"href":"https:\/\/insideamateurfussball-ffm.de\/index.php?rest_route=%2Fwp%2Fv2%2Fcategories&post=25905"},{"taxonomy":"post_tag","embeddable":true,"href":"https:\/\/insideamateurfussball-ffm.de\/index.php?rest_route=%2Fwp%2Fv2%2Ftags&post=25905"}],"curies":[{"name":"wp","href":"https:\/\/api.w.org\/{rel}","templated":true}]}}