{"id":25887,"date":"2025-05-29T07:10:00","date_gmt":"2025-05-29T06:10:00","guid":{"rendered":"https:\/\/insideamateurfussball-ffm.de\/?p=25887"},"modified":"2025-05-29T08:10:05","modified_gmt":"2025-05-29T07:10:05","slug":"dortelweil-bestreitet-relegation-gegen-biebrich","status":"publish","type":"post","link":"https:\/\/insideamateurfussball-ffm.de\/?p=25887","title":{"rendered":"Dortelweil bestreitet Relegation gegen Biebrich"},"content":{"rendered":"<h4>Der SC Dortelweil hat die Vizemeisterschaft in der Verbandsliga S\u00fcd errungen und ist durch den 5:1-Heimsieg gegen Rot-Wei\u00df Walldorf II in die Relegation zur Hessenliga eingezogen, in der die Wetterauer im Halbfinale am Dienstag zu Hause auf den Vertreter der Verbandsliga Mitte FV Biebrich treffen. Das R\u00fcckspiel ist drei Tage sp\u00e4ter im Wiesbadener Stadtteil geplant.<\/h4>\n<figure id=\"attachment_25458\" aria-describedby=\"caption-attachment-25458\" style=\"width: 2560px\" class=\"wp-caption alignnone\"><img loading=\"lazy\" decoding=\"async\" class=\"wp-image-25458 size-full\" src=\"http:\/\/insideamateurfussball-ffm.de\/wp-content\/uploads\/2025\/05\/250511-Dortelweil-Beienheim_004-scaled.jpg\" alt=\"\" width=\"2560\" height=\"1707\" srcset=\"https:\/\/insideamateurfussball-ffm.de\/wp-content\/uploads\/2025\/05\/250511-Dortelweil-Beienheim_004-scaled.jpg 2560w, https:\/\/insideamateurfussball-ffm.de\/wp-content\/uploads\/2025\/05\/250511-Dortelweil-Beienheim_004-300x200.jpg 300w, https:\/\/insideamateurfussball-ffm.de\/wp-content\/uploads\/2025\/05\/250511-Dortelweil-Beienheim_004-1024x683.jpg 1024w, https:\/\/insideamateurfussball-ffm.de\/wp-content\/uploads\/2025\/05\/250511-Dortelweil-Beienheim_004-768x512.jpg 768w, https:\/\/insideamateurfussball-ffm.de\/wp-content\/uploads\/2025\/05\/250511-Dortelweil-Beienheim_004-1536x1024.jpg 1536w, https:\/\/insideamateurfussball-ffm.de\/wp-content\/uploads\/2025\/05\/250511-Dortelweil-Beienheim_004-2048x1365.jpg 2048w\" sizes=\"auto, (max-width: 2560px) 100vw, 2560px\" \/><figcaption id=\"caption-attachment-25458\" class=\"wp-caption-text\">Dortelweil trifft auf Biebrich in der Relegation. Foto: Archiv Jan Werner.<\/figcaption><\/figure>\n<h4>SC Dortelweil &#8211; SV Rot-Wei\u00df Walldorf II 5:1 (2:1)<\/h4>\n<p><img loading=\"lazy\" decoding=\"async\" class=\"alignnone size-full wp-image-435\" src=\"http:\/\/insideamateurfussball-ffm.de\/wp-content\/uploads\/2022\/05\/Dortelweil.jpg\" alt=\"\" width=\"80\" height=\"80\" \/><img loading=\"lazy\" decoding=\"async\" class=\"alignnone size-full wp-image-1074\" src=\"http:\/\/insideamateurfussball-ffm.de\/wp-content\/uploads\/2022\/07\/Walldorf.jpg\" alt=\"\" width=\"80\" height=\"80\" \/><\/p>\n<p>Das Team von Trainer G\u00fcltekin Cagritekin hat den Matchball verwandelt und trotz fr\u00fchen R\u00fcckstandes durch Nico Neukirch (15.) die Nerven behalten. Dem Ausgleich durch Marvin Strenger (17.) folgte die Halbzeitf\u00fchrung durch Oliver Steffen (33.). Nach dem Seitenwechsel f\u00fchrte ein verwandelter Foulelfmeter durch Strenger zum 3:1 (64.). In der Schlussphase machten Maurice Reininger (82.) und Dominik Steffen (84.) alles klar.<\/p>\n<p>Dortelweil beendet die Runde nach 34 Spielen mit 68 Punkten (zwei Z\u00e4hler im Schnitt) einen Z\u00e4hler vor den Sportfreunden Seligenstadt, denen das 4:0 \u00fcber Absteiger SKV Beienheim nichts nutzte. Zum Vergleich: Relegationsgegner Biebrich wurde in der Mitte-Staffel mit 70 Z\u00e4hlern aus 32 Partien (97:36 Tore) Vizemeister. &#8222;Grandiose Sache, was die Spieler geleistet haben. Ein sensationeller Erfolg f\u00fcr den Verein&#8220;, jubelte Coach Cagritekin.<\/p>\n<blockquote>\n<h4>Schiedsrichter: Keine Angabe. Zuschauer: 250.<\/h4>\n<h4>Tore: 0:1 Nico Neukirch (15.), 1:1 Marvin Strenger (17.), 2:1 Oliver Steffen (33.), 3:1 Marvin Strenger (64.\/Foulelfmeter), 4:1 Maurice Reininger (82.), 5:1 Dominik Steffen (84.).<\/h4>\n<\/blockquote>\n","protected":false},"excerpt":{"rendered":"<p>Der SC Dortelweil hat die Vizemeisterschaft in der Verbandsliga S\u00fcd errungen und ist durch den 5:1-Heimsieg gegen Rot-Wei\u00df Walldorf II in die Relegation zur Hessenliga eingezogen, in der die Wetterauer im Halbfinale am Dienstag zu Hause auf den Vertreter der Verbandsliga Mitte FV Biebrich treffen. Das R\u00fcckspiel ist drei Tage sp\u00e4ter im Wiesbadener Stadtteil geplant. [&hellip;]<\/p>\n","protected":false},"author":1,"featured_media":25458,"comment_status":"closed","ping_status":"closed","sticky":true,"template":"","format":"standard","meta":{"footnotes":""},"categories":[10],"tags":[],"class_list":["post-25887","post","type-post","status-publish","format-standard","has-post-thumbnail","hentry","category-verbandsliga-sued"],"_links":{"self":[{"href":"https:\/\/insideamateurfussball-ffm.de\/index.php?rest_route=\/wp\/v2\/posts\/25887","targetHints":{"allow":["GET"]}}],"collection":[{"href":"https:\/\/insideamateurfussball-ffm.de\/index.php?rest_route=\/wp\/v2\/posts"}],"about":[{"href":"https:\/\/insideamateurfussball-ffm.de\/index.php?rest_route=\/wp\/v2\/types\/post"}],"author":[{"embeddable":true,"href":"https:\/\/insideamateurfussball-ffm.de\/index.php?rest_route=\/wp\/v2\/users\/1"}],"replies":[{"embeddable":true,"href":"https:\/\/insideamateurfussball-ffm.de\/index.php?rest_route=%2Fwp%2Fv2%2Fcomments&post=25887"}],"version-history":[{"count":4,"href":"https:\/\/insideamateurfussball-ffm.de\/index.php?rest_route=\/wp\/v2\/posts\/25887\/revisions"}],"predecessor-version":[{"id":25891,"href":"https:\/\/insideamateurfussball-ffm.de\/index.php?rest_route=\/wp\/v2\/posts\/25887\/revisions\/25891"}],"wp:featuredmedia":[{"embeddable":true,"href":"https:\/\/insideamateurfussball-ffm.de\/index.php?rest_route=\/wp\/v2\/media\/25458"}],"wp:attachment":[{"href":"https:\/\/insideamateurfussball-ffm.de\/index.php?rest_route=%2Fwp%2Fv2%2Fmedia&parent=25887"}],"wp:term":[{"taxonomy":"category","embeddable":true,"href":"https:\/\/insideamateurfussball-ffm.de\/index.php?rest_route=%2Fwp%2Fv2%2Fcategories&post=25887"},{"taxonomy":"post_tag","embeddable":true,"href":"https:\/\/insideamateurfussball-ffm.de\/index.php?rest_route=%2Fwp%2Fv2%2Ftags&post=25887"}],"curies":[{"name":"wp","href":"https:\/\/api.w.org\/{rel}","templated":true}]}}