{"id":25879,"date":"2025-05-28T15:33:10","date_gmt":"2025-05-28T14:33:10","guid":{"rendered":"https:\/\/insideamateurfussball-ffm.de\/?p=25879"},"modified":"2025-05-28T22:47:47","modified_gmt":"2025-05-28T21:47:47","slug":"germania-94-mit-70-in-die-relegation-nach-oben","status":"publish","type":"post","link":"https:\/\/insideamateurfussball-ffm.de\/?p=25879","title":{"rendered":"Germania 94 mit 7:0 in die Relegation nach oben"},"content":{"rendered":"<h4>Der VfL Germania 94 war nach der Zustellung des Sportgerichtsurteils zwei Stunden vor Spielbeginn unter Zugzwang, lie\u00df sich aber beim SV 07 Heddernheim nicht beirren und zog mit einem 7:0-Kantersieg in die Relegationsspiele zur Gruppenliga Frankfurt West ein. Die Gastgeber belegen trotz eines Vereinsnegativrekord von 105 Gegentoren am Ende Rang elf.<\/h4>\n<figure id=\"attachment_25880\" aria-describedby=\"caption-attachment-25880\" style=\"width: 2048px\" class=\"wp-caption alignnone\"><img loading=\"lazy\" decoding=\"async\" class=\"wp-image-25880 size-full\" src=\"http:\/\/insideamateurfussball-ffm.de\/wp-content\/uploads\/2025\/05\/Germania-Rel.jpg\" alt=\"\" width=\"2048\" height=\"1536\" srcset=\"https:\/\/insideamateurfussball-ffm.de\/wp-content\/uploads\/2025\/05\/Germania-Rel.jpg 2048w, https:\/\/insideamateurfussball-ffm.de\/wp-content\/uploads\/2025\/05\/Germania-Rel-300x225.jpg 300w, https:\/\/insideamateurfussball-ffm.de\/wp-content\/uploads\/2025\/05\/Germania-Rel-1024x768.jpg 1024w, https:\/\/insideamateurfussball-ffm.de\/wp-content\/uploads\/2025\/05\/Germania-Rel-768x576.jpg 768w, https:\/\/insideamateurfussball-ffm.de\/wp-content\/uploads\/2025\/05\/Germania-Rel-1536x1152.jpg 1536w\" sizes=\"auto, (max-width: 2048px) 100vw, 2048px\" \/><figcaption id=\"caption-attachment-25880\" class=\"wp-caption-text\">Germania 94 will nun den Aufstieg \u00fcber die Relegation. Foto: PA.<\/figcaption><\/figure>\n<h4>SV 07 Heddernheim &#8211; VfL Germania 94 0:7 (0:1)<\/h4>\n<p><img loading=\"lazy\" decoding=\"async\" class=\"alignnone size-full wp-image-302\" src=\"http:\/\/insideamateurfussball-ffm.de\/wp-content\/uploads\/2022\/05\/1sv07_news2_4511-1.jpg\" alt=\"\" width=\"80\" height=\"80\" \/><img loading=\"lazy\" decoding=\"async\" class=\"alignnone size-full wp-image-508\" src=\"http:\/\/insideamateurfussball-ffm.de\/wp-content\/uploads\/2022\/05\/Germania-94.jpg\" alt=\"\" width=\"80\" height=\"80\" \/><\/p>\n<p>0:3-Wertung der beim Stande von 1:3 bei der Spvgg. 02 Griesheim abgebrochenen Begegnung, zus\u00e4tzlich drei Punkte Abzug, Geldstrafe f\u00fcr den Verein und zehn Spiele Sperre f\u00fcr Rots\u00fcnder Paulinus Fung. F\u00fcr Germania-Spielmacher Onur G\u00f6t\u00fcrmen ein einseitiges Urteil: &#8222;Griesheim war genauso daran beteiligt, bekommt aber die Punkte. Das finden wir nicht gerecht.&#8220; Bei den Heddernheimern standen einige Spieler in der Anfangsformation, die zum letzten Mal f\u00fcr die Gr\u00fcn-Wei\u00dfen aufliefen. Dazu geh\u00f6rte Routinier Orazio Giorgianni, der in insgesamt elf Spielzeiten mit Unterbrechungen die Knochen f\u00fcr den SVH hinhielt. Waren die Hausherren im ersten Abschnitt noch bem\u00fcht, die Partie so lange wie m\u00f6glich offen zu gestalten, sah es nach dem Seitenwechsel anders aus.<\/p>\n<p>Toptorj\u00e4ger Asmir Hajdarovic markierte f\u00fcnf der sieben Tore (30.\/52.\/54.\/72.\/86.), zwei davon per Kopfball und wird seine Tore in der kommenden Saison f\u00fcr den KOL-Meister FC Kosova in der Gruppenliga erzielen. Au\u00dferdem trafen f\u00fcr die G\u00e4ste Okan G\u00f6t\u00fcrmen (56.) und Abdulaih Issah (80.). Dass die Heddernheimer nach der Pause so untergingen und ein Tor nach dem anderen kassierten, lag gewiss auch am Schiedsrichter, der vor dem 0:2 ein Foulspiel nicht ahndete und vor dem 0:3 eine klare Abseitsposition \u00fcbersah. Das brachte Spielausschuss-Chef Klaus Schleicher derart auf die Palme, dass er mit der Roten Karte des Innenraums verwiesen wurde. Dennoch zeigte auch dieses letzte Spiel, dass Heddernheim in Zukunft seine Abwehrprobleme durch Neuzug\u00e4nge abstellen muss.<\/p>\n<blockquote>\n<h4>&#8222;Es war dennoch keine gute Saison, wir haben uns nach Rang acht in der Vorsaison mit einer nominell st\u00e4rkeren Mannschaft eine bessere Platzierung erhofft.&#8220; (SVH-Trainer Andreas Berggold)<\/h4>\n<\/blockquote>\n<p>Der trotz des Abgangs von Torj\u00e4ger Marcus Kreckel durch feststehende Neuzug\u00e4nge verst\u00e4rkte Sturm l\u00e4sst auf eine bessere Saison hoffen. Trainer Andreas Berggold sagte: &#8222;Der Kader war ausged\u00fcnnt, es haben auch Spieler gespielt, die in den letzten Wochen kaum trainiert haben. Erstaunlich ist, dass man mit der schlechtesten Abwehr der Liga die Klasse so h\u00e4lt, letztlich haben uns die 75 Tore vorne die 35 Punkte gebracht. Es war dennoch keine gute Saison, wir haben uns nach Rang acht in der Vorsaison mit einer nominell st\u00e4rkeren Mannschaft eine bessere Platzierung erhofft.&#8220; Germania 94 geht nun in die Relegation gegen den Gruppenliga-Vertreter Spvgg. 05\/99 Bomber Bad Homburg, die DJK Sportfreunde Bad Homburg II (KOL Hochtaunus) und FSG Burg-Gr\u00e4fenrode (KOL Friedberg).<\/p>\n<p>Trainer Siar Daudi: &#8222;Riesenlob an unsere Jungs, die den Punktabzug gut verarbeitet haben und psychologisch musste ich da nicht viel Arbeit leisten. Das Ergebnis heute spiegelt nicht den Verlauf der ersten H\u00e4lfte wider, da hat uns Heddernheim vor Probleme gestellt. Informationen zu den Gegnern habe ich kaum, ich werde mir am Mittwoch das Pokalspiel von Burg-Gr\u00e4fenrode anschauen. In einer Runde jeder gegen jeden gibt es keine Au\u00dfenseiter oder Favoriten. Wir haben unser Soll erf\u00fcllt und was jetzt noch kommt ist ein Zubrot, wollen unsere Teilnahme genie\u00dfen.&#8220;<\/p>\n<h4><strong>Saisonfazit Heddernheim: Nach Rang acht in der Vorsaison hatte sich der SVH eine bessere Runde erhofft, geriet aber nach dem guten Start lange in die untere Tabellenh\u00e4lfte und hat den Ligaerhalt dem mit 75 Toren treffsicheren Sturm zu verdanken. Vor allem die 25 Tore von Torj\u00e4ger Marcus Kreckel brachten entscheidende Punkte ein.\u00a0<\/strong><\/h4>\n<h4><strong>Saisonfazit Germania 94: Nach strukturellen Ver\u00e4nderungen im Verein brauchte die Mannschaft lange, um sich zu finden. Eine stabile R\u00fcckrunde garantierte Rang zwei und die Aufstiegsrunde. Bester Torsch\u00fctze: Asmir Hajdarovic (29 Tore).<\/strong><\/h4>\n<blockquote>\n<h4>Schiedsrichter: Erdem Tasdemir (SV Wehen Wiesbaden). Zuschauer: 100.<\/h4>\n<h4>Tore: 0:1, 0:2, 0:3 Asmir Hajdarovic (30.\/52.\/54.), 0:4 Okan G\u00f6t\u00fcrmen (56.), 0:5, 0:6 Asmir Hajdarovic (72.), 0:6 Abdulai Issah (80.), 0:7 Asmir Hajdarovic (86.).<\/h4>\n<\/blockquote>\n","protected":false},"excerpt":{"rendered":"<p>Der VfL Germania 94 war nach der Zustellung des Sportgerichtsurteils zwei Stunden vor Spielbeginn unter Zugzwang, lie\u00df sich aber beim SV 07 Heddernheim nicht beirren und zog mit einem 7:0-Kantersieg in die Relegationsspiele zur Gruppenliga Frankfurt West ein. Die Gastgeber belegen trotz eines Vereinsnegativrekord von 105 Gegentoren am Ende Rang elf. SV 07 Heddernheim &#8211; [&hellip;]<\/p>\n","protected":false},"author":1,"featured_media":25880,"comment_status":"closed","ping_status":"closed","sticky":true,"template":"","format":"standard","meta":{"footnotes":""},"categories":[2],"tags":[],"class_list":["post-25879","post","type-post","status-publish","format-standard","has-post-thumbnail","hentry","category-kreisoberliga-frankfurt"],"_links":{"self":[{"href":"https:\/\/insideamateurfussball-ffm.de\/index.php?rest_route=\/wp\/v2\/posts\/25879","targetHints":{"allow":["GET"]}}],"collection":[{"href":"https:\/\/insideamateurfussball-ffm.de\/index.php?rest_route=\/wp\/v2\/posts"}],"about":[{"href":"https:\/\/insideamateurfussball-ffm.de\/index.php?rest_route=\/wp\/v2\/types\/post"}],"author":[{"embeddable":true,"href":"https:\/\/insideamateurfussball-ffm.de\/index.php?rest_route=\/wp\/v2\/users\/1"}],"replies":[{"embeddable":true,"href":"https:\/\/insideamateurfussball-ffm.de\/index.php?rest_route=%2Fwp%2Fv2%2Fcomments&post=25879"}],"version-history":[{"count":2,"href":"https:\/\/insideamateurfussball-ffm.de\/index.php?rest_route=\/wp\/v2\/posts\/25879\/revisions"}],"predecessor-version":[{"id":25882,"href":"https:\/\/insideamateurfussball-ffm.de\/index.php?rest_route=\/wp\/v2\/posts\/25879\/revisions\/25882"}],"wp:featuredmedia":[{"embeddable":true,"href":"https:\/\/insideamateurfussball-ffm.de\/index.php?rest_route=\/wp\/v2\/media\/25880"}],"wp:attachment":[{"href":"https:\/\/insideamateurfussball-ffm.de\/index.php?rest_route=%2Fwp%2Fv2%2Fmedia&parent=25879"}],"wp:term":[{"taxonomy":"category","embeddable":true,"href":"https:\/\/insideamateurfussball-ffm.de\/index.php?rest_route=%2Fwp%2Fv2%2Fcategories&post=25879"},{"taxonomy":"post_tag","embeddable":true,"href":"https:\/\/insideamateurfussball-ffm.de\/index.php?rest_route=%2Fwp%2Fv2%2Ftags&post=25879"}],"curies":[{"name":"wp","href":"https:\/\/api.w.org\/{rel}","templated":true}]}}