{"id":25869,"date":"2025-05-27T21:52:20","date_gmt":"2025-05-27T20:52:20","guid":{"rendered":"https:\/\/insideamateurfussball-ffm.de\/?p=25869"},"modified":"2025-05-27T21:52:20","modified_gmt":"2025-05-27T20:52:20","slug":"griesheim-sieg-zum-abschluss-bringt-rang-fuenf","status":"publish","type":"post","link":"https:\/\/insideamateurfussball-ffm.de\/?p=25869","title":{"rendered":"Griesheim: Sieg zum Abschluss bringt Rang f\u00fcnf"},"content":{"rendered":"<h4>Die erste Saison unter Trainer Dominic Machado beendete die Spvgg. 02 Griesheim auf Rang f\u00fcnf. Zum Abschluss gab es einen 3:2-Erfolg gegen den FC Posavina, der nach dem direkten Wiederaufstieg und zwei Relegationsteilnahmen in Folge diesmal auf Rang 13 direkt die Klasse gehalten hat.\u00a0<\/h4>\n<figure id=\"attachment_25870\" aria-describedby=\"caption-attachment-25870\" style=\"width: 1033px\" class=\"wp-caption alignnone\"><img loading=\"lazy\" decoding=\"async\" class=\"wp-image-25870\" src=\"http:\/\/insideamateurfussball-ffm.de\/wp-content\/uploads\/2025\/05\/griesh-posavina1.jpg\" alt=\"\" width=\"1033\" height=\"755\" srcset=\"https:\/\/insideamateurfussball-ffm.de\/wp-content\/uploads\/2025\/05\/griesh-posavina1.jpg 1023w, https:\/\/insideamateurfussball-ffm.de\/wp-content\/uploads\/2025\/05\/griesh-posavina1-300x219.jpg 300w, https:\/\/insideamateurfussball-ffm.de\/wp-content\/uploads\/2025\/05\/griesh-posavina1-768x562.jpg 768w\" sizes=\"auto, (max-width: 1033px) 100vw, 1033px\" \/><figcaption id=\"caption-attachment-25870\" class=\"wp-caption-text\">Der Griesheimer Nabil Bohsemad (rechts), in der Mitte Posavina-Spieler Josip Orsolic. Foto: Mithat G\u00fcrser.<\/figcaption><\/figure>\n<h4>Spvgg. 02 Griesheim &#8211; FC Posavina 3:2 (1:1)<\/h4>\n<p><img loading=\"lazy\" decoding=\"async\" class=\"alignnone size-full wp-image-14\" src=\"http:\/\/insideamateurfussball-ffm.de\/wp-content\/uploads\/2021\/11\/SpVgg._02_Griesheim_02.jpg\" alt=\"\" width=\"100\" height=\"100\" \/><img loading=\"lazy\" decoding=\"async\" class=\"alignnone size-full wp-image-22\" src=\"http:\/\/insideamateurfussball-ffm.de\/wp-content\/uploads\/2021\/11\/posavina.jpg\" alt=\"\" width=\"63\" height=\"80\" \/><\/p>\n<p>Zuvor hatten die Griesheimer die drei Punkte aus dem beim Stande von 3:1 abgebrochenen Spiel gegen Germania 94 mit einer 3:0-Wertung zugesprochen bekommen, da der Abbruch der Germania zur Last gelegt wurde. Allerdings wurde der Griesheimer Spieler Emrah Polat mit einer Sperre von sechs Pflichtspielen belegt.<\/p>\n<p>&#8222;Das war ein sauberer Abschluss hier zu Hause. Wir waren immer die spielbestimmende Mannschaft&#8220;, erkl\u00e4rte Machado. Die F\u00fchrung durch Ricardo Pereira (15.) glichen die G\u00e4ste durch Aleksandar Ristic per Freisto\u00df aus (21.). Nach dem Seitenwechsel markierte Nabil Bosehmad das 2:1 (50.). Posavinas Spielertrainer Danijel Koturic erzielte das 2:2 (64.). Pereira besorgte den Griesheimer Siegtreffer (71.).\u00a0<\/p>\n<h4><strong>Saisonbilanz Griesheim: Zu Saisonbeginn Spitzenreiter, standen die &#8222;Schleifer&#8220; immer unter den ersten F\u00fcnf der Tabelle, f\u00fcr ganz oben reichte es aber nicht. Bester Torsch\u00fctze: Denis Memedi (11 Tore).<\/strong><\/h4>\n<h4><strong> Saisonbilanz Posavina: Der Wiederaufsteiger fand sich nach sechs Spieltagen auf Rang 16 wieder, legte dann bis Hinrundenende eine gute Phase hin und war zwischendurch Sechster. Die Basis f\u00fcr den Ligaerhalt, denn die R\u00fcckrunde verlief mit nur zw\u00f6lf Punkten deutlich schlechter. Bester Torsch\u00fctze: Alen Tahirovic (17 Tore).<\/strong><\/h4>\n<blockquote>\n<h4>Schiedsrichter: Y\u00fccel Yilmaz (VfB Unterliederbach). Zuschauer: 25.<\/h4>\n<h4>Tore: 1:0 Ricardo Pereira (15.), 1:1 Aleksandar Ristic (21.), 2:1 Nabil Bohsemad (50.), 2:2 Danijel Koturic (64.), 3:2 Ricardo Pereira (71.).<\/h4>\n<h4>Bildergalerie: Mithat G\u00fcrser schaute im Vorbeifahren mit dem Fahrrad auch an der Eichenstra\u00dfe vorbei.\u00a0 \u00a0<\/h4>\n<\/blockquote>\n<p>\u00a0<\/p>\n\n\n<figure class=\"wp-block-image size-full\"><img loading=\"lazy\" decoding=\"async\" width=\"886\" height=\"590\" src=\"https:\/\/insideamateurfussball-ffm.de\/wp-content\/uploads\/2025\/05\/griesh-posovina3.jpg\" alt=\"\" class=\"wp-image-25871\" srcset=\"https:\/\/insideamateurfussball-ffm.de\/wp-content\/uploads\/2025\/05\/griesh-posovina3.jpg 886w, https:\/\/insideamateurfussball-ffm.de\/wp-content\/uploads\/2025\/05\/griesh-posovina3-300x200.jpg 300w, https:\/\/insideamateurfussball-ffm.de\/wp-content\/uploads\/2025\/05\/griesh-posovina3-768x511.jpg 768w\" sizes=\"auto, (max-width: 886px) 100vw, 886px\" \/><\/figure>\n\n\n\n<figure class=\"wp-block-gallery has-nested-images columns-default is-cropped wp-block-gallery-1 is-layout-flex wp-block-gallery-is-layout-flex\">\n<figure class=\"wp-block-image size-large\"><img loading=\"lazy\" decoding=\"async\" width=\"871\" height=\"591\" data-id=\"25872\" src=\"https:\/\/insideamateurfussball-ffm.de\/wp-content\/uploads\/2025\/05\/griesh-posavina2.jpg\" alt=\"\" class=\"wp-image-25872\" srcset=\"https:\/\/insideamateurfussball-ffm.de\/wp-content\/uploads\/2025\/05\/griesh-posavina2.jpg 871w, https:\/\/insideamateurfussball-ffm.de\/wp-content\/uploads\/2025\/05\/griesh-posavina2-300x204.jpg 300w, https:\/\/insideamateurfussball-ffm.de\/wp-content\/uploads\/2025\/05\/griesh-posavina2-768x521.jpg 768w\" sizes=\"auto, (max-width: 871px) 100vw, 871px\" \/><\/figure>\n<\/figure>\n","protected":false},"excerpt":{"rendered":"<p>Die erste Saison unter Trainer Dominic Machado beendete die Spvgg. 02 Griesheim auf Rang f\u00fcnf. Zum Abschluss gab es einen 3:2-Erfolg gegen den FC Posavina, der nach dem direkten Wiederaufstieg und zwei Relegationsteilnahmen in Folge diesmal auf Rang 13 direkt die Klasse gehalten hat.\u00a0 Spvgg. 02 Griesheim &#8211; FC Posavina 3:2 (1:1) Zuvor hatten die [&hellip;]<\/p>\n","protected":false},"author":1,"featured_media":25870,"comment_status":"closed","ping_status":"closed","sticky":true,"template":"","format":"standard","meta":{"footnotes":""},"categories":[2],"tags":[],"class_list":["post-25869","post","type-post","status-publish","format-standard","has-post-thumbnail","hentry","category-kreisoberliga-frankfurt"],"_links":{"self":[{"href":"https:\/\/insideamateurfussball-ffm.de\/index.php?rest_route=\/wp\/v2\/posts\/25869","targetHints":{"allow":["GET"]}}],"collection":[{"href":"https:\/\/insideamateurfussball-ffm.de\/index.php?rest_route=\/wp\/v2\/posts"}],"about":[{"href":"https:\/\/insideamateurfussball-ffm.de\/index.php?rest_route=\/wp\/v2\/types\/post"}],"author":[{"embeddable":true,"href":"https:\/\/insideamateurfussball-ffm.de\/index.php?rest_route=\/wp\/v2\/users\/1"}],"replies":[{"embeddable":true,"href":"https:\/\/insideamateurfussball-ffm.de\/index.php?rest_route=%2Fwp%2Fv2%2Fcomments&post=25869"}],"version-history":[{"count":1,"href":"https:\/\/insideamateurfussball-ffm.de\/index.php?rest_route=\/wp\/v2\/posts\/25869\/revisions"}],"predecessor-version":[{"id":25873,"href":"https:\/\/insideamateurfussball-ffm.de\/index.php?rest_route=\/wp\/v2\/posts\/25869\/revisions\/25873"}],"wp:featuredmedia":[{"embeddable":true,"href":"https:\/\/insideamateurfussball-ffm.de\/index.php?rest_route=\/wp\/v2\/media\/25870"}],"wp:attachment":[{"href":"https:\/\/insideamateurfussball-ffm.de\/index.php?rest_route=%2Fwp%2Fv2%2Fmedia&parent=25869"}],"wp:term":[{"taxonomy":"category","embeddable":true,"href":"https:\/\/insideamateurfussball-ffm.de\/index.php?rest_route=%2Fwp%2Fv2%2Fcategories&post=25869"},{"taxonomy":"post_tag","embeddable":true,"href":"https:\/\/insideamateurfussball-ffm.de\/index.php?rest_route=%2Fwp%2Fv2%2Ftags&post=25869"}],"curies":[{"name":"wp","href":"https:\/\/api.w.org\/{rel}","templated":true}]}}