{"id":25857,"date":"2025-05-27T19:44:16","date_gmt":"2025-05-27T18:44:16","guid":{"rendered":"https:\/\/insideamateurfussball-ffm.de\/?p=25857"},"modified":"2025-05-27T20:55:35","modified_gmt":"2025-05-27T19:55:35","slug":"harheim-beendet-runde-auf-rang-neun","status":"publish","type":"post","link":"https:\/\/insideamateurfussball-ffm.de\/?p=25857","title":{"rendered":"Harheim beendet Runde auf Rang neun"},"content":{"rendered":"<h4>Durch den 2:1-Heimsieg zum Saisonabschluss konnte die SG Harheim zum Saisonende den Aufsteiger BSC Schwarz-Wei\u00df 19 \u00fcberholen und auf Rang neun die Runde einstellig abschlie\u00dfen. Die G\u00e4ste vom Rosegger fielen nach der bedeutungslosen Partie auf Rang zehn zur\u00fcck, haben nach dem Aufstieg aber eine ordentliche Runde absolviert.<\/h4>\n<figure id=\"attachment_25858\" aria-describedby=\"caption-attachment-25858\" style=\"width: 2048px\" class=\"wp-caption alignnone\"><img loading=\"lazy\" decoding=\"async\" class=\"wp-image-25858 size-full\" src=\"http:\/\/insideamateurfussball-ffm.de\/wp-content\/uploads\/2025\/05\/harhzuz.jpg\" alt=\"\" width=\"2048\" height=\"1536\" srcset=\"https:\/\/insideamateurfussball-ffm.de\/wp-content\/uploads\/2025\/05\/harhzuz.jpg 2048w, https:\/\/insideamateurfussball-ffm.de\/wp-content\/uploads\/2025\/05\/harhzuz-300x225.jpg 300w, https:\/\/insideamateurfussball-ffm.de\/wp-content\/uploads\/2025\/05\/harhzuz-1024x768.jpg 1024w, https:\/\/insideamateurfussball-ffm.de\/wp-content\/uploads\/2025\/05\/harhzuz-768x576.jpg 768w, https:\/\/insideamateurfussball-ffm.de\/wp-content\/uploads\/2025\/05\/harhzuz-1536x1152.jpg 1536w\" sizes=\"auto, (max-width: 2048px) 100vw, 2048px\" \/><figcaption id=\"caption-attachment-25858\" class=\"wp-caption-text\">Mit 13 Unentschieden ist Harheim der Remisk\u00f6nig der Liga. Foto: Archiv PA.<\/figcaption><\/figure>\n<h4>SG Harheim &#8211; BSC Schwarz-Wei\u00df 19 2:1 (1:0)<\/h4>\n<p><img loading=\"lazy\" decoding=\"async\" class=\"alignnone size-full wp-image-284\" src=\"http:\/\/insideamateurfussball-ffm.de\/wp-content\/uploads\/2022\/05\/Harheim.jpg\" alt=\"\" width=\"78\" height=\"80\" \/><img loading=\"lazy\" decoding=\"async\" class=\"alignnone size-full wp-image-285\" src=\"http:\/\/insideamateurfussball-ffm.de\/wp-content\/uploads\/2022\/05\/BSC-19.jpg\" alt=\"\" width=\"80\" height=\"61\" \/><\/p>\n<p>Das Aufgebot der Harheimer war erneut ausged\u00fcnnt. Trainer Christian Balzer stand nach seinen 90 Minuten in R\u00f6delheim und dem Rundumschlag nach dem Abpfiff gegen den BSC wieder auf dem Spielberichtsbogen, wechselte sich aber nicht ein. Die Pausenf\u00fchrung durch Jonas Kaulich (39.) egalisierten die G\u00e4ste per Foulelfmeter durch Elias Jennaoui (62.).<\/p>\n<p>Postwendend gelang Florian Riemel der Harheimer Siegtreffer (63.). &#8222;Trotz der vielen Verletzten bin ich mit Rang neun sehr zufrieden. Die Mannschaft bleibt zusammen und es kommen einige junge Neuzug\u00e4nge&#8220;, sagte Balzer, der nun fest f\u00fcr die n\u00e4chste Saison zugesagt hat.<\/p>\n<p>W\u00e4hrend Harheim nun den Blick auf die Relegationsspiele der Zweiten Mannschaft um den Klassenerhalt in der A-Klasse legt (ein gesonderter \u00dcberblick folgt) war BSC-Abteilungsleiter Christian Reinmold &#8222;sehr zufrieden mit unserer Saison nach dem Aufstieg. Platz zehn und 35 Punkte sind eine solide Leistung. Sicherlich h\u00e4tte man sich mehr Punkte in der R\u00fcckrunde gew\u00fcnscht, jedoch sind wir sehr zufrieden.&#8220;<\/p>\n<h4><strong>Saisonfazit Harheim: 13 Remis sind &#8222;Ligabestwert&#8220;. Die SGH hielt sich \u00fcberwiegend im Mittelfeld, stand nie schlechter als Rang 13. Bester Torsch\u00fctze: Kapit\u00e4n Lukas G\u00e4rtner (13 Tore). <\/strong><\/h4>\n<h4><strong>Saisonfazit BSC: Man bewegte sich zwischen den R\u00e4ngen 7 und 13 und geriet nie in Abstiegsgefahr. Torreiche Spiele waren garantiert, denn das Torverh\u00e4ltnis betrug am Ende 81:90. Bester Torsch\u00fctze: Sebhat Kahsay (17 Tore).\u00a0 <\/strong><\/h4>\n<blockquote>\n<h4>Schiedsrichter: Rainer Nowak (Bad Vilbel). Zuschauer: 100.<\/h4>\n<h4>Tore: 1:0 Jonas Kaulich (39.), 1:1 Elias Jennaoui (62.\/Foulelfmeter), 2:1 Florian Riemel (63.).<\/h4>\n<\/blockquote>\n","protected":false},"excerpt":{"rendered":"<p>Durch den 2:1-Heimsieg zum Saisonabschluss konnte die SG Harheim zum Saisonende den Aufsteiger BSC Schwarz-Wei\u00df 19 \u00fcberholen und auf Rang neun die Runde einstellig abschlie\u00dfen. Die G\u00e4ste vom Rosegger fielen nach der bedeutungslosen Partie auf Rang zehn zur\u00fcck, haben nach dem Aufstieg aber eine ordentliche Runde absolviert. SG Harheim &#8211; BSC Schwarz-Wei\u00df 19 2:1 (1:0) [&hellip;]<\/p>\n","protected":false},"author":1,"featured_media":25858,"comment_status":"closed","ping_status":"closed","sticky":true,"template":"","format":"standard","meta":{"footnotes":""},"categories":[2],"tags":[],"class_list":["post-25857","post","type-post","status-publish","format-standard","has-post-thumbnail","hentry","category-kreisoberliga-frankfurt"],"_links":{"self":[{"href":"https:\/\/insideamateurfussball-ffm.de\/index.php?rest_route=\/wp\/v2\/posts\/25857","targetHints":{"allow":["GET"]}}],"collection":[{"href":"https:\/\/insideamateurfussball-ffm.de\/index.php?rest_route=\/wp\/v2\/posts"}],"about":[{"href":"https:\/\/insideamateurfussball-ffm.de\/index.php?rest_route=\/wp\/v2\/types\/post"}],"author":[{"embeddable":true,"href":"https:\/\/insideamateurfussball-ffm.de\/index.php?rest_route=\/wp\/v2\/users\/1"}],"replies":[{"embeddable":true,"href":"https:\/\/insideamateurfussball-ffm.de\/index.php?rest_route=%2Fwp%2Fv2%2Fcomments&post=25857"}],"version-history":[{"count":3,"href":"https:\/\/insideamateurfussball-ffm.de\/index.php?rest_route=\/wp\/v2\/posts\/25857\/revisions"}],"predecessor-version":[{"id":25866,"href":"https:\/\/insideamateurfussball-ffm.de\/index.php?rest_route=\/wp\/v2\/posts\/25857\/revisions\/25866"}],"wp:featuredmedia":[{"embeddable":true,"href":"https:\/\/insideamateurfussball-ffm.de\/index.php?rest_route=\/wp\/v2\/media\/25858"}],"wp:attachment":[{"href":"https:\/\/insideamateurfussball-ffm.de\/index.php?rest_route=%2Fwp%2Fv2%2Fmedia&parent=25857"}],"wp:term":[{"taxonomy":"category","embeddable":true,"href":"https:\/\/insideamateurfussball-ffm.de\/index.php?rest_route=%2Fwp%2Fv2%2Fcategories&post=25857"},{"taxonomy":"post_tag","embeddable":true,"href":"https:\/\/insideamateurfussball-ffm.de\/index.php?rest_route=%2Fwp%2Fv2%2Ftags&post=25857"}],"curies":[{"name":"wp","href":"https:\/\/api.w.org\/{rel}","templated":true}]}}