{"id":25849,"date":"2025-05-27T18:56:18","date_gmt":"2025-05-27T17:56:18","guid":{"rendered":"https:\/\/insideamateurfussball-ffm.de\/?p=25849"},"modified":"2025-05-27T18:57:54","modified_gmt":"2025-05-27T17:57:54","slug":"preussen-in-die-relegation-bornheim-ii-muss-absteigen","status":"publish","type":"post","link":"https:\/\/insideamateurfussball-ffm.de\/?p=25849","title":{"rendered":"Preu\u00dfen in die Relegation &#8211; Bornheim II muss absteigen"},"content":{"rendered":"<h4>Im zweiten Abstiegsendspiel gab es keinen Sieger, aber es fiel eine Entscheidung. Der SV Viktoria Preu\u00dfen nimmt wie im Vorjahr an Relegationsspielen teil, allerdings nicht mehr um den Aufstieg, sondern gegen den Abstieg. Das 1:1 gegen die damit abgestiegene SG Bornheim\/Gr\u00fcn-Wei\u00df II reichte, um die Entscheidungsspiele gegen die beiden Vizemeister der A-Liga Germania Ginnheim und SV Sachsenhausen zu bestreiten.<\/h4>\n<figure id=\"attachment_18240\" aria-describedby=\"caption-attachment-18240\" style=\"width: 955px\" class=\"wp-caption alignnone\"><img loading=\"lazy\" decoding=\"async\" class=\"wp-image-18240\" src=\"http:\/\/insideamateurfussball-ffm.de\/wp-content\/uploads\/2024\/04\/bornheim-2a.jpg\" alt=\"\" width=\"955\" height=\"655\" srcset=\"https:\/\/insideamateurfussball-ffm.de\/wp-content\/uploads\/2024\/04\/bornheim-2a.jpg 945w, https:\/\/insideamateurfussball-ffm.de\/wp-content\/uploads\/2024\/04\/bornheim-2a-300x206.jpg 300w, https:\/\/insideamateurfussball-ffm.de\/wp-content\/uploads\/2024\/04\/bornheim-2a-768x527.jpg 768w\" sizes=\"auto, (max-width: 955px) 100vw, 955px\" \/><figcaption id=\"caption-attachment-18240\" class=\"wp-caption-text\">F\u00fcr Bornheim II geht es drei Jahre nach dem Aufstieg wieder runter in die A-Klasse. Foto: Archiv Mithat G\u00fcrser.<\/figcaption><\/figure>\n<h4>SV Viktoria Preu\u00dfen &#8211; SG Bornheim\/Gr\u00fcn-Wei\u00df II 1:1 (1:1)<\/h4>\n<p><img loading=\"lazy\" decoding=\"async\" class=\"alignnone size-full wp-image-12\" src=\"http:\/\/insideamateurfussball-ffm.de\/wp-content\/uploads\/2021\/11\/preussen.jpg\" alt=\"\" width=\"72\" height=\"80\" \/><img loading=\"lazy\" decoding=\"async\" class=\"alignnone size-full wp-image-119\" src=\"http:\/\/insideamateurfussball-ffm.de\/wp-content\/uploads\/2022\/05\/Bornheim.jpg\" alt=\"\" width=\"80\" height=\"80\" \/><\/p>\n<p>Selbst mit einem Sieg h\u00e4tten die Preu\u00dfen die Relegation durch den Croatia-Sieg bei Tarik nicht mehr verhindern k\u00f6nnen, w\u00e4ren aber im Falle einer Niederlage selbst abgestiegen. Dann w\u00e4re die Bornheimer Reserve in der Relegation gewesen. Und das war durchaus m\u00f6glich, vor allem weil Bornheim noch einmal alles mobilisierte und durch Yelman Kelati per Kopfball in F\u00fchrung ging (23.). Durch den Ausgleich von Jan Baumann (36.) ver\u00e4nderte sich die Ausgangslage wieder. Nach dem Seitenwechsel stieg die Nervosit\u00e4t bei den Gastgebern, nach der Zeitstrafe gegen Sedek Bangura (83.) wurde es brenzlig.<\/p>\n<p>Die Bornheimer dr\u00e4ngten auf den Siegtreffer und vergaben in der Nachspielzeit die Riesenchance durch \u00d6mer Faruk Zengin, der an Preu\u00dfen-Keeper Cedric Wohlgemuth scheiterte. Preu\u00dfen-Trainer Cem Caput: &#8222;Wie erwartet ein sehr tiefstehender Gegner mit F\u00fcnferkette, damit habe ich gerechnet. Das ist immer schwer zu spielen, durch eine Unachtsamkeit sind wir in R\u00fcckstand geraten. Wir haben mit Moral eine gute Leistung gezeigt, mit der ich zufrieden bin. Wir h\u00e4tten sogar noch gewinnen m\u00fcssen mit drei guten Chancen.&#8220;<\/p>\n<blockquote>\n<h4>&#8222;Ich und wir als Verein stehen da genauso in der Verantwortung und m\u00fcssen unseren Anteil daran hinterfragen.&#8220; (Bornheims Sportlicher Leiter Daniel Lieberich)<\/h4>\n<\/blockquote>\n<p>Bornheims Sportlicher Leiter Daniel Lieberich wertete den Abstieg nach nur drei Remis im neuen Jahr als &#8222;Entt\u00e4uschung. Das h\u00e4tte ich vor der Saison nicht gedacht und ich hoffe, dass jeder Einzelne die Saison selbstkritisch analysiert und dann am Neustart mitarbeitet. Ich m\u00f6chte jetzt aber auf keinen Fall der Mannschaft das Abschneiden in die Schuhe schieben. Ich und wir als Verein stehen da genauso in der Verantwortung und m\u00fcssen unseren Anteil daran hinterfragen. Jetzt gilt es uns in der A-Klasse neu zu finden. Ich hoffe, da auf unsere Jungs z\u00e4hlen zu k\u00f6nnen.&#8220;<\/p>\n<h4><strong>Saisonfazit Preu\u00dfen: Der personelle Aderlass war zu gro\u00df, die Mannschaft brauchte zu lange, um sich zu finden. Am Ende f\u00fchrten acht Spiele ohne Sieg in die Relegation. Bester Torsch\u00fctze: Jalil Shirendel mit acht Toren.\u00a0<\/strong><\/h4>\n<h4><strong>Saisonfazit: Bornheim II: Unter dem Trainerteam Lucas Milbredt\/Mario Koch noch auf Rang neun platziert, ging es nach der Winterpause steil bergab. Nachfolger Marco Santonastaso holte nur einen Punkt, Interimscoach Moritz Schneider zwei. Zu wenig, um den Abstieg zu verhindern. Bester Torsch\u00fctze: Ali Hakemi (10 Tore).\u00a0\u00a0<\/strong><\/h4>\n<blockquote>\n<h4>Schiedsrichter: Andreas Heim (Eddersheim). Zuschauer: 100.<\/h4>\n<h4>Tore: 0:1 Yeman Kelati (23.), 1:1 Jan Baumann (36.).<\/h4>\n<\/blockquote>\n<h4><\/h4>\n","protected":false},"excerpt":{"rendered":"<p>Im zweiten Abstiegsendspiel gab es keinen Sieger, aber es fiel eine Entscheidung. Der SV Viktoria Preu\u00dfen nimmt wie im Vorjahr an Relegationsspielen teil, allerdings nicht mehr um den Aufstieg, sondern gegen den Abstieg. Das 1:1 gegen die damit abgestiegene SG Bornheim\/Gr\u00fcn-Wei\u00df II reichte, um die Entscheidungsspiele gegen die beiden Vizemeister der A-Liga Germania Ginnheim und [&hellip;]<\/p>\n","protected":false},"author":1,"featured_media":18240,"comment_status":"closed","ping_status":"closed","sticky":true,"template":"","format":"standard","meta":{"footnotes":""},"categories":[2],"tags":[],"class_list":["post-25849","post","type-post","status-publish","format-standard","has-post-thumbnail","hentry","category-kreisoberliga-frankfurt"],"_links":{"self":[{"href":"https:\/\/insideamateurfussball-ffm.de\/index.php?rest_route=\/wp\/v2\/posts\/25849","targetHints":{"allow":["GET"]}}],"collection":[{"href":"https:\/\/insideamateurfussball-ffm.de\/index.php?rest_route=\/wp\/v2\/posts"}],"about":[{"href":"https:\/\/insideamateurfussball-ffm.de\/index.php?rest_route=\/wp\/v2\/types\/post"}],"author":[{"embeddable":true,"href":"https:\/\/insideamateurfussball-ffm.de\/index.php?rest_route=\/wp\/v2\/users\/1"}],"replies":[{"embeddable":true,"href":"https:\/\/insideamateurfussball-ffm.de\/index.php?rest_route=%2Fwp%2Fv2%2Fcomments&post=25849"}],"version-history":[{"count":2,"href":"https:\/\/insideamateurfussball-ffm.de\/index.php?rest_route=\/wp\/v2\/posts\/25849\/revisions"}],"predecessor-version":[{"id":25851,"href":"https:\/\/insideamateurfussball-ffm.de\/index.php?rest_route=\/wp\/v2\/posts\/25849\/revisions\/25851"}],"wp:featuredmedia":[{"embeddable":true,"href":"https:\/\/insideamateurfussball-ffm.de\/index.php?rest_route=\/wp\/v2\/media\/18240"}],"wp:attachment":[{"href":"https:\/\/insideamateurfussball-ffm.de\/index.php?rest_route=%2Fwp%2Fv2%2Fmedia&parent=25849"}],"wp:term":[{"taxonomy":"category","embeddable":true,"href":"https:\/\/insideamateurfussball-ffm.de\/index.php?rest_route=%2Fwp%2Fv2%2Fcategories&post=25849"},{"taxonomy":"post_tag","embeddable":true,"href":"https:\/\/insideamateurfussball-ffm.de\/index.php?rest_route=%2Fwp%2Fv2%2Ftags&post=25849"}],"curies":[{"name":"wp","href":"https:\/\/api.w.org\/{rel}","templated":true}]}}