{"id":25834,"date":"2025-05-27T18:00:27","date_gmt":"2025-05-27T17:00:27","guid":{"rendered":"https:\/\/insideamateurfussball-ffm.de\/?p=25834"},"modified":"2025-05-27T18:01:29","modified_gmt":"2025-05-27T17:01:29","slug":"croatia-dank-starker-serie-gerettet-tarik-abgestiegen","status":"publish","type":"post","link":"https:\/\/insideamateurfussball-ffm.de\/?p=25834","title":{"rendered":"Croatia dank starker Serie gerettet &#8211; Tarik abgestiegen"},"content":{"rendered":"<h4>Vor vier Wochen noch abgeschlagen, hat der FC Croatia durch den 5:2-Ausw\u00e4rtssieg im Abstiegsendspiel beim SV Griesheim Tarik dank seiner starken Serie zum Saisonende den Klassenerhalt erreicht. Die Gastgeber steigen hingegen nach 2012 und 2022 zum dritten Mal aus der Kreisoberliga ab, diesmal sogar als Tabellenletzter.\u00a0<\/h4>\n<figure id=\"attachment_25835\" aria-describedby=\"caption-attachment-25835\" style=\"width: 896px\" class=\"wp-caption alignnone\"><img loading=\"lazy\" decoding=\"async\" class=\"wp-image-25835\" src=\"http:\/\/insideamateurfussball-ffm.de\/wp-content\/uploads\/2025\/05\/croa-tarik5.jpg\" alt=\"\" width=\"896\" height=\"621\" srcset=\"https:\/\/insideamateurfussball-ffm.de\/wp-content\/uploads\/2025\/05\/croa-tarik5.jpg 886w, https:\/\/insideamateurfussball-ffm.de\/wp-content\/uploads\/2025\/05\/croa-tarik5-300x208.jpg 300w, https:\/\/insideamateurfussball-ffm.de\/wp-content\/uploads\/2025\/05\/croa-tarik5-768x532.jpg 768w\" sizes=\"auto, (max-width: 896px) 100vw, 896px\" \/><figcaption id=\"caption-attachment-25835\" class=\"wp-caption-text\">Griesheim Tarik spielt n\u00e4chste Saison in der Kreisliga A und trifft nicht mehr auf den FC Croatia. Foto: Mithat G\u00fcrser.<\/figcaption><\/figure>\n<h4>SV Griesheim Tarik &#8211; FC Croatia 2:5 (1:2)<\/h4>\n<p><img loading=\"lazy\" decoding=\"async\" class=\"alignnone size-full wp-image-34\" src=\"http:\/\/insideamateurfussball-ffm.de\/wp-content\/uploads\/2021\/11\/Tarik.jpg\" alt=\"\" width=\"80\" height=\"80\" \/><img loading=\"lazy\" decoding=\"async\" class=\"alignnone size-full wp-image-29\" src=\"http:\/\/insideamateurfussball-ffm.de\/wp-content\/uploads\/2021\/11\/croatia.jpg\" alt=\"\" width=\"63\" height=\"80\" \/><\/p>\n<p>Den Gastgebern h\u00e4tte ein Sieg gereicht, um den Klassenerhalt zu sichern und die Kroaten zumindest in die Relegation zu schicken, doch nach nerv\u00f6sem Beginn ging Croatia durch Ivan Propadalo in F\u00fchrung (15.). Nach einer halben Stunde kam Hoffnung bei den Tarik-Anh\u00e4ngern auf, als Mohammed Haroune einen Foulelfmeter zum Ausgleich verwandelte (30.). Die G\u00e4ste, die bei eigenem Sieg auf keine Sch\u00fctzenhilfe beim Parallelspiel Viktoria Preu\u00dfen &#8211; SG Bornheim\/Gr\u00fcn-Wei\u00df II angewiesen waren, gingen durch Ante Coric mit einer F\u00fchrung in die Pause (37.). Nach dem Seitenwechsel kam bei den G\u00e4sten f\u00fcr Propadalo im Sturm Stefano Amore, der gleich erh\u00f6hte (52.) und nachlegte (60.). Mit diesem Zwischenergebnis resignierten die Hausherren, die zwar noch durch Mohammed Douzi verk\u00fcrzten (86.), aber im Gegenzug das 2:5 durch Drazen Gluhakovic kassierten (87.).<\/p>\n<p>Damit war der Abstieg f\u00fcr Griesheim Tarik besiegelt, der wie schon vor drei Jahren durch ein Sportgerichtsurteil zustande kam. Insgesamt gingen f\u00fcnf Punkte fl\u00f6ten, mit denen zumindest der Relegationsrang erreicht worden w\u00e4re. Neben einem Punkt Abzug wegen Nichterf\u00fcllung des Schiedsrichtersolls wurden die ersten drei Saisonspiele, in denen vier Punkte erzielt wurden, wegen eines Passvergehens nachtr\u00e4glich in 0:3-Niederlagen umgewertet. Lag man zur Winterpause noch mit 25 Punkten im Mittelfeld des Tableaus (ohne Abz\u00fcge), wurden ab M\u00e4rz nur noch sechs Z\u00e4hler geholt.<\/p>\n<blockquote>\n<h4>Jubel bei Croatia\u00a0<\/h4>\n<\/blockquote>\n<p>Die Mannschaft geriet in einen Negativstrudel, der nicht gestoppt werden konnte und im Abstieg m\u00fcndete. F\u00fcr den Neuaufbau in der A-Klasse ist dem Verein nun vor allem mehr Transparenz bei den Mannschaftsaufstellungen zu empfehlen. Denn die seit Jahren konsequent praktizierte Verschleierung der Spielernamen durch die gewollte &#8222;Keine Angabe-Politik&#8220; tr\u00e4gt wesentlich zur fatalen Au\u00dfendarstellung des Clubs bei. Jubel hingegen bei Croatia. Mit vier Siegen und zwei Remis, sprich 14 Punkten in den letzten sechs Spielen zog die Mannschaft noch den Kopf aus der Schlinge und erreichte trotz 104 Gegentoren den Klassenerhalt.<\/p>\n<p>Wesentlichen Anteil daran hatte die R\u00fcckholaktion von Trainer Slavko Strinavic, der noch Anfang M\u00e4rz dem kurzfristig engagierten Tino Lagator weichen musste. Zu Beginn der Runde war noch Karlo Luketic am Ruder, es gab also drei Trainerwechsel in einer Saison. &#8222;Ich kenne die Mannschaft besser als jeder andere und habe immer daran geglaubt. Ich danke vor allem dem Vorstandsmitglied Mate Coric, der mich zur\u00fcckgeholt hat. Ich war ganz ruhig und das hat sich auf die Mannschaft \u00fcbertragen. Unser Torwart Antonio Galic hat 60 Prozent Anteil daran, dass wir das unm\u00f6gliche noch m\u00f6glich gemacht haben.&#8220;\u00a0<\/p>\n<h4><strong>Saisonfazit Tarik: Ein angesichts des Potenzials der Mannschaft v\u00f6llig unn\u00f6tiger und durch administrative Verfehlungen selbst herbeigerufener Abstieg f\u00fchrt dazu, dass Griesheim Tarik die Kreisoberliga nach zwei Jahren wieder nach unten verlassen muss. <\/strong><\/h4>\n<h4><strong>Saisonfazit Croatia: Totgesagte leben l\u00e4nger! Obwohl Croatia von Spieltag 14 bis 32 am Tabellenende stand, gelang trotz 104 Gegentoren noch die direkte Rettung. Ivan Propadalo mit neun Toren war im Schlussspurt daran beteiligt.\u00a0<\/strong><\/h4>\n<blockquote>\n<h4><strong>Schiedsrichter: Adriatik Kaba (SG Egelsbach). Zuschauer: 170. <\/strong><\/h4>\n<h4><strong>Tore: 0:1 Ivan Propadalo (15.), 1:1 Mohammed Haroune (30.), 1:2 Ante Coric (37.), 1:3, 1:4 Stefano Amore (52.\/60.), 2:4 Mohammed Douzi (86.), 2:5 Drazen Gluhakovic (87.). <\/strong><\/h4>\n<h4><strong>Bildergalerie: Mithat G\u00fcrser schaute an der L\u00e4rchenstra\u00dfe vorbei. Vielen Dank!\u00a0<\/strong><\/h4>\n<h4>\u00a0<\/h4>\n<\/blockquote>\n\n\n<figure class=\"wp-block-gallery has-nested-images columns-default is-cropped wp-block-gallery-1 is-layout-flex wp-block-gallery-is-layout-flex\">\n<figure class=\"wp-block-image size-large\"><img loading=\"lazy\" decoding=\"async\" width=\"1006\" height=\"748\" data-id=\"25837\" src=\"https:\/\/insideamateurfussball-ffm.de\/wp-content\/uploads\/2025\/05\/croa-tarik9.jpg\" alt=\"\" class=\"wp-image-25837\" srcset=\"https:\/\/insideamateurfussball-ffm.de\/wp-content\/uploads\/2025\/05\/croa-tarik9.jpg 1006w, https:\/\/insideamateurfussball-ffm.de\/wp-content\/uploads\/2025\/05\/croa-tarik9-300x223.jpg 300w, https:\/\/insideamateurfussball-ffm.de\/wp-content\/uploads\/2025\/05\/croa-tarik9-768x571.jpg 768w\" sizes=\"auto, (max-width: 1006px) 100vw, 1006px\" \/><\/figure>\n<\/figure>\n\n\n\n<figure class=\"wp-block-gallery has-nested-images columns-default is-cropped wp-block-gallery-2 is-layout-flex wp-block-gallery-is-layout-flex\">\n<figure class=\"wp-block-image size-large\"><img loading=\"lazy\" decoding=\"async\" width=\"886\" height=\"604\" data-id=\"25838\" src=\"https:\/\/insideamateurfussball-ffm.de\/wp-content\/uploads\/2025\/05\/croa-tar1.jpg\" alt=\"\" class=\"wp-image-25838\" srcset=\"https:\/\/insideamateurfussball-ffm.de\/wp-content\/uploads\/2025\/05\/croa-tar1.jpg 886w, https:\/\/insideamateurfussball-ffm.de\/wp-content\/uploads\/2025\/05\/croa-tar1-300x205.jpg 300w, https:\/\/insideamateurfussball-ffm.de\/wp-content\/uploads\/2025\/05\/croa-tar1-768x524.jpg 768w\" sizes=\"auto, (max-width: 886px) 100vw, 886px\" \/><\/figure>\n<\/figure>\n\n\n\n<figure class=\"wp-block-gallery has-nested-images columns-default is-cropped wp-block-gallery-3 is-layout-flex wp-block-gallery-is-layout-flex\">\n<figure class=\"wp-block-image size-large\"><img loading=\"lazy\" decoding=\"async\" width=\"886\" height=\"624\" data-id=\"25839\" src=\"https:\/\/insideamateurfussball-ffm.de\/wp-content\/uploads\/2025\/05\/croa-tarik6.jpg\" alt=\"\" class=\"wp-image-25839\" srcset=\"https:\/\/insideamateurfussball-ffm.de\/wp-content\/uploads\/2025\/05\/croa-tarik6.jpg 886w, https:\/\/insideamateurfussball-ffm.de\/wp-content\/uploads\/2025\/05\/croa-tarik6-300x211.jpg 300w, https:\/\/insideamateurfussball-ffm.de\/wp-content\/uploads\/2025\/05\/croa-tarik6-768x541.jpg 768w\" sizes=\"auto, (max-width: 886px) 100vw, 886px\" \/><\/figure>\n<\/figure>\n\n\n\n<figure class=\"wp-block-gallery has-nested-images columns-default is-cropped wp-block-gallery-4 is-layout-flex wp-block-gallery-is-layout-flex\">\n<figure class=\"wp-block-image size-large\"><img loading=\"lazy\" decoding=\"async\" width=\"886\" height=\"664\" data-id=\"25840\" src=\"https:\/\/insideamateurfussball-ffm.de\/wp-content\/uploads\/2025\/05\/croa-tarik10.jpg\" alt=\"\" class=\"wp-image-25840\" srcset=\"https:\/\/insideamateurfussball-ffm.de\/wp-content\/uploads\/2025\/05\/croa-tarik10.jpg 886w, https:\/\/insideamateurfussball-ffm.de\/wp-content\/uploads\/2025\/05\/croa-tarik10-300x225.jpg 300w, https:\/\/insideamateurfussball-ffm.de\/wp-content\/uploads\/2025\/05\/croa-tarik10-768x576.jpg 768w\" sizes=\"auto, (max-width: 886px) 100vw, 886px\" \/><\/figure>\n<\/figure>\n\n\n\n<figure class=\"wp-block-gallery has-nested-images columns-default is-cropped wp-block-gallery-5 is-layout-flex wp-block-gallery-is-layout-flex\">\n<figure class=\"wp-block-image size-large\"><img loading=\"lazy\" decoding=\"async\" width=\"886\" height=\"626\" data-id=\"25841\" src=\"https:\/\/insideamateurfussball-ffm.de\/wp-content\/uploads\/2025\/05\/croa-tar3.jpg\" alt=\"\" class=\"wp-image-25841\" srcset=\"https:\/\/insideamateurfussball-ffm.de\/wp-content\/uploads\/2025\/05\/croa-tar3.jpg 886w, https:\/\/insideamateurfussball-ffm.de\/wp-content\/uploads\/2025\/05\/croa-tar3-300x212.jpg 300w, https:\/\/insideamateurfussball-ffm.de\/wp-content\/uploads\/2025\/05\/croa-tar3-768x543.jpg 768w\" sizes=\"auto, (max-width: 886px) 100vw, 886px\" \/><\/figure>\n<\/figure>\n\n\n\n<figure class=\"wp-block-gallery has-nested-images columns-default is-cropped wp-block-gallery-6 is-layout-flex wp-block-gallery-is-layout-flex\">\n<figure class=\"wp-block-image size-large\"><img loading=\"lazy\" decoding=\"async\" width=\"886\" height=\"590\" data-id=\"25842\" src=\"https:\/\/insideamateurfussball-ffm.de\/wp-content\/uploads\/2025\/05\/croa-tarik7.jpg\" alt=\"\" class=\"wp-image-25842\" srcset=\"https:\/\/insideamateurfussball-ffm.de\/wp-content\/uploads\/2025\/05\/croa-tarik7.jpg 886w, https:\/\/insideamateurfussball-ffm.de\/wp-content\/uploads\/2025\/05\/croa-tarik7-300x200.jpg 300w, https:\/\/insideamateurfussball-ffm.de\/wp-content\/uploads\/2025\/05\/croa-tarik7-768x511.jpg 768w\" sizes=\"auto, (max-width: 886px) 100vw, 886px\" \/><\/figure>\n<\/figure>\n\n\n\n<figure class=\"wp-block-gallery has-nested-images columns-default is-cropped wp-block-gallery-7 is-layout-flex wp-block-gallery-is-layout-flex\">\n<figure class=\"wp-block-image size-large\"><img loading=\"lazy\" decoding=\"async\" width=\"886\" height=\"590\" data-id=\"25843\" src=\"https:\/\/insideamateurfussball-ffm.de\/wp-content\/uploads\/2025\/05\/croa-tarik11.jpg\" alt=\"\" class=\"wp-image-25843\" srcset=\"https:\/\/insideamateurfussball-ffm.de\/wp-content\/uploads\/2025\/05\/croa-tarik11.jpg 886w, https:\/\/insideamateurfussball-ffm.de\/wp-content\/uploads\/2025\/05\/croa-tarik11-300x200.jpg 300w, https:\/\/insideamateurfussball-ffm.de\/wp-content\/uploads\/2025\/05\/croa-tarik11-768x511.jpg 768w\" sizes=\"auto, (max-width: 886px) 100vw, 886px\" \/><\/figure>\n<\/figure>\n\n\n\n<figure class=\"wp-block-gallery has-nested-images columns-default is-cropped wp-block-gallery-8 is-layout-flex wp-block-gallery-is-layout-flex\">\n<figure class=\"wp-block-image size-large\"><img loading=\"lazy\" decoding=\"async\" width=\"886\" height=\"590\" data-id=\"25844\" src=\"https:\/\/insideamateurfussball-ffm.de\/wp-content\/uploads\/2025\/05\/croa-tarik2.jpg\" alt=\"\" class=\"wp-image-25844\" srcset=\"https:\/\/insideamateurfussball-ffm.de\/wp-content\/uploads\/2025\/05\/croa-tarik2.jpg 886w, https:\/\/insideamateurfussball-ffm.de\/wp-content\/uploads\/2025\/05\/croa-tarik2-300x200.jpg 300w, https:\/\/insideamateurfussball-ffm.de\/wp-content\/uploads\/2025\/05\/croa-tarik2-768x511.jpg 768w\" sizes=\"auto, (max-width: 886px) 100vw, 886px\" \/><\/figure>\n<\/figure>\n\n\n\n<figure class=\"wp-block-gallery has-nested-images columns-default is-cropped wp-block-gallery-9 is-layout-flex wp-block-gallery-is-layout-flex\">\n<figure class=\"wp-block-image size-large\"><img loading=\"lazy\" decoding=\"async\" width=\"886\" height=\"641\" data-id=\"25845\" src=\"https:\/\/insideamateurfussball-ffm.de\/wp-content\/uploads\/2025\/05\/croa-tarik8.jpg\" alt=\"\" class=\"wp-image-25845\" srcset=\"https:\/\/insideamateurfussball-ffm.de\/wp-content\/uploads\/2025\/05\/croa-tarik8.jpg 886w, https:\/\/insideamateurfussball-ffm.de\/wp-content\/uploads\/2025\/05\/croa-tarik8-300x217.jpg 300w, https:\/\/insideamateurfussball-ffm.de\/wp-content\/uploads\/2025\/05\/croa-tarik8-768x556.jpg 768w\" sizes=\"auto, (max-width: 886px) 100vw, 886px\" \/><\/figure>\n<\/figure>\n\n\n\n<figure class=\"wp-block-gallery has-nested-images columns-default is-cropped wp-block-gallery-10 is-layout-flex wp-block-gallery-is-layout-flex\">\n<figure class=\"wp-block-image size-large\"><img loading=\"lazy\" decoding=\"async\" width=\"886\" height=\"644\" data-id=\"25846\" src=\"https:\/\/insideamateurfussball-ffm.de\/wp-content\/uploads\/2025\/05\/croa-tarik12.jpg\" alt=\"\" class=\"wp-image-25846\" srcset=\"https:\/\/insideamateurfussball-ffm.de\/wp-content\/uploads\/2025\/05\/croa-tarik12.jpg 886w, https:\/\/insideamateurfussball-ffm.de\/wp-content\/uploads\/2025\/05\/croa-tarik12-300x218.jpg 300w, https:\/\/insideamateurfussball-ffm.de\/wp-content\/uploads\/2025\/05\/croa-tarik12-768x558.jpg 768w\" sizes=\"auto, (max-width: 886px) 100vw, 886px\" \/><\/figure>\n<\/figure>\n","protected":false},"excerpt":{"rendered":"<p>Vor vier Wochen noch abgeschlagen, hat der FC Croatia durch den 5:2-Ausw\u00e4rtssieg im Abstiegsendspiel beim SV Griesheim Tarik dank seiner starken Serie zum Saisonende den Klassenerhalt erreicht. Die Gastgeber steigen hingegen nach 2012 und 2022 zum dritten Mal aus der Kreisoberliga ab, diesmal sogar als Tabellenletzter.\u00a0 SV Griesheim Tarik &#8211; FC Croatia 2:5 (1:2) Den [&hellip;]<\/p>\n","protected":false},"author":1,"featured_media":25835,"comment_status":"closed","ping_status":"closed","sticky":true,"template":"","format":"standard","meta":{"footnotes":""},"categories":[2],"tags":[],"class_list":["post-25834","post","type-post","status-publish","format-standard","has-post-thumbnail","hentry","category-kreisoberliga-frankfurt"],"_links":{"self":[{"href":"https:\/\/insideamateurfussball-ffm.de\/index.php?rest_route=\/wp\/v2\/posts\/25834","targetHints":{"allow":["GET"]}}],"collection":[{"href":"https:\/\/insideamateurfussball-ffm.de\/index.php?rest_route=\/wp\/v2\/posts"}],"about":[{"href":"https:\/\/insideamateurfussball-ffm.de\/index.php?rest_route=\/wp\/v2\/types\/post"}],"author":[{"embeddable":true,"href":"https:\/\/insideamateurfussball-ffm.de\/index.php?rest_route=\/wp\/v2\/users\/1"}],"replies":[{"embeddable":true,"href":"https:\/\/insideamateurfussball-ffm.de\/index.php?rest_route=%2Fwp%2Fv2%2Fcomments&post=25834"}],"version-history":[{"count":3,"href":"https:\/\/insideamateurfussball-ffm.de\/index.php?rest_route=\/wp\/v2\/posts\/25834\/revisions"}],"predecessor-version":[{"id":25848,"href":"https:\/\/insideamateurfussball-ffm.de\/index.php?rest_route=\/wp\/v2\/posts\/25834\/revisions\/25848"}],"wp:featuredmedia":[{"embeddable":true,"href":"https:\/\/insideamateurfussball-ffm.de\/index.php?rest_route=\/wp\/v2\/media\/25835"}],"wp:attachment":[{"href":"https:\/\/insideamateurfussball-ffm.de\/index.php?rest_route=%2Fwp%2Fv2%2Fmedia&parent=25834"}],"wp:term":[{"taxonomy":"category","embeddable":true,"href":"https:\/\/insideamateurfussball-ffm.de\/index.php?rest_route=%2Fwp%2Fv2%2Fcategories&post=25834"},{"taxonomy":"post_tag","embeddable":true,"href":"https:\/\/insideamateurfussball-ffm.de\/index.php?rest_route=%2Fwp%2Fv2%2Ftags&post=25834"}],"curies":[{"name":"wp","href":"https:\/\/api.w.org\/{rel}","templated":true}]}}