{"id":25829,"date":"2025-05-26T22:04:02","date_gmt":"2025-05-26T21:04:02","guid":{"rendered":"https:\/\/insideamateurfussball-ffm.de\/?p=25829"},"modified":"2025-05-26T22:05:27","modified_gmt":"2025-05-26T21:05:27","slug":"kosova-mit-16-punkten-vorsprung-in-die-gruppenliga","status":"publish","type":"post","link":"https:\/\/insideamateurfussball-ffm.de\/?p=25829","title":{"rendered":"Kosova mit 16 Punkten Vorsprung in die Gruppenliga"},"content":{"rendered":"<h4>Im letzten Saisonspiel beendete Meister FC Kosova die Saison mit einem 6:2-Ausw\u00e4rtssieg beim 1. R\u00f6delheimer FC 02 und 16 Punkten Vorsprung vor Verfolger Germania 94 und steigt erstmals in seiner 33-j\u00e4hrigen Vereinsgeschichte in die Gruppenliga Frankfurt West auf. Der RFC beendete die Spielzeit in seiner zweiten Saison nach dem Aufstieg auf Rang zw\u00f6lf.<\/h4>\n<figure id=\"attachment_25830\" aria-describedby=\"caption-attachment-25830\" style=\"width: 1600px\" class=\"wp-caption alignnone\"><img loading=\"lazy\" decoding=\"async\" class=\"wp-image-25830 size-full\" src=\"http:\/\/insideamateurfussball-ffm.de\/wp-content\/uploads\/2025\/05\/Kosova-Meister.jpg\" alt=\"\" width=\"1600\" height=\"900\" srcset=\"https:\/\/insideamateurfussball-ffm.de\/wp-content\/uploads\/2025\/05\/Kosova-Meister.jpg 1600w, https:\/\/insideamateurfussball-ffm.de\/wp-content\/uploads\/2025\/05\/Kosova-Meister-300x169.jpg 300w, https:\/\/insideamateurfussball-ffm.de\/wp-content\/uploads\/2025\/05\/Kosova-Meister-1024x576.jpg 1024w, https:\/\/insideamateurfussball-ffm.de\/wp-content\/uploads\/2025\/05\/Kosova-Meister-768x432.jpg 768w, https:\/\/insideamateurfussball-ffm.de\/wp-content\/uploads\/2025\/05\/Kosova-Meister-1536x864.jpg 1536w\" sizes=\"auto, (max-width: 1600px) 100vw, 1600px\" \/><figcaption id=\"caption-attachment-25830\" class=\"wp-caption-text\">Meister mit 79 Punkten und 112:42 Toren ist der FC Kosova. Foto: Einsendung Verein.<\/figcaption><\/figure>\n<h4>1. R\u00f6delheimer FC 02 &#8211; FC Kosova 2:6 (1:3)<\/h4>\n<p><img loading=\"lazy\" decoding=\"async\" class=\"alignnone size-full wp-image-333\" src=\"http:\/\/insideamateurfussball-ffm.de\/wp-content\/uploads\/2022\/05\/Roedelheim.jpg\" alt=\"\" width=\"80\" height=\"73\" \/><img loading=\"lazy\" decoding=\"async\" class=\"alignnone size-full wp-image-9\" src=\"http:\/\/insideamateurfussball-ffm.de\/wp-content\/uploads\/2021\/11\/Kosova.jpg\" alt=\"\" width=\"65\" height=\"80\" \/><\/p>\n<div>Es ging f\u00fcr beide Vereine um nichts mehr, der FC Kosova war schon Meister der Kreisoberliga und der Club hatte sich vor dem Abstieg gerettet. Doch es wurde kein &#8222;Sommerkick&#8220; geboten, beide nahmen das Spiel ernst. Der Unterschied zwischen beiden Mannschaften \u00fcber die gesamte Spieldauer war die Effektivit\u00e4t beim Ausnutzen der Torchancen. Hier der Tabellenerste, der aus seinen acht bis zehn Chancen sechs Tore machte und dort der Tabellenzw\u00f6lfte, der auch aus ca. zehn Torchancen nur zwei Tore erzielte<\/div>\n<div>und noch einen Handelfmeter durch Mikael Petermann verschoss (87.). Wobei man aus Sicht des Clubs anerkennen muss, dass mit Flakron Thaci ein \u00fcberragender St\u00fcrmer auf dem Platz war, der von keinem R\u00f6delheimer Abwehrspieler zu halten war und f\u00fcnf der insgesamt sechs Tore f\u00fcr den FC Kosova erzielte.<\/div>\n<div><\/div>\n<div>In den ersten 10 Minuten hatte R\u00f6delheim durch Enno Lang, Ali Osman und Florian Meinshausen drei gute Torm\u00f6glichkeiten, doch wie so oft in dieser Saison gingen die B\u00e4lle nicht rein. &#8222;Wenn du gegen so einen starken Gegner deine Chancen nicht nutzt, wirst du bestraft und so kam es auch. Kosova war uns auch k\u00f6rperlich \u00fcberlegen, behauptete die B\u00e4lle mit starkem K\u00f6rpereinsatz im Mittelfeld und f\u00fctterte die St\u00fcrmer oft mit langen B\u00e4llen \u00fcber die letzte Kette des Clubs hinweg. Unser Torwart Daniel Gude wuchs \u00fcber sich hinaus und verhinderte eine noch h\u00f6here Niederlage&#8220;, berichtete RFC-Sprecher Volker Flauaus. Positiv ist zu erw\u00e4hnen, dass der Club nie aufsteckte, immer nach vorne spielte und versuchte, die R\u00fcckst\u00e4nde zu verk\u00fcrzen.<\/div>\n<div><\/div>\n<blockquote>\n<h4><span style=\"color: initial;\">&#8222;Der gesamte Verein freut sich auf eine <\/span><span style=\"color: initial;\">weitere Saison in der KOL, hoffentlich mit weniger Nervenanspannung.&#8220; (RFC-Sprecher Volker Flauaus)<\/span><\/h4>\n<\/blockquote>\n<div>So nahm z.B. Aria Razdar in der 23. Minute aus 25 Meter Ma\u00df und knallte den Ball mit voller Wucht an die Latte, den Abpraller versenkte Ali Osman zum 1:3. <span style=\"color: initial;\">Beim Einlaufen standen die Spalier und <\/span><span style=\"color: initial;\">applaudierten den Spielern von Kosova und deren Trainer Jorge Huberman <\/span><span style=\"color: initial;\">zur Meisterschaft. &#8222;Das hat Stil. Der gesamte Verein freut sich auf eine <\/span><span style=\"color: initial;\">weitere Saison in der KOL, hoffentlich mit weniger Nervenanspannung&#8220;, deutete Flauaus an. Kosova erhielt in der Schlussphase noch zwei Zeitstrafen und beendete die Partie mit neun Spielern, da Soufian Taadou (88.) und Torh\u00fcter Muhamet Xhaferi (90.\/+3). Kosova-Trainer Jorge Huberman bezeichnete die Darbietung als &#8222;w\u00fcrdige Leistung der gesamten Mannschaft nach dieser \u00fcberragenden Saison. Der Schiedsrichter hat aber heute eine skandal\u00f6se Leistung gezeigt, war vollkommen subjektiv und hat uns nur verpfiffen. Wenn ich so etwas sage in einem Spiel, wo es um nichts mehr ging, hat das gro\u00dfes Gewicht. Ich werde mich beim Schiedsrichterobmann \u00fcber diesen Menschen beschweren.&#8220;<\/span><\/div>\n<div><\/div>\n<div><span style=\"color: initial;\"> Verabschiedet wurde Co-Trainer Alijam Aruci, der wesentlichen Anteil an den Erfolgen habe und Rekordspieler Visar Gashi, der &#8222;wie jeden Sonntag jeden St\u00fcrmer ausgeschaltet hat.&#8220; Seinen eigenen Verbleib in der Gruppenliga lie\u00df Huberman hingegen noch offen: &#8222;Dazu gibt es von mir keinen Kommentar.&#8220;\u00a0<\/span><\/div>\n<h4>Saisonfazit R\u00f6delheim: Mit Rang 12 und 35 Punkten hat der RFC auch im zweiten Jahr nach dem Aufstieg mit soliden Leistungen die Klasse gehalten. Dennoch war es oftmals ein Wechselbad der Gef\u00fchle aus klaren Siegen und deutlichen Niederlagen. \u00dcberragender Mann war Neuzugang Ali Osman mit 19 Tore.<\/h4>\n<h4>Saisonfazit Kosova: Im f\u00fcnften Jahr nach dem Aufstieg gelang nach drei sechsten Pl\u00e4tzen und einmal Rang vier das gro\u00dfe Ziel Meisterschaft. Trainer Jorge Huberman brachte den Kosovaren Disziplin und Ordnung bei, Grundtugenden f\u00fcr den Erfolg. Es gab keine einzige Rote Karte. Seit dem 16. Spieltag stand man konstant an der Spitze und gab diese nicht mehr ab, erzielte 112 Tore und kassierte nur 42. Torj\u00e4ger und Kapit\u00e4n Flakron Thaci wurde mit 48 Toren Torsch\u00fctzenk\u00f6nig.<\/h4>\n<blockquote>\n<h4>Schiedsrichter: Idris Yagci (VfR Wiesbaden). Zuschauer: 90.<\/h4>\n<h4>Tore: 0:1 Rejan Dervisholli (13.), 0:2, 0:3 Flakron Thaci (15.\/20.), 1:3 Ali Osman (24.), 1:4, 1:5 Flakron Thaci (66.\/72.), 2:5 Adam Zazoua (90.), 2:6 Flakron Thaci (90.).<\/h4>\n<\/blockquote>\n","protected":false},"excerpt":{"rendered":"<p>Im letzten Saisonspiel beendete Meister FC Kosova die Saison mit einem 6:2-Ausw\u00e4rtssieg beim 1. R\u00f6delheimer FC 02 und 16 Punkten Vorsprung vor Verfolger Germania 94 und steigt erstmals in seiner 33-j\u00e4hrigen Vereinsgeschichte in die Gruppenliga Frankfurt West auf. Der RFC beendete die Spielzeit in seiner zweiten Saison nach dem Aufstieg auf Rang zw\u00f6lf. 1. R\u00f6delheimer [&hellip;]<\/p>\n","protected":false},"author":1,"featured_media":25830,"comment_status":"closed","ping_status":"closed","sticky":true,"template":"","format":"standard","meta":{"footnotes":""},"categories":[2],"tags":[],"class_list":["post-25829","post","type-post","status-publish","format-standard","has-post-thumbnail","hentry","category-kreisoberliga-frankfurt"],"_links":{"self":[{"href":"https:\/\/insideamateurfussball-ffm.de\/index.php?rest_route=\/wp\/v2\/posts\/25829","targetHints":{"allow":["GET"]}}],"collection":[{"href":"https:\/\/insideamateurfussball-ffm.de\/index.php?rest_route=\/wp\/v2\/posts"}],"about":[{"href":"https:\/\/insideamateurfussball-ffm.de\/index.php?rest_route=\/wp\/v2\/types\/post"}],"author":[{"embeddable":true,"href":"https:\/\/insideamateurfussball-ffm.de\/index.php?rest_route=\/wp\/v2\/users\/1"}],"replies":[{"embeddable":true,"href":"https:\/\/insideamateurfussball-ffm.de\/index.php?rest_route=%2Fwp%2Fv2%2Fcomments&post=25829"}],"version-history":[{"count":2,"href":"https:\/\/insideamateurfussball-ffm.de\/index.php?rest_route=\/wp\/v2\/posts\/25829\/revisions"}],"predecessor-version":[{"id":25832,"href":"https:\/\/insideamateurfussball-ffm.de\/index.php?rest_route=\/wp\/v2\/posts\/25829\/revisions\/25832"}],"wp:featuredmedia":[{"embeddable":true,"href":"https:\/\/insideamateurfussball-ffm.de\/index.php?rest_route=\/wp\/v2\/media\/25830"}],"wp:attachment":[{"href":"https:\/\/insideamateurfussball-ffm.de\/index.php?rest_route=%2Fwp%2Fv2%2Fmedia&parent=25829"}],"wp:term":[{"taxonomy":"category","embeddable":true,"href":"https:\/\/insideamateurfussball-ffm.de\/index.php?rest_route=%2Fwp%2Fv2%2Fcategories&post=25829"},{"taxonomy":"post_tag","embeddable":true,"href":"https:\/\/insideamateurfussball-ffm.de\/index.php?rest_route=%2Fwp%2Fv2%2Ftags&post=25829"}],"curies":[{"name":"wp","href":"https:\/\/api.w.org\/{rel}","templated":true}]}}