{"id":25800,"date":"2025-05-26T13:52:18","date_gmt":"2025-05-26T12:52:18","guid":{"rendered":"https:\/\/insideamateurfussball-ffm.de\/?p=25800"},"modified":"2025-05-26T13:52:18","modified_gmt":"2025-05-26T12:52:18","slug":"karben-verspielt-relegation-bei-tuerkguecue","status":"publish","type":"post","link":"https:\/\/insideamateurfussball-ffm.de\/?p=25800","title":{"rendered":"Karben verspielt Relegation bei T\u00fcrkg\u00fcc\u00fc"},"content":{"rendered":"<h4>T\u00fcrkg\u00fcc\u00fc Frankfurt siegte in seinem letzten Heimspiel mit 3:2 gegen den FC Karben, der damit seine letzten Chancen auf den Relegationsplatz verspielte, w\u00e4hrend T\u00fcrkg\u00fcc\u00fc seinen dritten Sieg in Folge unter Interimstrainer Murat Tiryaki feierte.<\/h4>\n<figure id=\"attachment_25801\" aria-describedby=\"caption-attachment-25801\" style=\"width: 886px\" class=\"wp-caption alignnone\"><img loading=\"lazy\" decoding=\"async\" class=\"wp-image-25801 size-full\" src=\"http:\/\/insideamateurfussball-ffm.de\/wp-content\/uploads\/2025\/05\/tguecue-karben-regen-regen.jpg\" alt=\"\" width=\"886\" height=\"590\" srcset=\"https:\/\/insideamateurfussball-ffm.de\/wp-content\/uploads\/2025\/05\/tguecue-karben-regen-regen.jpg 886w, https:\/\/insideamateurfussball-ffm.de\/wp-content\/uploads\/2025\/05\/tguecue-karben-regen-regen-300x200.jpg 300w, https:\/\/insideamateurfussball-ffm.de\/wp-content\/uploads\/2025\/05\/tguecue-karben-regen-regen-768x511.jpg 768w\" sizes=\"auto, (max-width: 886px) 100vw, 886px\" \/><figcaption id=\"caption-attachment-25801\" class=\"wp-caption-text\">Die Siegesfeier von T\u00fcrkg\u00fcc\u00fc fand diesmal in str\u00f6mendem Regen statt. Foto: Mithat G\u00fcrser<\/figcaption><\/figure>\n<h4>T\u00fcrkg\u00fcc\u00fc Frankfurt &#8211; FC Karben 3:2 (3:0)<\/h4>\n<p><img loading=\"lazy\" decoding=\"async\" class=\"alignnone size-full wp-image-17\" src=\"http:\/\/insideamateurfussball-ffm.de\/wp-content\/uploads\/2021\/11\/Tuerkguecue.jpg\" alt=\"\" width=\"72\" height=\"80\" \/><img loading=\"lazy\" decoding=\"async\" class=\"alignnone size-full wp-image-2525\" src=\"http:\/\/insideamateurfussball-ffm.de\/wp-content\/uploads\/2022\/09\/karben.jpg\" alt=\"\" width=\"65\" height=\"80\" \/><\/p>\n<p>T\u00fcrkg\u00fcc\u00fc Frankfurt konnte letzte Woche den Klassenerhalt feiern und nutzte die Woche zu einem gemeinsamen Grillabend in der gro\u00dfen Familie T\u00fcrkg\u00fcc\u00fc, im Spiel gegen den FC Karben konnten sie ihren Lauf aber fortsetzen und gewannen gegen einen vor allem in der ersten Halbzeit entt\u00e4uschenden Gegner. Schon in der dritten Minute gingen die Gastgeber durch ein Tor von Taha Azaitouni mit 1:0 in F\u00fchrung, in der 10.Minute musste dann Yassin El Ouariachi den Platz mit einer B\u00e4nderverletzung verlassen, der Spieler wurde in der Halbzeitpause mit einem Krankenwagen ins Krankenhaus gebracht, von unserer Redaktion w\u00fcnschen wir gute Besserung. In der 26.Minute erh\u00f6hte Hidetoshi Hatano auf 2:0, ehe Emre Kadimli in der zweiten Minute der Nachspielzeit sogar das 3:0 folgen lie\u00df. T\u00fcrkg\u00fcc\u00fcs Interimstrainer Murat Tiryaki: \u201ewir haben in der ersten Halbzeit sehr gut gespielt und den Gegner nicht ins Spiel kommen lassen, wir h\u00e4tten sogar noch h\u00f6her f\u00fchren k\u00f6nnen.\u201c<\/p>\n<p>In der zweiten Halbzeit wachte dann der Gegner auf und der FC Karben zeigte, warum sie in der Tabelle so weit oben stehen. Tityaki: \u201ebei uns haben die Kr\u00e4fte dann nachgelassen, auch weil wir in der Woche nicht trainiert haben. Ich muss auch ausdr\u00fccklich den Schiedsrichter loben, der ein sehr gutes Spiel gemacht hat.\u201c Die G\u00e4ste kamen durch Jakob Harald Thum in der 69.Minute und Luca Hannig in der 79.Minute noch zum 2:3, zu mehr reichte es aber nicht, da T\u00fcrkg\u00fcc\u00fc gut verteidigte. Damit vergaben die Karbener ihre letzte theoretische Chance auf den Relegationsplatz, w\u00e4hrend T\u00fcrkg\u00fcc\u00fc als Aufsteiger ihren sicheren Platz in der Tabelle untermauerte und am Mittwoch zum letzten Spiel zur Spvgg. 05 Oberrad f\u00e4hrt.<\/p>\n<p>Gleichzeitig teilte uns Tityaki mit, dass in der neuen Saison Murtaza Taher das Traineramt \u00fcbernehmen wird, der in dieser Saison schon unter dem Trainer Anicic als Co-Trainer fungierte.<\/p>\n<h4>Schiedsrichter: Florian Tesch (SC Hassia Dieburg). Zuschauer: 125.<\/h4>\n<h4>Tore: 1:0 Taha Azaitouni (3.), 2:0 Hidetoshi Hatano (26.), 3:0 Emre Kadimli (45.+2), 3:1 Jakob Harald Thum (69.), 3:2 Luca Hannig (79.)<\/h4>\n<blockquote>\n<h4>Die Fotos verdanken wir Mithat G\u00fcrser.<\/h4>\n<\/blockquote>\n\n\n<figure class=\"wp-block-image size-full\"><img loading=\"lazy\" decoding=\"async\" width=\"886\" height=\"622\" src=\"http:\/\/insideamateurfussball-ffm.de\/wp-content\/uploads\/2025\/05\/tguecue-karben1.jpg\" alt=\"\" class=\"wp-image-25802\" srcset=\"https:\/\/insideamateurfussball-ffm.de\/wp-content\/uploads\/2025\/05\/tguecue-karben1.jpg 886w, https:\/\/insideamateurfussball-ffm.de\/wp-content\/uploads\/2025\/05\/tguecue-karben1-300x211.jpg 300w, https:\/\/insideamateurfussball-ffm.de\/wp-content\/uploads\/2025\/05\/tguecue-karben1-768x539.jpg 768w\" sizes=\"auto, (max-width: 886px) 100vw, 886px\" \/><\/figure>\n\n\n\n<figure class=\"wp-block-image size-full\"><img loading=\"lazy\" decoding=\"async\" width=\"886\" height=\"617\" src=\"http:\/\/insideamateurfussball-ffm.de\/wp-content\/uploads\/2025\/05\/tguecue-karben2.jpg\" alt=\"\" class=\"wp-image-25803\" srcset=\"https:\/\/insideamateurfussball-ffm.de\/wp-content\/uploads\/2025\/05\/tguecue-karben2.jpg 886w, https:\/\/insideamateurfussball-ffm.de\/wp-content\/uploads\/2025\/05\/tguecue-karben2-300x209.jpg 300w, https:\/\/insideamateurfussball-ffm.de\/wp-content\/uploads\/2025\/05\/tguecue-karben2-768x535.jpg 768w\" sizes=\"auto, (max-width: 886px) 100vw, 886px\" \/><\/figure>\n\n\n\n<figure class=\"wp-block-image size-full\"><img loading=\"lazy\" decoding=\"async\" width=\"886\" height=\"669\" src=\"http:\/\/insideamateurfussball-ffm.de\/wp-content\/uploads\/2025\/05\/tguecue-karben3.jpg\" alt=\"\" class=\"wp-image-25804\" srcset=\"https:\/\/insideamateurfussball-ffm.de\/wp-content\/uploads\/2025\/05\/tguecue-karben3.jpg 886w, https:\/\/insideamateurfussball-ffm.de\/wp-content\/uploads\/2025\/05\/tguecue-karben3-300x227.jpg 300w, https:\/\/insideamateurfussball-ffm.de\/wp-content\/uploads\/2025\/05\/tguecue-karben3-768x580.jpg 768w\" sizes=\"auto, (max-width: 886px) 100vw, 886px\" \/><\/figure>\n\n\n\n<figure class=\"wp-block-image size-full\"><img loading=\"lazy\" decoding=\"async\" width=\"886\" height=\"590\" src=\"http:\/\/insideamateurfussball-ffm.de\/wp-content\/uploads\/2025\/05\/tguecue-karben4.jpg\" alt=\"\" class=\"wp-image-25805\" srcset=\"https:\/\/insideamateurfussball-ffm.de\/wp-content\/uploads\/2025\/05\/tguecue-karben4.jpg 886w, https:\/\/insideamateurfussball-ffm.de\/wp-content\/uploads\/2025\/05\/tguecue-karben4-300x200.jpg 300w, https:\/\/insideamateurfussball-ffm.de\/wp-content\/uploads\/2025\/05\/tguecue-karben4-768x511.jpg 768w\" sizes=\"auto, (max-width: 886px) 100vw, 886px\" \/><\/figure>\n\n\n\n<figure class=\"wp-block-image size-full\"><img loading=\"lazy\" decoding=\"async\" width=\"886\" height=\"609\" src=\"http:\/\/insideamateurfussball-ffm.de\/wp-content\/uploads\/2025\/05\/tguecue-karben5.jpg\" alt=\"\" class=\"wp-image-25806\" srcset=\"https:\/\/insideamateurfussball-ffm.de\/wp-content\/uploads\/2025\/05\/tguecue-karben5.jpg 886w, https:\/\/insideamateurfussball-ffm.de\/wp-content\/uploads\/2025\/05\/tguecue-karben5-300x206.jpg 300w, https:\/\/insideamateurfussball-ffm.de\/wp-content\/uploads\/2025\/05\/tguecue-karben5-768x528.jpg 768w\" sizes=\"auto, (max-width: 886px) 100vw, 886px\" \/><\/figure>\n\n\n\n<figure class=\"wp-block-image size-full\"><img loading=\"lazy\" decoding=\"async\" width=\"886\" height=\"590\" src=\"http:\/\/insideamateurfussball-ffm.de\/wp-content\/uploads\/2025\/05\/tguecue-regen-ergen-regen.jpg\" alt=\"\" class=\"wp-image-25807\" srcset=\"https:\/\/insideamateurfussball-ffm.de\/wp-content\/uploads\/2025\/05\/tguecue-regen-ergen-regen.jpg 886w, https:\/\/insideamateurfussball-ffm.de\/wp-content\/uploads\/2025\/05\/tguecue-regen-ergen-regen-300x200.jpg 300w, https:\/\/insideamateurfussball-ffm.de\/wp-content\/uploads\/2025\/05\/tguecue-regen-ergen-regen-768x511.jpg 768w\" sizes=\"auto, (max-width: 886px) 100vw, 886px\" \/><\/figure>\n\n\n\n<figure class=\"wp-block-image size-full\"><img loading=\"lazy\" decoding=\"async\" width=\"886\" height=\"632\" src=\"http:\/\/insideamateurfussball-ffm.de\/wp-content\/uploads\/2025\/05\/trainer-karben.jpg\" alt=\"\" class=\"wp-image-25808\" srcset=\"https:\/\/insideamateurfussball-ffm.de\/wp-content\/uploads\/2025\/05\/trainer-karben.jpg 886w, https:\/\/insideamateurfussball-ffm.de\/wp-content\/uploads\/2025\/05\/trainer-karben-300x214.jpg 300w, https:\/\/insideamateurfussball-ffm.de\/wp-content\/uploads\/2025\/05\/trainer-karben-768x548.jpg 768w\" sizes=\"auto, (max-width: 886px) 100vw, 886px\" \/><\/figure>\n","protected":false},"excerpt":{"rendered":"<p>T\u00fcrkg\u00fcc\u00fc Frankfurt siegte in seinem letzten Heimspiel mit 3:2 gegen den FC Karben, der damit seine letzten Chancen auf den Relegationsplatz verspielte, w\u00e4hrend T\u00fcrkg\u00fcc\u00fc seinen dritten Sieg in Folge unter Interimstrainer Murat Tiryaki feierte. T\u00fcrkg\u00fcc\u00fc Frankfurt &#8211; FC Karben 3:2 (3:0) T\u00fcrkg\u00fcc\u00fc Frankfurt konnte letzte Woche den Klassenerhalt feiern und nutzte die Woche zu einem [&hellip;]<\/p>\n","protected":false},"author":3,"featured_media":25801,"comment_status":"closed","ping_status":"open","sticky":true,"template":"","format":"standard","meta":{"footnotes":""},"categories":[13],"tags":[],"class_list":["post-25800","post","type-post","status-publish","format-standard","has-post-thumbnail","hentry","category-gruppenliga-frankfurt-west"],"_links":{"self":[{"href":"https:\/\/insideamateurfussball-ffm.de\/index.php?rest_route=\/wp\/v2\/posts\/25800","targetHints":{"allow":["GET"]}}],"collection":[{"href":"https:\/\/insideamateurfussball-ffm.de\/index.php?rest_route=\/wp\/v2\/posts"}],"about":[{"href":"https:\/\/insideamateurfussball-ffm.de\/index.php?rest_route=\/wp\/v2\/types\/post"}],"author":[{"embeddable":true,"href":"https:\/\/insideamateurfussball-ffm.de\/index.php?rest_route=\/wp\/v2\/users\/3"}],"replies":[{"embeddable":true,"href":"https:\/\/insideamateurfussball-ffm.de\/index.php?rest_route=%2Fwp%2Fv2%2Fcomments&post=25800"}],"version-history":[{"count":3,"href":"https:\/\/insideamateurfussball-ffm.de\/index.php?rest_route=\/wp\/v2\/posts\/25800\/revisions"}],"predecessor-version":[{"id":25811,"href":"https:\/\/insideamateurfussball-ffm.de\/index.php?rest_route=\/wp\/v2\/posts\/25800\/revisions\/25811"}],"wp:featuredmedia":[{"embeddable":true,"href":"https:\/\/insideamateurfussball-ffm.de\/index.php?rest_route=\/wp\/v2\/media\/25801"}],"wp:attachment":[{"href":"https:\/\/insideamateurfussball-ffm.de\/index.php?rest_route=%2Fwp%2Fv2%2Fmedia&parent=25800"}],"wp:term":[{"taxonomy":"category","embeddable":true,"href":"https:\/\/insideamateurfussball-ffm.de\/index.php?rest_route=%2Fwp%2Fv2%2Fcategories&post=25800"},{"taxonomy":"post_tag","embeddable":true,"href":"https:\/\/insideamateurfussball-ffm.de\/index.php?rest_route=%2Fwp%2Fv2%2Ftags&post=25800"}],"curies":[{"name":"wp","href":"https:\/\/api.w.org\/{rel}","templated":true}]}}