{"id":25789,"date":"2025-05-26T15:52:02","date_gmt":"2025-05-26T14:52:02","guid":{"rendered":"https:\/\/insideamateurfussball-ffm.de\/?p=25789"},"modified":"2025-05-26T15:52:02","modified_gmt":"2025-05-26T14:52:02","slug":"ausblick-auf-die-relegationsspiele-auf-verbandsebene","status":"publish","type":"post","link":"https:\/\/insideamateurfussball-ffm.de\/?p=25789","title":{"rendered":"Ausblick auf die Relegationsspiele auf Verbandsebene"},"content":{"rendered":"<h4>Die Saison ist fast vorbei, doch die Relegationsspiele werfen schon ihre Schatten voraus. Wir dokumentieren einmal die Paarungen, wie sie Stand heute aussehen.<\/h4>\n<figure id=\"attachment_25796\" aria-describedby=\"caption-attachment-25796\" style=\"width: 886px\" class=\"wp-caption alignnone\"><img loading=\"lazy\" decoding=\"async\" class=\"wp-image-25796 size-full\" src=\"http:\/\/insideamateurfussball-ffm.de\/wp-content\/uploads\/2025\/05\/relegation.jpg\" alt=\"\" width=\"886\" height=\"654\" srcset=\"https:\/\/insideamateurfussball-ffm.de\/wp-content\/uploads\/2025\/05\/relegation.jpg 886w, https:\/\/insideamateurfussball-ffm.de\/wp-content\/uploads\/2025\/05\/relegation-300x221.jpg 300w, https:\/\/insideamateurfussball-ffm.de\/wp-content\/uploads\/2025\/05\/relegation-768x567.jpg 768w\" sizes=\"auto, (max-width: 886px) 100vw, 886px\" \/><figcaption id=\"caption-attachment-25796\" class=\"wp-caption-text\">Wer steigt auf, wer muss absteigen? Ein Blick auf die Relegation in den Ligen. Grafik: Mithat G\u00fcrser.<\/figcaption><\/figure>\n<p><span style=\"text-decoration: underline;\"><strong>Relegation LOTTO Hessenliga <\/strong><\/span>(Quelle HFV)<\/p>\n<table class=\"contenttable\" style=\"width: 100%; height: 217px;\">\n<tbody>\n<tr style=\"height: 23px;\">\n<td style=\"height: 23px; width: 33.6186%;\"><b>Qualifikation Gr.A<\/b><\/td>\n<td style=\"height: 23px; width: 31.5403%;\">\u00a0<\/td>\n<td style=\"height: 23px; width: 2.44499%;\">\u00a0<\/td>\n<td style=\"height: 23px; width: 31.2958%;\">\u00a0<\/td>\n<\/tr>\n<tr style=\"height: 10px;\">\n<td style=\"height: 10px; width: 33.6186%;\">Di. 03.06.25 19:00<\/td>\n<td style=\"height: 10px; width: 31.5403%;\">SG Bad Soden<\/td>\n<td style=\"height: 10px; width: 2.44499%;\"><b>&#8211;<\/b><\/td>\n<td style=\"height: 10px; width: 31.2958%;\">VfB 1905 Marburg \/ 1.Hanauer FC<\/td>\n<\/tr>\n<tr style=\"height: 23px;\">\n<td style=\"height: 23px; width: 33.6186%;\">Fr. 06.06.25 19:00<\/td>\n<td style=\"height: 23px; width: 31.5403%;\">VfB 1905 Marburg \/ 1.Hanauer FC<\/td>\n<td style=\"height: 23px; width: 2.44499%;\"><b>&#8211;<\/b><\/td>\n<td style=\"height: 23px; width: 31.2958%;\">SG Bad Soden<\/td>\n<\/tr>\n<tr style=\"height: 23px;\">\n<td style=\"height: 23px; width: 33.6186%;\"><b>Qualifikation Gr.B<\/b><\/td>\n<td style=\"height: 23px; width: 31.5403%;\">\u00a0<\/td>\n<td style=\"height: 23px; width: 2.44499%;\">\u00a0<\/td>\n<td style=\"height: 23px; width: 31.2958%;\">\u00a0<\/td>\n<\/tr>\n<tr style=\"height: 23px;\">\n<td style=\"height: 23px; width: 33.6186%;\">Di. 03.06.25 19:00<\/td>\n<td style=\"height: 23px; width: 31.5403%;\">SC Dortelweil \/ Spfrd. Seligenstadt<\/td>\n<td style=\"height: 23px; width: 2.44499%;\"><b>&#8211;<\/b><\/td>\n<td style=\"height: 23px; width: 31.2958%;\">FV Biebrich 02<\/td>\n<\/tr>\n<tr style=\"height: 23px;\">\n<td style=\"height: 23px; width: 33.6186%;\">Fr. 06.06.25 19:00<\/td>\n<td style=\"height: 23px; width: 31.5403%;\">FV Biebrich 02<\/td>\n<td style=\"height: 23px; width: 2.44499%;\"><b>&#8211;<\/b><\/td>\n<td style=\"height: 23px; width: 31.2958%;\">SC Dortelweil \/ Spfrd. Seligenstadt<\/td>\n<\/tr>\n<tr style=\"height: 23px;\">\n<td style=\"height: 23px; width: 33.6186%;\">\u00a0<\/td>\n<td style=\"height: 23px; width: 31.5403%;\">\u00a0<\/td>\n<td style=\"height: 23px; width: 2.44499%;\">\u00a0<\/td>\n<td style=\"height: 23px; width: 31.2958%;\">\u00a0<\/td>\n<\/tr>\n<tr style=\"height: 23px;\">\n<td style=\"height: 23px; width: 33.6186%;\"><b>Verbleib\/Aufstieg<\/b><\/td>\n<td style=\"height: 23px; width: 31.5403%;\"><b>neutraler Ort<br \/><\/b><\/td>\n<td style=\"height: 23px; width: 2.44499%;\"><b>\u00a0<\/b><\/td>\n<td style=\"height: 23px; width: 31.2958%;\"><b>\u00a0<\/b><\/td>\n<\/tr>\n<tr style=\"height: 23px;\">\n<td style=\"height: 23px; width: 33.6186%;\">Mo. 09.06.25 15:00<\/td>\n<td style=\"height: 23px; width: 31.5403%;\">Sieger Quali Gr.A<\/td>\n<td style=\"height: 23px; width: 2.44499%;\">&#8211;<\/td>\n<td style=\"height: 23px; width: 31.2958%;\">Sieger Quali Gr.B<\/td>\n<\/tr>\n<\/tbody>\n<\/table>\n<p><span style=\"text-decoration: underline;\"><strong>Relegation Verbandsliga S\u00fcd<\/strong> <\/span>(Quelle: HFV)<\/p>\n<table class=\"contenttable\" style=\"width: 100%; height: 230px;\">\n<tbody>\n<tr style=\"height: 23px;\">\n<td style=\"height: 23px;\"><b>Qualifikation Gr.A<\/b><\/td>\n<td style=\"height: 23px;\">\u00a0<\/td>\n<td style=\"height: 23px;\">\u00a0<\/td>\n<td style=\"height: 23px;\">\u00a0<\/td>\n<td style=\"height: 23px;\">\u00a0<\/td>\n<\/tr>\n<tr style=\"height: 23px;\">\n<td style=\"height: 23px;\" rowspan=\"1\">Mi. 04.06.25 19:00<\/td>\n<td style=\"height: 23px;\" rowspan=\"1\">VfR Fehlheim<\/td>\n<td style=\"height: 23px;\" rowspan=\"1\"><b>&#8211;<\/b><\/td>\n<td style=\"height: 23px;\" rowspan=\"1\">TS Ober-Roden<\/td>\n<td style=\"height: 23px;\">\u00a0<\/td>\n<\/tr>\n<tr style=\"height: 23px;\">\n<td style=\"height: 23px;\" rowspan=\"1\">Sa. 07.06.25 16:00<\/td>\n<td style=\"height: 23px;\" rowspan=\"1\">TS Ober-Roden<\/td>\n<td style=\"height: 23px;\" rowspan=\"1\"><b>&#8211;<\/b><\/td>\n<td style=\"height: 23px;\" rowspan=\"1\">VfR Fehlheim<\/td>\n<td style=\"height: 23px;\">\u00a0<\/td>\n<\/tr>\n<tr style=\"height: 23px;\">\n<td style=\"height: 23px;\" rowspan=\"1\">\u00a0<\/td>\n<td style=\"height: 23px;\" rowspan=\"1\">\u00a0<\/td>\n<td style=\"height: 23px;\" rowspan=\"1\">\u00a0<\/td>\n<td style=\"height: 23px;\" rowspan=\"1\">\u00a0<\/td>\n<td style=\"height: 23px;\">\u00a0<\/td>\n<\/tr>\n<tr style=\"height: 23px;\">\n<td style=\"height: 23px;\" rowspan=\"1\"><b>Qualifikation Gr.B<\/b><\/td>\n<td style=\"height: 23px;\" rowspan=\"1\">\u00a0<\/td>\n<td style=\"height: 23px;\" rowspan=\"1\">\u00a0<\/td>\n<td style=\"height: 23px;\" rowspan=\"1\">\u00a0<\/td>\n<td style=\"height: 23px;\">\u00a0<\/td>\n<\/tr>\n<tr style=\"height: 23px;\">\n<td style=\"height: 23px;\" rowspan=\"1\">Mi 04.06.25 19:00<\/td>\n<td style=\"height: 23px;\" rowspan=\"1\">T\u00fcrk G\u00fcc\u00fc Hanau \/ SG Bruchk\u00f6bel<\/td>\n<td style=\"height: 23px;\" rowspan=\"1\"><b>&#8211;<\/b><\/td>\n<td style=\"height: 23px;\" rowspan=\"1\">SV Neu-Anspach \/ FSV Friedrichsdorf<\/td>\n<td style=\"height: 23px;\">\u00a0<\/td>\n<\/tr>\n<tr style=\"height: 23px;\">\n<td style=\"height: 23px;\" rowspan=\"1\">Sa. 07.06.25 16:00<\/td>\n<td style=\"height: 23px;\" rowspan=\"1\">SV Neu-Anspach \/ FSV Friedrichsdorf<\/td>\n<td style=\"height: 23px;\" rowspan=\"1\"><b>&#8211;<\/b><\/td>\n<td style=\"height: 23px;\" rowspan=\"1\">T\u00fcrk G\u00fcc\u00fc Hanau \/ SG Bruchk\u00f6bel<\/td>\n<td style=\"height: 23px;\">\u00a0<\/td>\n<\/tr>\n<tr style=\"height: 23px;\">\n<td style=\"height: 23px;\" rowspan=\"1\">\u00a0<\/td>\n<td style=\"height: 23px;\" rowspan=\"1\">\u00a0<\/td>\n<td style=\"height: 23px;\" rowspan=\"1\">\u00a0<\/td>\n<td style=\"height: 23px;\" rowspan=\"1\">\u00a0<\/td>\n<td style=\"height: 23px;\">\u00a0<\/td>\n<\/tr>\n<tr style=\"height: 23px;\">\n<td style=\"height: 23px;\" rowspan=\"1\"><b>Verbleib\/Aufstieg<\/b><\/td>\n<td style=\"height: 23px;\" rowspan=\"1\"><b>neutraler Ort<br \/><\/b><\/td>\n<td style=\"height: 23px;\" rowspan=\"1\"><b>\u00a0<\/b><\/td>\n<td style=\"height: 23px;\" rowspan=\"1\"><b>\u00a0<\/b><\/td>\n<td style=\"height: 23px;\">\u00a0<\/td>\n<\/tr>\n<tr style=\"height: 23px;\">\n<td style=\"height: 23px;\" rowspan=\"1\">Mi. 11.06.25 19:00<\/td>\n<td style=\"height: 23px;\" rowspan=\"1\">Sieger Quali Gr.A<\/td>\n<td style=\"height: 23px;\" rowspan=\"1\">&#8211;<\/td>\n<td style=\"height: 23px;\" rowspan=\"1\">Sieger Quali Gr.B<\/td>\n<\/tr>\n<\/tbody>\n<\/table>\n<p><span style=\"text-decoration: underline;\"><strong>Relegation Gruppenliga Frankfurt West<\/strong><\/span> (Quelle HFV)<\/p>\n<table class=\"contenttable\" style=\"width: 100%; height: 229px;\">\n<tbody>\n<tr style=\"height: 22px;\">\n<td style=\"height: 22px; width: 37.1429%;\" valign=\"TOP\">Di. 03.06.25, 20:00 Uhr<\/td>\n<td style=\"height: 22px; width: 7.2619%;\">Sp.1<\/td>\n<td style=\"height: 22px; width: 25.7143%;\">VfL Germania 94<\/td>\n<td style=\"height: 22px; width: 2.14286%;\"><b>&#8211;<\/b><\/td>\n<td style=\"height: 22px; width: 26.4286%;\">DJK Spfr. Bad Homburg II<\/td>\n<\/tr>\n<tr style=\"height: 23px;\">\n<td style=\"height: 23px; width: 37.1429%;\" rowspan=\"1\" valign=\"TOP\">\u00a0<\/td>\n<td style=\"height: 23px; width: 7.2619%;\" rowspan=\"1\">\u00a0<\/td>\n<td style=\"height: 23px; width: 25.7143%;\" rowspan=\"1\"><i>Spielort:\u00a0 neutral<\/i><\/td>\n<td style=\"height: 23px; width: 2.14286%;\" rowspan=\"1\">\u00a0<\/td>\n<td style=\"height: 23px; width: 26.4286%;\" rowspan=\"1\">\u00a0<\/td>\n<\/tr>\n<tr style=\"height: 23px;\">\n<td style=\"height: 23px; width: 37.1429%;\" valign=\"TOP\">Di. 03.06.25, 20:00 Uhr<\/td>\n<td style=\"height: 23px; width: 7.2619%;\">Sp.2<\/td>\n<td style=\"height: 23px; width: 25.7143%;\">Spvgg. 05\/99 Bomber Bad Homburg<\/td>\n<td style=\"height: 23px; width: 2.14286%;\"><b><\/b><b>&#8211;<\/b><\/td>\n<td style=\"height: 23px; width: 26.4286%;\">FSG Burg-Gr\u00e4fenrode<\/td>\n<\/tr>\n<tr style=\"height: 23px;\">\n<td style=\"height: 23px; width: 37.1429%;\" rowspan=\"1\" valign=\"TOP\">\u00a0<\/td>\n<td style=\"height: 23px; width: 7.2619%;\" rowspan=\"1\">\u00a0<\/td>\n<td style=\"height: 23px; width: 25.7143%;\" rowspan=\"1\"><i>Spielort: neutral<\/i><\/td>\n<td style=\"height: 23px; width: 2.14286%;\" rowspan=\"1\">\u00a0<\/td>\n<td style=\"height: 23px; width: 26.4286%;\" rowspan=\"1\">\u00a0<\/td>\n<\/tr>\n<tr style=\"height: 23px;\">\n<td style=\"height: 23px; width: 37.1429%;\" rowspan=\"1\" valign=\"TOP\">\u00a0<\/td>\n<td style=\"height: 23px; width: 7.2619%;\" rowspan=\"1\">\u00a0<\/td>\n<td style=\"height: 23px; width: 25.7143%;\" rowspan=\"1\">\u00a0<\/td>\n<td style=\"height: 23px; width: 2.14286%;\" rowspan=\"1\">\u00a0<\/td>\n<td style=\"height: 23px; width: 26.4286%;\" rowspan=\"1\">\u00a0<\/td>\n<\/tr>\n<tr style=\"height: 23px;\">\n<td style=\"height: 23px; width: 37.1429%;\" valign=\"TOP\">Fr. 06.06.25, 20:00 Uhr<\/td>\n<td style=\"height: 23px; width: 7.2619%;\">Sp.3<\/td>\n<td style=\"height: 23px; width: 25.7143%;\">FSG Burg-Gr\u00e4fenrode<\/td>\n<td style=\"height: 23px; width: 2.14286%;\"><b>&#8211;<\/b><\/td>\n<td style=\"height: 23px; width: 26.4286%;\">VfL Germania 94<\/td>\n<\/tr>\n<tr style=\"height: 23px;\">\n<td style=\"height: 23px; width: 37.1429%;\" valign=\"TOP\">Fr. 06.06.25, 20:00 Uhr<\/td>\n<td style=\"height: 23px; width: 7.2619%;\">Sp.4<\/td>\n<td style=\"height: 23px; width: 25.7143%;\">Spvgg. 05\/99 Bomber Bad Homburg<\/td>\n<td style=\"height: 23px; width: 2.14286%;\"><b>&#8211;<br \/><\/b><\/td>\n<td style=\"height: 23px; width: 26.4286%;\">DJK Spfr. Bad Homburg II<\/td>\n<\/tr>\n<tr style=\"height: 23px;\">\n<td style=\"height: 23px; width: 37.1429%;\" rowspan=\"1\" valign=\"TOP\">\u00a0<\/td>\n<td style=\"height: 23px; width: 7.2619%;\" rowspan=\"1\">\u00a0<\/td>\n<td style=\"height: 23px; width: 25.7143%;\" rowspan=\"1\">\u00a0<\/td>\n<td style=\"height: 23px; width: 2.14286%;\" rowspan=\"1\">\u00a0<\/td>\n<td style=\"height: 23px; width: 26.4286%;\" rowspan=\"1\">\u00a0<\/td>\n<\/tr>\n<tr style=\"height: 23px;\">\n<td style=\"height: 23px; width: 37.1429%;\" valign=\"TOP\">Mo. 09.06.25, 15:00 Uhr<\/td>\n<td style=\"height: 23px; width: 7.2619%;\">Sp.5<\/td>\n<td style=\"height: 23px; width: 25.7143%;\">DJK Spfr. Bad Homburg II<\/td>\n<td style=\"height: 23px; width: 2.14286%;\"><b>&#8211;<\/b><\/td>\n<td style=\"height: 23px; width: 26.4286%;\">FSG Burg-Gr\u00e4fenrode<\/td>\n<\/tr>\n<tr style=\"height: 23px;\">\n<td style=\"height: 23px; width: 37.1429%;\" valign=\"TOP\">Mo. 09.06.25, 15:00 Uhr<\/td>\n<td style=\"height: 23px; width: 7.2619%;\">Sp.6<\/td>\n<td style=\"height: 23px; width: 25.7143%;\">VfL Germania 94<\/td>\n<td style=\"height: 23px; width: 2.14286%;\"><b>&#8211;<\/b><\/td>\n<td style=\"height: 23px; width: 26.4286%;\">Spvgg. 05\/99 Bomber Bad Homburg<\/td>\n<\/tr>\n<\/tbody>\n<\/table>\n<p>\u00a0<\/p>\n<p><span style=\"text-decoration: underline;\"><strong>Relegation Kreisoberliga Frankfurt <\/strong><\/span>(noch offen)<\/p>\n<ol>\n<li>Spieltag<\/li>\n<li>Spieltag<\/li>\n<li>Spieltag<\/li>\n<\/ol>\n<p><span style=\"text-decoration: underline;\"><strong>Relegation Kreisliga A Frankfurt<\/strong><\/span> (noch offen)<\/p>\n<ol>\n<li>Spieltag<\/li>\n<li>Spieltag<\/li>\n<li>Spieltag<\/li>\n<\/ol>\n<p><span style=\"text-decoration: underline;\"><strong>Relegation Kreisliga B Frankfurt<\/strong><\/span> (noch offen)<\/p>\n<ol>\n<li>Spieltag<\/li>\n<li>Spieltag<\/li>\n<li>Spieltag<\/li>\n<\/ol>\n<p>F\u00fcr die Relegation auf Ebene des Kreises Frankfurt gibt es diese Woche einen eigenen Bericht, unser Redakteur Pedro Acebes ist heute Abend dabei, wenn die Spiele ausgelost werden.<\/p>\n\n\n<p><\/p>\n","protected":false},"excerpt":{"rendered":"<p>Die Saison ist fast vorbei, doch die Relegationsspiele werfen schon ihre Schatten voraus. Wir dokumentieren einmal die Paarungen, wie sie Stand heute aussehen. Relegation LOTTO Hessenliga (Quelle HFV) Qualifikation Gr.A \u00a0 \u00a0 \u00a0 Di. 03.06.25 19:00 SG Bad Soden &#8211; VfB 1905 Marburg \/ 1.Hanauer FC Fr. 06.06.25 19:00 VfB 1905 Marburg \/ 1.Hanauer FC [&hellip;]<\/p>\n","protected":false},"author":3,"featured_media":25796,"comment_status":"closed","ping_status":"open","sticky":true,"template":"","format":"standard","meta":{"footnotes":""},"categories":[36],"tags":[],"class_list":["post-25789","post","type-post","status-publish","format-standard","has-post-thumbnail","hentry","category-relegation"],"_links":{"self":[{"href":"https:\/\/insideamateurfussball-ffm.de\/index.php?rest_route=\/wp\/v2\/posts\/25789","targetHints":{"allow":["GET"]}}],"collection":[{"href":"https:\/\/insideamateurfussball-ffm.de\/index.php?rest_route=\/wp\/v2\/posts"}],"about":[{"href":"https:\/\/insideamateurfussball-ffm.de\/index.php?rest_route=\/wp\/v2\/types\/post"}],"author":[{"embeddable":true,"href":"https:\/\/insideamateurfussball-ffm.de\/index.php?rest_route=\/wp\/v2\/users\/3"}],"replies":[{"embeddable":true,"href":"https:\/\/insideamateurfussball-ffm.de\/index.php?rest_route=%2Fwp%2Fv2%2Fcomments&post=25789"}],"version-history":[{"count":7,"href":"https:\/\/insideamateurfussball-ffm.de\/index.php?rest_route=\/wp\/v2\/posts\/25789\/revisions"}],"predecessor-version":[{"id":25825,"href":"https:\/\/insideamateurfussball-ffm.de\/index.php?rest_route=\/wp\/v2\/posts\/25789\/revisions\/25825"}],"wp:featuredmedia":[{"embeddable":true,"href":"https:\/\/insideamateurfussball-ffm.de\/index.php?rest_route=\/wp\/v2\/media\/25796"}],"wp:attachment":[{"href":"https:\/\/insideamateurfussball-ffm.de\/index.php?rest_route=%2Fwp%2Fv2%2Fmedia&parent=25789"}],"wp:term":[{"taxonomy":"category","embeddable":true,"href":"https:\/\/insideamateurfussball-ffm.de\/index.php?rest_route=%2Fwp%2Fv2%2Fcategories&post=25789"},{"taxonomy":"post_tag","embeddable":true,"href":"https:\/\/insideamateurfussball-ffm.de\/index.php?rest_route=%2Fwp%2Fv2%2Ftags&post=25789"}],"curies":[{"name":"wp","href":"https:\/\/api.w.org\/{rel}","templated":true}]}}