{"id":25782,"date":"2025-05-26T09:26:40","date_gmt":"2025-05-26T08:26:40","guid":{"rendered":"https:\/\/insideamateurfussball-ffm.de\/?p=25782"},"modified":"2025-05-26T09:26:40","modified_gmt":"2025-05-26T08:26:40","slug":"rw-holt-klassenerhalt-aus-eigener-kraft","status":"publish","type":"post","link":"https:\/\/insideamateurfussball-ffm.de\/?p=25782","title":{"rendered":"RW holt Klassenerhalt aus eigener Kraft"},"content":{"rendered":"<h4>Rot-Weiss Frankfurt schlug den Anw\u00e4rter auf den Relegationsplatz, die Spfrd. Seligenstadt, mit 5:2 und beseitigte letzte Zweifel am Klassenerhalt, w\u00e4hrend der Gegner weiterhin auf Platz 3 bleibt.<\/h4>\n<figure id=\"attachment_25786\" aria-describedby=\"caption-attachment-25786\" style=\"width: 2016px\" class=\"wp-caption alignnone\"><img loading=\"lazy\" decoding=\"async\" class=\"wp-image-25786 size-full\" src=\"http:\/\/insideamateurfussball-ffm.de\/wp-content\/uploads\/2025\/05\/rwseligenstadt03.jpg\" alt=\"\" width=\"2016\" height=\"1512\" srcset=\"https:\/\/insideamateurfussball-ffm.de\/wp-content\/uploads\/2025\/05\/rwseligenstadt03.jpg 2016w, https:\/\/insideamateurfussball-ffm.de\/wp-content\/uploads\/2025\/05\/rwseligenstadt03-300x225.jpg 300w, https:\/\/insideamateurfussball-ffm.de\/wp-content\/uploads\/2025\/05\/rwseligenstadt03-1024x768.jpg 1024w, https:\/\/insideamateurfussball-ffm.de\/wp-content\/uploads\/2025\/05\/rwseligenstadt03-768x576.jpg 768w, https:\/\/insideamateurfussball-ffm.de\/wp-content\/uploads\/2025\/05\/rwseligenstadt03-1536x1152.jpg 1536w\" sizes=\"auto, (max-width: 2016px) 100vw, 2016px\" \/><figcaption id=\"caption-attachment-25786\" class=\"wp-caption-text\">Die Rot-Weissen machten den Klassenerhalt endg\u00fcltig perfekt. Foto: MZ<\/figcaption><\/figure>\n<p><img loading=\"lazy\" decoding=\"async\" class=\"alignnone size-full wp-image-120\" src=\"http:\/\/insideamateurfussball-ffm.de\/wp-content\/uploads\/2022\/05\/rot-weiss.png\" alt=\"\" width=\"80\" height=\"70\" \/><img loading=\"lazy\" decoding=\"async\" class=\"alignnone size-full wp-image-2324\" src=\"http:\/\/insideamateurfussball-ffm.de\/wp-content\/uploads\/2022\/08\/Seligen.jpg\" alt=\"\" width=\"72\" height=\"80\" \/><\/p>\n<p>Rot-Weiss Frankfurt wollte den endg\u00fcltigen Klassenerhalt aus eigener Kraft erreichen und sich nicht auf Rechenspiele bzgl. des Abstiegs aus der Hessenliga verlassen, Gegner waren die Spfrd. Seligenstadt, die selbst noch auf Rang 2 und den damit verbundenen Relegationsplatz f\u00fcr den Aufstieg in die Hessenliga schielten. Es entwickelte sich ein hitziges Spiel, das sogar nach Spielschluss noch die Polizei auf den Plan rief.<\/p>\n<p>Ibo Cigdem setzte in dem Spiel auf eine sehr junge Mannschaft mit 4 A-Jugend-Spielern und keinem Spieler \u00fcber 30, im Tor stand der aus der U19 vom FC Eddersheim verpflichtete Erik Dejak. Die Gastgeber begannen druckvoll, in der 7.Minute schoss Alexander Koziolek knapp \u00fcber das Tor, aber nur drei Minuten sp\u00e4ter die F\u00fchrung f\u00fcr Rot-Weiss, ein St\u00fcrmer setzte sich resolut an der Grundlinie gegen einen Verteidiger durch und passte in die Mitte, wo Dino Bektas zum 1:0 vollenden konnte. Der ein Foul reklamierende Torwart der Seligenst\u00e4dter Ricardo D\u00f6bert bekam nach dem Tor die gelbe Karte, dies war der Anfang einer Gelborgie des Schiedsrichters, dem es die Spieler nicht leicht machten, weil jede seiner Entscheidungen mit Kommentaren versehen wurde.<\/p>\n<p>In der 14.Minute kamen die G\u00e4ste zum Ausgleich, Marvin Heinz war mit einem sehenswerten Schuss aus 20 Metern erfolgreich. Nur zwei Minuten sp\u00e4ter landete ein Schuss von Robin Weber nach Hereingabe von Heinz knapp neben dem Tor. Der weitere Verlauf der ersten H\u00e4lfte war gepr\u00e4gt von gelben Karten, hier ging Seligenstadt mit einer Bilanz von 5:1 in die Pause, 3 der Karten f\u00fcr die G\u00e4ste resultierten aus Meckern. In der 27.Minute hatte der Seligenst\u00e4dter Marco Fliges Gl\u00fcck, dass er bereits mit gelb vorbelastet nach einem Foul nicht die Ampelkarte sah. Im Spiel gelangen den Rot-Weissen in der ersten H\u00e4lfte noch zwei Tore, in der 39.Minute stand Alexander Koziolek in der Mitte frei und erzielte das 2:1, aufgrund der vielen Unterbrechungen mit zwei verletzungsbedingten Auswechslungen bei Rot-Weiss wurde vier Minuten nachgespielt, in der zweiten Minute der zus\u00e4tzlichen Zeit war es Koziolek, dessen Schuss noch von D\u00f6bert pariert wurde, im Nachschuss war Tim Frohne zum 3:1-Halbzeitstand erfolgreich.<\/p>\n<p>Seligenstadts Trainer Nico Wegmann war mit dem Schiedsrichter unzufrieden und sagte uns: \u201edu kannst ruhig schreiben, wie die Schiedsrichter mit ihren Fehlentscheidungen den Aufstiegskampf beeinflussen.\u201c In der zweiten Halbzeit folgte ein Sturmlauf der G\u00e4ste, die bereits fr\u00fch in der 53.Minute mit dem Anschlusstreffer belohnt wurden, Marco Filges traf aus 20 Metern zum 2:3. Die Gastgeber kamen selten aus der eigenen H\u00e4lfte, hatten aber in der 68.Minute eine Konterchance, doch Torwart D\u00f6bert konnte parieren.<\/p>\n<p>Von den Seligenst\u00e4dter Fans wurde von au\u00dfen viel Hektik ins Spiel gebracht, teilweise auch mit unsch\u00f6nen Zurufen, und der Schiedsrichter verteilte weiterhin eine Menge von gelben Karten, in der zweiten H\u00e4lfte im Verh\u00e4ltnis von 5:1 f\u00fcr Rot-Weiss, was RW-Trainer Cigdem in der 80.Minute zum Ausruf veranlasste, der Schiedsrichter solle \u201enicht einseitig pfeifen\u201c. In der 79.Minute verhinderte der Torwart der Gastgeber, Erik Dejak, mit einer Glanzparade den Ausgleich, und in der 84.Minute waren die Gastgeber mit einem Konter erfolgreich, nach einem sch\u00f6nen Doppelpass erzielte Lian Feridani aus 10 Metern das 4:2.<\/p>\n<p>Der Schiedsrichter zeigte eine 7-min\u00fctige Nachspielzeit an, in der einige der jungen RW-Spieler mit ihren Kr\u00e4ften am Ende waren und sich nach dem intensiven Spiel mit Wadenkr\u00e4mpfen plagten. In der zweiten Minute der Nachspielzeit erhielt der RW-Spieler Ersan Rovcanin die gelb-rote Karte, weil er sich nach einem Foulspiel beim Schiedsrichter beschwerte, obwohl dieser auf Freisto\u00df f\u00fcr Rot-Weiss entschieden hatte. \u00a0Der Schiedsrichter legte noch einige Minuten drauf, Torwart Dejak rettete die Gastgeber mit zwei starken Paraden innerhalb von 10 Sekunden vor dem Anschlusstreffer, und in der 10.Minute der Nachspielzeit erzielte Rot-Weiss das 5:2, nachdem Torwart D\u00f6bert den ersten Schuss noch parieren konnte, war Sinan Salih mit dem Nachschuss erfolgreich.<\/p>\n<p>Nach dem Abpfiff des Schiedsrichters gab es auf dem Platz noch eine Rudelbildung, was zu zwei weiteren gelben Karten f\u00fchrte, auch neben dem Platz waren einige aufgebrachte Seligenst\u00e4dter Fans nicht zu beruhigen, was unseren Informationen zufolge den Platzwart wohl dazu bewegte, die Polizei herbeizurufen, allerdings waren diese Probleme schon vor dem Eintreffen der Beamten erledigt.<\/p>\n<p>RW-Trainer Ibo Cigdem nach dem Spiel: \u201ewir sind hohes Risiko eingegangen mit dieser blutjungen Mannschaft, es waren 4 U19-Spieler auf dem Platz und f\u00fcnf &#8222;Zwei-F\u00fcnfer\u201c, j\u00fcnger geht es in einem Verbandsliga-Spiel gar nicht. Sie haben es sehr gut gemacht und hochverdient gewonnen, ein kr\u00f6nender Saisonabschluss. Wir wollten nicht viel mit dem Abstieg zu tun haben, es war jetzt auch nicht extrem dramatisch, wir hatten es immer in unserer eigenen Hand, dass wir nachlegen konnten. Jetzt kann man sich entspannen und in Ruhe die neue Saison vorbereiten.\u201c Am n\u00e4chsten Mittwoch d\u00fcrfen die Rot-Weissen noch beim Hessenliga-Aufsteiger SV Hummetroth antreten, w\u00e4hrend die Spfrd. Seligenstadt im Kampf um den 2.Platz am letzten Spieltag auf einen Ausrutscher vom SC Dortelweil hoffen m\u00fcssen.<\/p>\n<h4>Schiedsrichter: Nikolas Czypull (TSV 05 Reichenbach). Zuschauer: 100.<\/h4>\n<h4>Tore: 1:0 Dino Bektas (10.), 1:1 Marvin Heinz (14.), 2:1 Alexander Koziolek (39.), 3:1 Tim Frohne (45.+2), 3:2 Marco Filges (53.), 4:2 Lian Feridani (84.), 5:2 Sinan Salih (90.+10)<\/h4>\n\n\n<figure class=\"wp-block-image size-large\"><img loading=\"lazy\" decoding=\"async\" width=\"1024\" height=\"768\" src=\"http:\/\/insideamateurfussball-ffm.de\/wp-content\/uploads\/2025\/05\/rwseligenstadt00-1024x768.jpg\" alt=\"\" class=\"wp-image-25783\" srcset=\"https:\/\/insideamateurfussball-ffm.de\/wp-content\/uploads\/2025\/05\/rwseligenstadt00-1024x768.jpg 1024w, https:\/\/insideamateurfussball-ffm.de\/wp-content\/uploads\/2025\/05\/rwseligenstadt00-300x225.jpg 300w, https:\/\/insideamateurfussball-ffm.de\/wp-content\/uploads\/2025\/05\/rwseligenstadt00-768x576.jpg 768w, https:\/\/insideamateurfussball-ffm.de\/wp-content\/uploads\/2025\/05\/rwseligenstadt00-1536x1152.jpg 1536w, https:\/\/insideamateurfussball-ffm.de\/wp-content\/uploads\/2025\/05\/rwseligenstadt00.jpg 2016w\" sizes=\"auto, (max-width: 1024px) 100vw, 1024px\" \/><\/figure>\n\n\n\n<figure class=\"wp-block-image size-large\"><img loading=\"lazy\" decoding=\"async\" width=\"1024\" height=\"768\" src=\"http:\/\/insideamateurfussball-ffm.de\/wp-content\/uploads\/2025\/05\/rwseligenstadt01-1024x768.jpg\" alt=\"\" class=\"wp-image-25784\" srcset=\"https:\/\/insideamateurfussball-ffm.de\/wp-content\/uploads\/2025\/05\/rwseligenstadt01-1024x768.jpg 1024w, https:\/\/insideamateurfussball-ffm.de\/wp-content\/uploads\/2025\/05\/rwseligenstadt01-300x225.jpg 300w, https:\/\/insideamateurfussball-ffm.de\/wp-content\/uploads\/2025\/05\/rwseligenstadt01-768x576.jpg 768w, https:\/\/insideamateurfussball-ffm.de\/wp-content\/uploads\/2025\/05\/rwseligenstadt01-1536x1152.jpg 1536w, https:\/\/insideamateurfussball-ffm.de\/wp-content\/uploads\/2025\/05\/rwseligenstadt01.jpg 2016w\" sizes=\"auto, (max-width: 1024px) 100vw, 1024px\" \/><\/figure>\n\n\n\n<figure class=\"wp-block-image size-large\"><img loading=\"lazy\" decoding=\"async\" width=\"1024\" height=\"768\" src=\"http:\/\/insideamateurfussball-ffm.de\/wp-content\/uploads\/2025\/05\/rwseligenstadt02-1024x768.jpg\" alt=\"\" class=\"wp-image-25785\" srcset=\"https:\/\/insideamateurfussball-ffm.de\/wp-content\/uploads\/2025\/05\/rwseligenstadt02-1024x768.jpg 1024w, https:\/\/insideamateurfussball-ffm.de\/wp-content\/uploads\/2025\/05\/rwseligenstadt02-300x225.jpg 300w, https:\/\/insideamateurfussball-ffm.de\/wp-content\/uploads\/2025\/05\/rwseligenstadt02-768x576.jpg 768w, https:\/\/insideamateurfussball-ffm.de\/wp-content\/uploads\/2025\/05\/rwseligenstadt02-1536x1152.jpg 1536w, https:\/\/insideamateurfussball-ffm.de\/wp-content\/uploads\/2025\/05\/rwseligenstadt02.jpg 2016w\" sizes=\"auto, (max-width: 1024px) 100vw, 1024px\" \/><\/figure>\n","protected":false},"excerpt":{"rendered":"<p>Rot-Weiss Frankfurt schlug den Anw\u00e4rter auf den Relegationsplatz, die Spfrd. Seligenstadt, mit 5:2 und beseitigte letzte Zweifel am Klassenerhalt, w\u00e4hrend der Gegner weiterhin auf Platz 3 bleibt. Rot-Weiss Frankfurt wollte den endg\u00fcltigen Klassenerhalt aus eigener Kraft erreichen und sich nicht auf Rechenspiele bzgl. des Abstiegs aus der Hessenliga verlassen, Gegner waren die Spfrd. Seligenstadt, die [&hellip;]<\/p>\n","protected":false},"author":3,"featured_media":25786,"comment_status":"closed","ping_status":"open","sticky":true,"template":"","format":"standard","meta":{"footnotes":""},"categories":[10],"tags":[],"class_list":["post-25782","post","type-post","status-publish","format-standard","has-post-thumbnail","hentry","category-verbandsliga-sued"],"_links":{"self":[{"href":"https:\/\/insideamateurfussball-ffm.de\/index.php?rest_route=\/wp\/v2\/posts\/25782","targetHints":{"allow":["GET"]}}],"collection":[{"href":"https:\/\/insideamateurfussball-ffm.de\/index.php?rest_route=\/wp\/v2\/posts"}],"about":[{"href":"https:\/\/insideamateurfussball-ffm.de\/index.php?rest_route=\/wp\/v2\/types\/post"}],"author":[{"embeddable":true,"href":"https:\/\/insideamateurfussball-ffm.de\/index.php?rest_route=\/wp\/v2\/users\/3"}],"replies":[{"embeddable":true,"href":"https:\/\/insideamateurfussball-ffm.de\/index.php?rest_route=%2Fwp%2Fv2%2Fcomments&post=25782"}],"version-history":[{"count":2,"href":"https:\/\/insideamateurfussball-ffm.de\/index.php?rest_route=\/wp\/v2\/posts\/25782\/revisions"}],"predecessor-version":[{"id":25788,"href":"https:\/\/insideamateurfussball-ffm.de\/index.php?rest_route=\/wp\/v2\/posts\/25782\/revisions\/25788"}],"wp:featuredmedia":[{"embeddable":true,"href":"https:\/\/insideamateurfussball-ffm.de\/index.php?rest_route=\/wp\/v2\/media\/25786"}],"wp:attachment":[{"href":"https:\/\/insideamateurfussball-ffm.de\/index.php?rest_route=%2Fwp%2Fv2%2Fmedia&parent=25782"}],"wp:term":[{"taxonomy":"category","embeddable":true,"href":"https:\/\/insideamateurfussball-ffm.de\/index.php?rest_route=%2Fwp%2Fv2%2Fcategories&post=25782"},{"taxonomy":"post_tag","embeddable":true,"href":"https:\/\/insideamateurfussball-ffm.de\/index.php?rest_route=%2Fwp%2Fv2%2Ftags&post=25782"}],"curies":[{"name":"wp","href":"https:\/\/api.w.org\/{rel}","templated":true}]}}