{"id":25779,"date":"2025-05-25T22:15:10","date_gmt":"2025-05-25T21:15:10","guid":{"rendered":"https:\/\/insideamateurfussball-ffm.de\/?p=25779"},"modified":"2025-05-25T22:15:47","modified_gmt":"2025-05-25T21:15:47","slug":"echter-coup-maik-rudolf-zum-fc-gudesding","status":"publish","type":"post","link":"https:\/\/insideamateurfussball-ffm.de\/?p=25779","title":{"rendered":"Echter Coup! Maik Rudolf zum FC Gudesding"},"content":{"rendered":"<h4>Der am letzten Spieltag spielfreie Tabellensiebte der Kreisoberliga FC Gudesding vermeldet in einer Pressemitteilung die Verpflichtung von Trainer Maik Rudolf vom benachbarten Verbandsligisten SG Bornheim\/Gr\u00fcn-Wei\u00df.<\/h4>\n<figure id=\"attachment_20930\" aria-describedby=\"caption-attachment-20930\" style=\"width: 1063px\" class=\"wp-caption alignnone\"><img loading=\"lazy\" decoding=\"async\" class=\"wp-image-20930 size-full\" src=\"http:\/\/insideamateurfussball-ffm.de\/wp-content\/uploads\/2024\/09\/rudolf.jpg\" alt=\"\" width=\"1063\" height=\"865\" srcset=\"https:\/\/insideamateurfussball-ffm.de\/wp-content\/uploads\/2024\/09\/rudolf.jpg 1063w, https:\/\/insideamateurfussball-ffm.de\/wp-content\/uploads\/2024\/09\/rudolf-300x244.jpg 300w, https:\/\/insideamateurfussball-ffm.de\/wp-content\/uploads\/2024\/09\/rudolf-1024x833.jpg 1024w, https:\/\/insideamateurfussball-ffm.de\/wp-content\/uploads\/2024\/09\/rudolf-768x625.jpg 768w\" sizes=\"auto, (max-width: 1063px) 100vw, 1063px\" \/><figcaption id=\"caption-attachment-20930\" class=\"wp-caption-text\">Maik Rudolf sitzt k\u00fcnftig im Ostpark auf der Bank. Foto: Archiv Andre Sturmeit.<\/figcaption><\/figure>\n<p><img loading=\"lazy\" decoding=\"async\" class=\"alignnone size-full wp-image-10\" src=\"http:\/\/insideamateurfussball-ffm.de\/wp-content\/uploads\/2021\/11\/Gudesding.jpg\" alt=\"\" width=\"64\" height=\"80\" \/><\/p>\n<p>Mit der Verpflichtung des bisherigen Trainers der SG Bornheim\/Gr\u00fcn-Wei\u00df Maik Rudolf ist dem Kreisoberligisten FC Gudesding ein echter Coup gelungen. Nachdem Bela Cohn-Bendit und Paul Weiss die &#8222;Guden&#8220; am Ende der Hinrunde auf einem Abstiegsplatz \u00fcbernommen und schlie\u00dflich auf den siebten Platz gef\u00fchrt haben, treten die beiden Trainer nach dem Erreichen ihrer Ziele zum Saisonende zur\u00fcck.<\/p>\n<p>Mit Rudolf kommt nun ein h\u00f6chst erfolgreicher, \u00fcber den Fu\u00dfballkreis Frankfurt hinaus bekannter und beliebter Trainer zu den &#8222;Guden&#8220; in den Ostpark, die sich von seiner Arbeit viel versprechen.<\/p>\n<blockquote>\n<h4>&#8222;Legende&#8220; Luca Spessot Co-Trainer<\/h4>\n<\/blockquote>\n<p>Rudolf best\u00e4tigte: &#8222;Warum Gudesding? Verein, Personen, Kader, das Drumherum. Hier ist etwas Tolles entstanden mit viel Entwicklungspotential. Ich freue mich auf eine geile Zeit.\u201c Als Co-Trainer fungiert ab dem 1. Juli Luca Spessot, als Spieler und Coach eine Legende des FC Gudesding.<\/p>\n<p>\u201eDieses \u00fcberaus starke Team wird uns weiterentwickeln\u201c, so Cohn-Bendit und Weiss, die an der Verpflichtung von Rudolf wesentlich mitgewirkt haben.<\/p>\n","protected":false},"excerpt":{"rendered":"<p>Der am letzten Spieltag spielfreie Tabellensiebte der Kreisoberliga FC Gudesding vermeldet in einer Pressemitteilung die Verpflichtung von Trainer Maik Rudolf vom benachbarten Verbandsligisten SG Bornheim\/Gr\u00fcn-Wei\u00df. Mit der Verpflichtung des bisherigen Trainers der SG Bornheim\/Gr\u00fcn-Wei\u00df Maik Rudolf ist dem Kreisoberligisten FC Gudesding ein echter Coup gelungen. Nachdem Bela Cohn-Bendit und Paul Weiss die &#8222;Guden&#8220; am Ende [&hellip;]<\/p>\n","protected":false},"author":1,"featured_media":20930,"comment_status":"closed","ping_status":"closed","sticky":true,"template":"","format":"standard","meta":{"footnotes":""},"categories":[2],"tags":[],"class_list":["post-25779","post","type-post","status-publish","format-standard","has-post-thumbnail","hentry","category-kreisoberliga-frankfurt"],"_links":{"self":[{"href":"https:\/\/insideamateurfussball-ffm.de\/index.php?rest_route=\/wp\/v2\/posts\/25779","targetHints":{"allow":["GET"]}}],"collection":[{"href":"https:\/\/insideamateurfussball-ffm.de\/index.php?rest_route=\/wp\/v2\/posts"}],"about":[{"href":"https:\/\/insideamateurfussball-ffm.de\/index.php?rest_route=\/wp\/v2\/types\/post"}],"author":[{"embeddable":true,"href":"https:\/\/insideamateurfussball-ffm.de\/index.php?rest_route=\/wp\/v2\/users\/1"}],"replies":[{"embeddable":true,"href":"https:\/\/insideamateurfussball-ffm.de\/index.php?rest_route=%2Fwp%2Fv2%2Fcomments&post=25779"}],"version-history":[{"count":2,"href":"https:\/\/insideamateurfussball-ffm.de\/index.php?rest_route=\/wp\/v2\/posts\/25779\/revisions"}],"predecessor-version":[{"id":25781,"href":"https:\/\/insideamateurfussball-ffm.de\/index.php?rest_route=\/wp\/v2\/posts\/25779\/revisions\/25781"}],"wp:featuredmedia":[{"embeddable":true,"href":"https:\/\/insideamateurfussball-ffm.de\/index.php?rest_route=\/wp\/v2\/media\/20930"}],"wp:attachment":[{"href":"https:\/\/insideamateurfussball-ffm.de\/index.php?rest_route=%2Fwp%2Fv2%2Fmedia&parent=25779"}],"wp:term":[{"taxonomy":"category","embeddable":true,"href":"https:\/\/insideamateurfussball-ffm.de\/index.php?rest_route=%2Fwp%2Fv2%2Fcategories&post=25779"},{"taxonomy":"post_tag","embeddable":true,"href":"https:\/\/insideamateurfussball-ffm.de\/index.php?rest_route=%2Fwp%2Fv2%2Ftags&post=25779"}],"curies":[{"name":"wp","href":"https:\/\/api.w.org\/{rel}","templated":true}]}}