{"id":25759,"date":"2025-05-25T11:43:29","date_gmt":"2025-05-25T10:43:29","guid":{"rendered":"https:\/\/insideamateurfussball-ffm.de\/?p=25759"},"modified":"2025-05-25T22:07:53","modified_gmt":"2025-05-25T21:07:53","slug":"bornheim-muss-weiter-zittern","status":"publish","type":"post","link":"https:\/\/insideamateurfussball-ffm.de\/?p=25759","title":{"rendered":"Bornheim trotz 0:2-Niederlage gesichert"},"content":{"rendered":"<h4>Durch die 0:2-Niederlage beim 1. FCA Darmstadt konnte die SG Bornheim\/Gr\u00fcn-Wei\u00df am Samstag den Klassenerhalt noch nicht perfekt machen, man war immer noch von den Ergebnissen der Hessenliga am Sonntag abh\u00e4ngig, ob der derzeitige Tabellenplatz noch die Relegation bedeutet. Am Sonntagabend waren dann aber die letzten Restzweifel beseitigt.\u00a0<\/h4>\n<figure id=\"attachment_25761\" aria-describedby=\"caption-attachment-25761\" style=\"width: 2560px\" class=\"wp-caption alignnone\"><img loading=\"lazy\" decoding=\"async\" class=\"wp-image-25761 size-full\" src=\"http:\/\/insideamateurfussball-ffm.de\/wp-content\/uploads\/2025\/05\/FCA04DA-SGB_250524-101-scaled.jpg\" alt=\"\" width=\"2560\" height=\"1707\" srcset=\"https:\/\/insideamateurfussball-ffm.de\/wp-content\/uploads\/2025\/05\/FCA04DA-SGB_250524-101-scaled.jpg 2560w, https:\/\/insideamateurfussball-ffm.de\/wp-content\/uploads\/2025\/05\/FCA04DA-SGB_250524-101-300x200.jpg 300w, https:\/\/insideamateurfussball-ffm.de\/wp-content\/uploads\/2025\/05\/FCA04DA-SGB_250524-101-1024x683.jpg 1024w, https:\/\/insideamateurfussball-ffm.de\/wp-content\/uploads\/2025\/05\/FCA04DA-SGB_250524-101-768x512.jpg 768w, https:\/\/insideamateurfussball-ffm.de\/wp-content\/uploads\/2025\/05\/FCA04DA-SGB_250524-101-1536x1024.jpg 1536w, https:\/\/insideamateurfussball-ffm.de\/wp-content\/uploads\/2025\/05\/FCA04DA-SGB_250524-101-2048x1365.jpg 2048w\" sizes=\"auto, (max-width: 2560px) 100vw, 2560px\" \/><figcaption id=\"caption-attachment-25761\" class=\"wp-caption-text\">Die Kapit\u00e4ne Victor Vinicius Silva de Oliveira und Patrick Albert bei der Platzwahl. Foto: Andre Sturmeit<\/figcaption><\/figure>\n<h4>1.FCA Darmstadt &#8211; SG Bornheim\/Gr\u00fcn-Wei\u00df 2:0 (0:0)<\/h4>\n<p><img loading=\"lazy\" decoding=\"async\" class=\"alignnone size-full wp-image-10166\" src=\"http:\/\/insideamateurfussball-ffm.de\/wp-content\/uploads\/2023\/06\/FCADA.jpg\" alt=\"\" width=\"78\" height=\"80\" \/><img loading=\"lazy\" decoding=\"async\" class=\"alignnone size-full wp-image-119\" src=\"http:\/\/insideamateurfussball-ffm.de\/wp-content\/uploads\/2022\/05\/Bornheim.jpg\" alt=\"\" width=\"80\" height=\"80\" \/><\/p>\n<p>Die SG Bornheim\/Gr\u00fcn-Wei\u00df nahm nach vier Siegen in Folge viel Selbstvertrauen zum Spiel zum 1.FCA Darmstadt mit und konnte den Gegner bei einem eigenen Sieg sogar in der Tabelle \u00fcberholen, am Ende musste man sich aber 0:2 geschlagen geben, obwohl in dem Spiel mehr drin gewesen war. In der ersten Halbzeit war es ein Kampfspiel ohne viele Chancen, ein Freisto\u00df von Bornheims Aaron Neu in der 18.Minute ging knapp neben das Tor. Es bleib bis zur Pause beim leistungsgerechten 0:0.<\/p>\n<p>Die zweite Halbzeit brachte deutlich mehr Chancen auf beiden Seiten, in der 49. Minute verfehlte ein Darmst\u00e4dter St\u00fcrmer das Tor nur knapp. In der 53.Minute eine gro\u00dfe Chance auf der Gegenseite, eine Hereingabe verpasst in der Mitte Bilal Zerouali und am langen Pfosten schoss Luan Beqiri weit am Tor vorbei. Dann leiteten die Bornheimer das Gegentor durch einen Ballverlust im Mittelfeld selbst ein, die Darmst\u00e4dter eroberten den Ball und spielten schnell durch die Mitte, Vinicius Miranda de Oliveira erzielte frei vor Torh\u00fcter Gianluca Colombo die 1:0-F\u00fchrung f\u00fcr die Gastgeber in der 56.Minute.<\/p>\n<p>Trainer Maik Rudolf wechselte und brachte mit Hicham Boujerad und Jassine Sekkali zwei frische Offensivkr\u00e4fte, doch in der Offensive blieben die Bornheimer nicht effektiv. In der 70.Minute scheiterte Boujerad mit einem Schuss aus 14 Metern am gegnerischen Torh\u00fcter, danach waren die Bornheimer sogar in \u00dcberzahl, da der erst zur Halbzeit eingewechselte Mahmut Zeyrek in der 78.Minute nach einem Foulspiel im Mittelfeld mit der Gelb-roten Karte den Platz verlassen musste.<\/p>\n<p>Hicham Boujerad in der 89.Minute und Aaron Neu in der ersten Minute der Nachspielzeit verpassten dann nach gro\u00dfen Chancen den Ausgleich, in der sechsten Minute der Nachspielzeit lief bei einem Konter Victor Vinicius Silva de Oliveira alleine aufs Bornheimer Tor und wurde von Colombo elfmeterreif gestoppt, den f\u00e4lligen Strafsto\u00df verwandelte der Gefoulte selbst zum 2:0-Endstand. Der Schiedsrichter pfiff nach dem Tor das Spiel sofort ab.<\/p>\n<p>Trainer Maik Rudolf zum Spiel: \u201eIch bin der Meinung, es war deutlich mehr drin, die Chancen waren da, in den letzten Wochen haben wir diese klarer und zielstrebiger genutzt. Trotzdem, auch mit dieser \u00dcberzahl, wir haben diese Chancen herausgespielt, wir haben gesehen, die Jungens wollen. Es war kein sch\u00f6nes Spiel von uns, aber der Wille war da, das Kontertor zum Schluss, das passiert und f\u00e4llt nicht mehr ins Gewicht. Wichtig ist, dass wir die Chancen hatten, aber diesmal nicht genutzt haben, von daher d\u00fcrfen die Jungs den Kopf oben behalten, und jetzt gucken wir mal, was aus der Hessenliga runterkommt.\u201c<\/p>\n<p>Nur bei zwei Absteigern mit dem 1. Hanauer FC und dem SV Unter-Flockenbach aus der Hessenliga w\u00e4re der derzeitige Tabellenplatz die Relegation. Durch den Hanauer Sieg in Stadtallendorf stellte sich die Situation besser dar, und da der FSV Wolfhagen am Sonntag in Walldorf verlor, war der Klassenerhalt f\u00fcr Bornheim bereits perfekt. Die Mannschaft spielt am Mittwoch im letzten Saisonspiel gegen den Absteiger 1.FC 1906 Erlensee (19.30 Uhr).\u00a0<\/p>\n<h4>Schiedsrichter: Fynn Felix Walter (SV Wiesbaden). Zuschauer: 60.<\/h4>\n<h4>Tore: 1:0 Vinicius Miranda de Oliveira (56.), 2:0 Victor Vinicius Silva de Oliveira (90.+6, Elfmeter)<\/h4>\n<blockquote>\n<h4>Die Fotos verdanken wir wieder Andre Sturmeit.<\/h4>\n<\/blockquote>\n\n\n<figure class=\"wp-block-image size-large\"><img loading=\"lazy\" decoding=\"async\" width=\"1024\" height=\"683\" src=\"http:\/\/insideamateurfussball-ffm.de\/wp-content\/uploads\/2025\/05\/FCA04DA-SGB_250524-51-1024x683.jpg\" alt=\"\" class=\"wp-image-25760\" srcset=\"https:\/\/insideamateurfussball-ffm.de\/wp-content\/uploads\/2025\/05\/FCA04DA-SGB_250524-51-1024x683.jpg 1024w, https:\/\/insideamateurfussball-ffm.de\/wp-content\/uploads\/2025\/05\/FCA04DA-SGB_250524-51-300x200.jpg 300w, https:\/\/insideamateurfussball-ffm.de\/wp-content\/uploads\/2025\/05\/FCA04DA-SGB_250524-51-768x512.jpg 768w, https:\/\/insideamateurfussball-ffm.de\/wp-content\/uploads\/2025\/05\/FCA04DA-SGB_250524-51-1536x1024.jpg 1536w, https:\/\/insideamateurfussball-ffm.de\/wp-content\/uploads\/2025\/05\/FCA04DA-SGB_250524-51-2048x1365.jpg 2048w\" sizes=\"auto, (max-width: 1024px) 100vw, 1024px\" \/><\/figure>\n\n\n\n<figure class=\"wp-block-image size-large\"><img loading=\"lazy\" decoding=\"async\" width=\"1024\" height=\"683\" src=\"http:\/\/insideamateurfussball-ffm.de\/wp-content\/uploads\/2025\/05\/FCA04DA-SGB_250524-133-1024x683.jpg\" alt=\"\" class=\"wp-image-25762\" srcset=\"https:\/\/insideamateurfussball-ffm.de\/wp-content\/uploads\/2025\/05\/FCA04DA-SGB_250524-133-1024x683.jpg 1024w, https:\/\/insideamateurfussball-ffm.de\/wp-content\/uploads\/2025\/05\/FCA04DA-SGB_250524-133-300x200.jpg 300w, https:\/\/insideamateurfussball-ffm.de\/wp-content\/uploads\/2025\/05\/FCA04DA-SGB_250524-133-768x512.jpg 768w, https:\/\/insideamateurfussball-ffm.de\/wp-content\/uploads\/2025\/05\/FCA04DA-SGB_250524-133-1536x1024.jpg 1536w, https:\/\/insideamateurfussball-ffm.de\/wp-content\/uploads\/2025\/05\/FCA04DA-SGB_250524-133-2048x1365.jpg 2048w\" sizes=\"auto, (max-width: 1024px) 100vw, 1024px\" \/><\/figure>\n\n\n\n<figure class=\"wp-block-image size-large\"><img loading=\"lazy\" decoding=\"async\" width=\"1024\" height=\"683\" src=\"http:\/\/insideamateurfussball-ffm.de\/wp-content\/uploads\/2025\/05\/FCA04DA-SGB_250524-136-1024x683.jpg\" alt=\"\" class=\"wp-image-25763\" srcset=\"https:\/\/insideamateurfussball-ffm.de\/wp-content\/uploads\/2025\/05\/FCA04DA-SGB_250524-136-1024x683.jpg 1024w, https:\/\/insideamateurfussball-ffm.de\/wp-content\/uploads\/2025\/05\/FCA04DA-SGB_250524-136-300x200.jpg 300w, https:\/\/insideamateurfussball-ffm.de\/wp-content\/uploads\/2025\/05\/FCA04DA-SGB_250524-136-768x512.jpg 768w, https:\/\/insideamateurfussball-ffm.de\/wp-content\/uploads\/2025\/05\/FCA04DA-SGB_250524-136-1536x1024.jpg 1536w, https:\/\/insideamateurfussball-ffm.de\/wp-content\/uploads\/2025\/05\/FCA04DA-SGB_250524-136-2048x1365.jpg 2048w\" sizes=\"auto, (max-width: 1024px) 100vw, 1024px\" \/><\/figure>\n\n\n\n<figure class=\"wp-block-image size-large\"><img loading=\"lazy\" decoding=\"async\" width=\"1024\" height=\"683\" src=\"http:\/\/insideamateurfussball-ffm.de\/wp-content\/uploads\/2025\/05\/FCA04DA-SGB_250524-140-1024x683.jpg\" alt=\"\" class=\"wp-image-25764\" srcset=\"https:\/\/insideamateurfussball-ffm.de\/wp-content\/uploads\/2025\/05\/FCA04DA-SGB_250524-140-1024x683.jpg 1024w, https:\/\/insideamateurfussball-ffm.de\/wp-content\/uploads\/2025\/05\/FCA04DA-SGB_250524-140-300x200.jpg 300w, https:\/\/insideamateurfussball-ffm.de\/wp-content\/uploads\/2025\/05\/FCA04DA-SGB_250524-140-768x512.jpg 768w, https:\/\/insideamateurfussball-ffm.de\/wp-content\/uploads\/2025\/05\/FCA04DA-SGB_250524-140-1536x1024.jpg 1536w, https:\/\/insideamateurfussball-ffm.de\/wp-content\/uploads\/2025\/05\/FCA04DA-SGB_250524-140-2048x1365.jpg 2048w\" sizes=\"auto, (max-width: 1024px) 100vw, 1024px\" \/><\/figure>\n\n\n\n<figure class=\"wp-block-image size-large\"><img loading=\"lazy\" decoding=\"async\" width=\"1024\" height=\"682\" src=\"http:\/\/insideamateurfussball-ffm.de\/wp-content\/uploads\/2025\/05\/FCA04DA-SGB_250524-196-1024x682.jpg\" alt=\"\" class=\"wp-image-25765\" srcset=\"https:\/\/insideamateurfussball-ffm.de\/wp-content\/uploads\/2025\/05\/FCA04DA-SGB_250524-196-1024x682.jpg 1024w, https:\/\/insideamateurfussball-ffm.de\/wp-content\/uploads\/2025\/05\/FCA04DA-SGB_250524-196-300x200.jpg 300w, https:\/\/insideamateurfussball-ffm.de\/wp-content\/uploads\/2025\/05\/FCA04DA-SGB_250524-196-768x512.jpg 768w, https:\/\/insideamateurfussball-ffm.de\/wp-content\/uploads\/2025\/05\/FCA04DA-SGB_250524-196-1536x1024.jpg 1536w, https:\/\/insideamateurfussball-ffm.de\/wp-content\/uploads\/2025\/05\/FCA04DA-SGB_250524-196-2048x1365.jpg 2048w\" sizes=\"auto, (max-width: 1024px) 100vw, 1024px\" \/><\/figure>\n\n\n\n<figure class=\"wp-block-image size-large\"><img loading=\"lazy\" decoding=\"async\" width=\"1024\" height=\"683\" src=\"http:\/\/insideamateurfussball-ffm.de\/wp-content\/uploads\/2025\/05\/FCA04DA-SGB_250524-200-1024x683.jpg\" alt=\"\" class=\"wp-image-25766\" srcset=\"https:\/\/insideamateurfussball-ffm.de\/wp-content\/uploads\/2025\/05\/FCA04DA-SGB_250524-200-1024x683.jpg 1024w, https:\/\/insideamateurfussball-ffm.de\/wp-content\/uploads\/2025\/05\/FCA04DA-SGB_250524-200-300x200.jpg 300w, https:\/\/insideamateurfussball-ffm.de\/wp-content\/uploads\/2025\/05\/FCA04DA-SGB_250524-200-768x512.jpg 768w, https:\/\/insideamateurfussball-ffm.de\/wp-content\/uploads\/2025\/05\/FCA04DA-SGB_250524-200-1536x1024.jpg 1536w, https:\/\/insideamateurfussball-ffm.de\/wp-content\/uploads\/2025\/05\/FCA04DA-SGB_250524-200-2048x1365.jpg 2048w\" sizes=\"auto, (max-width: 1024px) 100vw, 1024px\" \/><\/figure>\n\n\n\n<figure class=\"wp-block-image size-large\"><img loading=\"lazy\" decoding=\"async\" width=\"1024\" height=\"683\" src=\"http:\/\/insideamateurfussball-ffm.de\/wp-content\/uploads\/2025\/05\/FCA04DA-SGB_250524-315-1024x683.jpg\" alt=\"\" class=\"wp-image-25767\" srcset=\"https:\/\/insideamateurfussball-ffm.de\/wp-content\/uploads\/2025\/05\/FCA04DA-SGB_250524-315-1024x683.jpg 1024w, https:\/\/insideamateurfussball-ffm.de\/wp-content\/uploads\/2025\/05\/FCA04DA-SGB_250524-315-300x200.jpg 300w, https:\/\/insideamateurfussball-ffm.de\/wp-content\/uploads\/2025\/05\/FCA04DA-SGB_250524-315-768x512.jpg 768w, https:\/\/insideamateurfussball-ffm.de\/wp-content\/uploads\/2025\/05\/FCA04DA-SGB_250524-315-1536x1024.jpg 1536w, https:\/\/insideamateurfussball-ffm.de\/wp-content\/uploads\/2025\/05\/FCA04DA-SGB_250524-315-2048x1365.jpg 2048w\" sizes=\"auto, (max-width: 1024px) 100vw, 1024px\" \/><\/figure>\n\n\n\n<figure class=\"wp-block-image size-large\"><img loading=\"lazy\" decoding=\"async\" width=\"1024\" height=\"683\" src=\"http:\/\/insideamateurfussball-ffm.de\/wp-content\/uploads\/2025\/05\/FCA04DA-SGB_250524-327-1024x683.jpg\" alt=\"\" class=\"wp-image-25768\" srcset=\"https:\/\/insideamateurfussball-ffm.de\/wp-content\/uploads\/2025\/05\/FCA04DA-SGB_250524-327-1024x683.jpg 1024w, https:\/\/insideamateurfussball-ffm.de\/wp-content\/uploads\/2025\/05\/FCA04DA-SGB_250524-327-300x200.jpg 300w, https:\/\/insideamateurfussball-ffm.de\/wp-content\/uploads\/2025\/05\/FCA04DA-SGB_250524-327-768x512.jpg 768w, https:\/\/insideamateurfussball-ffm.de\/wp-content\/uploads\/2025\/05\/FCA04DA-SGB_250524-327-1536x1024.jpg 1536w, https:\/\/insideamateurfussball-ffm.de\/wp-content\/uploads\/2025\/05\/FCA04DA-SGB_250524-327-2048x1365.jpg 2048w\" sizes=\"auto, (max-width: 1024px) 100vw, 1024px\" \/><\/figure>\n\n\n\n<figure class=\"wp-block-image size-large\"><img loading=\"lazy\" decoding=\"async\" width=\"1024\" height=\"683\" src=\"http:\/\/insideamateurfussball-ffm.de\/wp-content\/uploads\/2025\/05\/FCA04DA-SGB_250524-368-1024x683.jpg\" alt=\"\" class=\"wp-image-25769\" srcset=\"https:\/\/insideamateurfussball-ffm.de\/wp-content\/uploads\/2025\/05\/FCA04DA-SGB_250524-368-1024x683.jpg 1024w, https:\/\/insideamateurfussball-ffm.de\/wp-content\/uploads\/2025\/05\/FCA04DA-SGB_250524-368-300x200.jpg 300w, https:\/\/insideamateurfussball-ffm.de\/wp-content\/uploads\/2025\/05\/FCA04DA-SGB_250524-368-768x512.jpg 768w, https:\/\/insideamateurfussball-ffm.de\/wp-content\/uploads\/2025\/05\/FCA04DA-SGB_250524-368-1536x1024.jpg 1536w, https:\/\/insideamateurfussball-ffm.de\/wp-content\/uploads\/2025\/05\/FCA04DA-SGB_250524-368-2048x1365.jpg 2048w\" sizes=\"auto, (max-width: 1024px) 100vw, 1024px\" \/><\/figure>\n\n\n\n<figure class=\"wp-block-image size-large\"><img loading=\"lazy\" decoding=\"async\" width=\"1024\" height=\"683\" src=\"http:\/\/insideamateurfussball-ffm.de\/wp-content\/uploads\/2025\/05\/FCA04DA-SGB_250524-553-1024x683.jpg\" alt=\"\" class=\"wp-image-25770\" srcset=\"https:\/\/insideamateurfussball-ffm.de\/wp-content\/uploads\/2025\/05\/FCA04DA-SGB_250524-553-1024x683.jpg 1024w, https:\/\/insideamateurfussball-ffm.de\/wp-content\/uploads\/2025\/05\/FCA04DA-SGB_250524-553-300x200.jpg 300w, https:\/\/insideamateurfussball-ffm.de\/wp-content\/uploads\/2025\/05\/FCA04DA-SGB_250524-553-768x512.jpg 768w, https:\/\/insideamateurfussball-ffm.de\/wp-content\/uploads\/2025\/05\/FCA04DA-SGB_250524-553-1536x1024.jpg 1536w, https:\/\/insideamateurfussball-ffm.de\/wp-content\/uploads\/2025\/05\/FCA04DA-SGB_250524-553-2048x1365.jpg 2048w\" sizes=\"auto, (max-width: 1024px) 100vw, 1024px\" \/><\/figure>\n\n\n\n<figure class=\"wp-block-image size-large\"><img loading=\"lazy\" decoding=\"async\" width=\"1024\" height=\"683\" src=\"http:\/\/insideamateurfussball-ffm.de\/wp-content\/uploads\/2025\/05\/FCA04DA-SGB_250524-690-1024x683.jpg\" alt=\"\" class=\"wp-image-25771\" srcset=\"https:\/\/insideamateurfussball-ffm.de\/wp-content\/uploads\/2025\/05\/FCA04DA-SGB_250524-690-1024x683.jpg 1024w, https:\/\/insideamateurfussball-ffm.de\/wp-content\/uploads\/2025\/05\/FCA04DA-SGB_250524-690-300x200.jpg 300w, https:\/\/insideamateurfussball-ffm.de\/wp-content\/uploads\/2025\/05\/FCA04DA-SGB_250524-690-768x512.jpg 768w, https:\/\/insideamateurfussball-ffm.de\/wp-content\/uploads\/2025\/05\/FCA04DA-SGB_250524-690-1536x1024.jpg 1536w, https:\/\/insideamateurfussball-ffm.de\/wp-content\/uploads\/2025\/05\/FCA04DA-SGB_250524-690-2048x1365.jpg 2048w\" sizes=\"auto, (max-width: 1024px) 100vw, 1024px\" \/><\/figure>\n\n\n\n<figure class=\"wp-block-image size-large\"><img loading=\"lazy\" decoding=\"async\" width=\"1024\" height=\"683\" src=\"http:\/\/insideamateurfussball-ffm.de\/wp-content\/uploads\/2025\/05\/FCA04DA-SGB_250524-791-1024x683.jpg\" alt=\"\" class=\"wp-image-25772\" srcset=\"https:\/\/insideamateurfussball-ffm.de\/wp-content\/uploads\/2025\/05\/FCA04DA-SGB_250524-791-1024x683.jpg 1024w, https:\/\/insideamateurfussball-ffm.de\/wp-content\/uploads\/2025\/05\/FCA04DA-SGB_250524-791-300x200.jpg 300w, https:\/\/insideamateurfussball-ffm.de\/wp-content\/uploads\/2025\/05\/FCA04DA-SGB_250524-791-768x512.jpg 768w, https:\/\/insideamateurfussball-ffm.de\/wp-content\/uploads\/2025\/05\/FCA04DA-SGB_250524-791-1536x1024.jpg 1536w, https:\/\/insideamateurfussball-ffm.de\/wp-content\/uploads\/2025\/05\/FCA04DA-SGB_250524-791-2048x1365.jpg 2048w\" sizes=\"auto, (max-width: 1024px) 100vw, 1024px\" \/><\/figure>\n\n\n\n<figure class=\"wp-block-image size-large\"><img loading=\"lazy\" decoding=\"async\" width=\"1024\" height=\"683\" src=\"http:\/\/insideamateurfussball-ffm.de\/wp-content\/uploads\/2025\/05\/FCA04DA-SGB_250524-874-1024x683.jpg\" alt=\"\" class=\"wp-image-25773\" srcset=\"https:\/\/insideamateurfussball-ffm.de\/wp-content\/uploads\/2025\/05\/FCA04DA-SGB_250524-874-1024x683.jpg 1024w, https:\/\/insideamateurfussball-ffm.de\/wp-content\/uploads\/2025\/05\/FCA04DA-SGB_250524-874-300x200.jpg 300w, https:\/\/insideamateurfussball-ffm.de\/wp-content\/uploads\/2025\/05\/FCA04DA-SGB_250524-874-768x512.jpg 768w, https:\/\/insideamateurfussball-ffm.de\/wp-content\/uploads\/2025\/05\/FCA04DA-SGB_250524-874-1536x1024.jpg 1536w, https:\/\/insideamateurfussball-ffm.de\/wp-content\/uploads\/2025\/05\/FCA04DA-SGB_250524-874-2048x1365.jpg 2048w\" sizes=\"auto, (max-width: 1024px) 100vw, 1024px\" \/><\/figure>\n\n\n\n<p><\/p>\n","protected":false},"excerpt":{"rendered":"<p>Durch die 0:2-Niederlage beim 1. FCA Darmstadt konnte die SG Bornheim\/Gr\u00fcn-Wei\u00df am Samstag den Klassenerhalt noch nicht perfekt machen, man war immer noch von den Ergebnissen der Hessenliga am Sonntag abh\u00e4ngig, ob der derzeitige Tabellenplatz noch die Relegation bedeutet. Am Sonntagabend waren dann aber die letzten Restzweifel beseitigt.\u00a0 1.FCA Darmstadt &#8211; SG Bornheim\/Gr\u00fcn-Wei\u00df 2:0 (0:0) [&hellip;]<\/p>\n","protected":false},"author":3,"featured_media":25761,"comment_status":"closed","ping_status":"open","sticky":true,"template":"","format":"standard","meta":{"footnotes":""},"categories":[10],"tags":[],"class_list":["post-25759","post","type-post","status-publish","format-standard","has-post-thumbnail","hentry","category-verbandsliga-sued"],"_links":{"self":[{"href":"https:\/\/insideamateurfussball-ffm.de\/index.php?rest_route=\/wp\/v2\/posts\/25759","targetHints":{"allow":["GET"]}}],"collection":[{"href":"https:\/\/insideamateurfussball-ffm.de\/index.php?rest_route=\/wp\/v2\/posts"}],"about":[{"href":"https:\/\/insideamateurfussball-ffm.de\/index.php?rest_route=\/wp\/v2\/types\/post"}],"author":[{"embeddable":true,"href":"https:\/\/insideamateurfussball-ffm.de\/index.php?rest_route=\/wp\/v2\/users\/3"}],"replies":[{"embeddable":true,"href":"https:\/\/insideamateurfussball-ffm.de\/index.php?rest_route=%2Fwp%2Fv2%2Fcomments&post=25759"}],"version-history":[{"count":5,"href":"https:\/\/insideamateurfussball-ffm.de\/index.php?rest_route=\/wp\/v2\/posts\/25759\/revisions"}],"predecessor-version":[{"id":25778,"href":"https:\/\/insideamateurfussball-ffm.de\/index.php?rest_route=\/wp\/v2\/posts\/25759\/revisions\/25778"}],"wp:featuredmedia":[{"embeddable":true,"href":"https:\/\/insideamateurfussball-ffm.de\/index.php?rest_route=\/wp\/v2\/media\/25761"}],"wp:attachment":[{"href":"https:\/\/insideamateurfussball-ffm.de\/index.php?rest_route=%2Fwp%2Fv2%2Fmedia&parent=25759"}],"wp:term":[{"taxonomy":"category","embeddable":true,"href":"https:\/\/insideamateurfussball-ffm.de\/index.php?rest_route=%2Fwp%2Fv2%2Fcategories&post=25759"},{"taxonomy":"post_tag","embeddable":true,"href":"https:\/\/insideamateurfussball-ffm.de\/index.php?rest_route=%2Fwp%2Fv2%2Ftags&post=25759"}],"curies":[{"name":"wp","href":"https:\/\/api.w.org\/{rel}","templated":true}]}}