{"id":25755,"date":"2025-05-24T09:40:50","date_gmt":"2025-05-24T08:40:50","guid":{"rendered":"https:\/\/insideamateurfussball-ffm.de\/?p=25755"},"modified":"2025-05-24T11:26:29","modified_gmt":"2025-05-24T10:26:29","slug":"bad-vilbel-nach-02-gegen-bosnien-vor-abstieg","status":"publish","type":"post","link":"https:\/\/insideamateurfussball-ffm.de\/?p=25755","title":{"rendered":"Bad Vilbel nach 0:2 gegen Bosnien vor Abstieg"},"content":{"rendered":"<h4>Sollte Aufsteiger Spvgg. 05\/99 Bomber Bad Homburg am Sonntagabend gegen das abgeschlagene Schlusslicht FFV Sportfreunde 04 nur einen Punkt holen, w\u00e4re der FV Bad Vilbel nach dem 0:2 gegen den SV Bosnien\/Herzegowina abgestiegen.<\/h4>\n<figure id=\"attachment_25752\" aria-describedby=\"caption-attachment-25752\" style=\"width: 2560px\" class=\"wp-caption alignnone\"><img loading=\"lazy\" decoding=\"async\" class=\"wp-image-25752 size-full\" src=\"http:\/\/insideamateurfussball-ffm.de\/wp-content\/uploads\/2025\/05\/250523-Vilbel-Bosnien_019-scaled.jpg\" alt=\"\" width=\"2560\" height=\"1707\" srcset=\"https:\/\/insideamateurfussball-ffm.de\/wp-content\/uploads\/2025\/05\/250523-Vilbel-Bosnien_019-scaled.jpg 2560w, https:\/\/insideamateurfussball-ffm.de\/wp-content\/uploads\/2025\/05\/250523-Vilbel-Bosnien_019-300x200.jpg 300w, https:\/\/insideamateurfussball-ffm.de\/wp-content\/uploads\/2025\/05\/250523-Vilbel-Bosnien_019-1024x683.jpg 1024w, https:\/\/insideamateurfussball-ffm.de\/wp-content\/uploads\/2025\/05\/250523-Vilbel-Bosnien_019-768x512.jpg 768w, https:\/\/insideamateurfussball-ffm.de\/wp-content\/uploads\/2025\/05\/250523-Vilbel-Bosnien_019-1536x1024.jpg 1536w, https:\/\/insideamateurfussball-ffm.de\/wp-content\/uploads\/2025\/05\/250523-Vilbel-Bosnien_019-2048x1365.jpg 2048w\" sizes=\"auto, (max-width: 2560px) 100vw, 2560px\" \/><figcaption id=\"caption-attachment-25752\" class=\"wp-caption-text\">Die Bosnier waren beim FV Bad Vilbel mit 2:0 erfolgreich. Foto: Jan Werner<\/figcaption><\/figure>\n<h4>FV Bad Vilbel &#8211; SV Bosnien\/Herzegowina 0:2 (0:1)<\/h4>\n<p><img loading=\"lazy\" decoding=\"async\" class=\"alignnone size-full wp-image-146\" src=\"http:\/\/insideamateurfussball-ffm.de\/wp-content\/uploads\/2022\/05\/FV-Bad-Vilbel.jpg\" alt=\"\" width=\"80\" height=\"80\" \/><img loading=\"lazy\" decoding=\"async\" class=\"alignnone size-full wp-image-139\" src=\"http:\/\/insideamateurfussball-ffm.de\/wp-content\/uploads\/2022\/05\/Bosnien.jpg\" alt=\"\" width=\"79\" height=\"80\" \/><\/p>\n<p>F\u00fcr den FV Bad Vilbel war die Ausgangslage klar, die beiden restlichen Spiele mussten gewonnen werden, um diesmal dem Abstieg in die Kreisoberliga zu entgehen, und so ging die Mannschaft das Spiel auch an. Mit gro\u00dfem Einsatz k\u00e4mpften die Kurst\u00e4dter gegen den favorisierten SV Bosnien\/Herzegowina und kamen auch zu Chancen, in der 8.Minute traf Baris Samadi nur die Querlatte des bosnischen Geh\u00e4uses. Die G\u00e4ste, deren Trainer Amir Mustafic jahrelang Trainer beim FV Bad Vilbel war, kamen langsam besser ins Spiel, lie\u00dfen aber in der Offensive Effektivit\u00e4t vermissen. So musste ein Standard f\u00fcr ein Tor der Bosnier herhalten, ein langer Freisto\u00df wurde von Dennis Hadzimusic mit dem Kopf in die Mitte verl\u00e4ngert, wo Boubacar Dialiba Diabang keine M\u00fche hatte, den Ball zum 1:0 zu versenken, da waren schon 40 Minuten gespielt. Mit diesem Ergebnis ging es auch in die Halbzeit.<\/p>\n<p>Nach der Pause \u00fcbernahmen die G\u00e4ste dann komplett die Spielkontrolle, die Gastgeber hatten dem nicht mehr viel entgegenzusetzen. Die Mannschaft des FV Bad Vilbel war in der 69.Minute dann komplett im Tiefschlaf, ein Freist0\u00df von der Mittellinie von Amer Ibrisimovic wurde hinter die Abwehrkette gespielt und Safet Mujkic hatte keine Probleme, frei vor Torwart Max Ehrig das 2:0 zu erzielen. Das Spiel pl\u00e4tscherte dann so dahin, es gab kaum noch Torchancen, und Bad Vilbel steht unmittelbar vor dem Abstieg in die Kreisoberliga.<\/p>\n<p>Samir Duric, Mitglied der sportlichen Leitung des SV Bosnien\/Herzegowina, nach dem Spiel: \u201ees war der erwartete Sieg, am Anfang kampfbetont, danach sind die Kr\u00e4fte des FV Bad Vilbel geschwunden, dann hat die Cleverness und die Qualit\u00e4t den Unterschied gemacht, dementsprechend auch ein verdienter Sieg f\u00fcr uns.\u201c Am Mittwoch emp0fangen die Bosnier im letzten Saisonspiel den FC Tempo.<\/p>\n<h4>Schiedsrichter: Christian Golditz (SV Salm\u00fcnster). Zuschauer: 122.<\/h4>\n<h4>Tore: 0:1 Boubacar Dialiba Diabang (40.), 0:2 Safet Mujkic (69.)<\/h4>\n<blockquote>\n<h4>Die Fotos verdanken wir dem Pressesprechen von Bad Vilbel, Jan Werner.<\/h4>\n<\/blockquote>\n\n\n<figure class=\"wp-block-image size-large\"><img loading=\"lazy\" decoding=\"async\" width=\"1024\" height=\"683\" src=\"http:\/\/insideamateurfussball-ffm.de\/wp-content\/uploads\/2025\/05\/250523-Vilbel-Bosnien_002-1024x683.jpg\" alt=\"\" class=\"wp-image-25741\" srcset=\"https:\/\/insideamateurfussball-ffm.de\/wp-content\/uploads\/2025\/05\/250523-Vilbel-Bosnien_002-1024x683.jpg 1024w, https:\/\/insideamateurfussball-ffm.de\/wp-content\/uploads\/2025\/05\/250523-Vilbel-Bosnien_002-300x200.jpg 300w, https:\/\/insideamateurfussball-ffm.de\/wp-content\/uploads\/2025\/05\/250523-Vilbel-Bosnien_002-768x512.jpg 768w, https:\/\/insideamateurfussball-ffm.de\/wp-content\/uploads\/2025\/05\/250523-Vilbel-Bosnien_002-1536x1024.jpg 1536w, https:\/\/insideamateurfussball-ffm.de\/wp-content\/uploads\/2025\/05\/250523-Vilbel-Bosnien_002-2048x1365.jpg 2048w\" sizes=\"auto, (max-width: 1024px) 100vw, 1024px\" \/><\/figure>\n\n\n\n<figure class=\"wp-block-image size-large\"><img loading=\"lazy\" decoding=\"async\" width=\"1024\" height=\"683\" src=\"http:\/\/insideamateurfussball-ffm.de\/wp-content\/uploads\/2025\/05\/250523-Vilbel-Bosnien_004-1024x683.jpg\" alt=\"\" class=\"wp-image-25742\" srcset=\"https:\/\/insideamateurfussball-ffm.de\/wp-content\/uploads\/2025\/05\/250523-Vilbel-Bosnien_004-1024x683.jpg 1024w, https:\/\/insideamateurfussball-ffm.de\/wp-content\/uploads\/2025\/05\/250523-Vilbel-Bosnien_004-300x200.jpg 300w, https:\/\/insideamateurfussball-ffm.de\/wp-content\/uploads\/2025\/05\/250523-Vilbel-Bosnien_004-768x512.jpg 768w, https:\/\/insideamateurfussball-ffm.de\/wp-content\/uploads\/2025\/05\/250523-Vilbel-Bosnien_004-1536x1024.jpg 1536w, https:\/\/insideamateurfussball-ffm.de\/wp-content\/uploads\/2025\/05\/250523-Vilbel-Bosnien_004-2048x1365.jpg 2048w\" sizes=\"auto, (max-width: 1024px) 100vw, 1024px\" \/><\/figure>\n\n\n\n<figure class=\"wp-block-image size-large\"><img loading=\"lazy\" decoding=\"async\" width=\"1024\" height=\"683\" src=\"http:\/\/insideamateurfussball-ffm.de\/wp-content\/uploads\/2025\/05\/250523-Vilbel-Bosnien_005-1024x683.jpg\" alt=\"\" class=\"wp-image-25743\" srcset=\"https:\/\/insideamateurfussball-ffm.de\/wp-content\/uploads\/2025\/05\/250523-Vilbel-Bosnien_005-1024x683.jpg 1024w, https:\/\/insideamateurfussball-ffm.de\/wp-content\/uploads\/2025\/05\/250523-Vilbel-Bosnien_005-300x200.jpg 300w, https:\/\/insideamateurfussball-ffm.de\/wp-content\/uploads\/2025\/05\/250523-Vilbel-Bosnien_005-768x512.jpg 768w, https:\/\/insideamateurfussball-ffm.de\/wp-content\/uploads\/2025\/05\/250523-Vilbel-Bosnien_005-1536x1024.jpg 1536w, https:\/\/insideamateurfussball-ffm.de\/wp-content\/uploads\/2025\/05\/250523-Vilbel-Bosnien_005-2048x1365.jpg 2048w\" sizes=\"auto, (max-width: 1024px) 100vw, 1024px\" \/><\/figure>\n\n\n\n<figure class=\"wp-block-image size-large\"><img loading=\"lazy\" decoding=\"async\" width=\"1024\" height=\"683\" src=\"http:\/\/insideamateurfussball-ffm.de\/wp-content\/uploads\/2025\/05\/250523-Vilbel-Bosnien_006-1024x683.jpg\" alt=\"\" class=\"wp-image-25744\" srcset=\"https:\/\/insideamateurfussball-ffm.de\/wp-content\/uploads\/2025\/05\/250523-Vilbel-Bosnien_006-1024x683.jpg 1024w, https:\/\/insideamateurfussball-ffm.de\/wp-content\/uploads\/2025\/05\/250523-Vilbel-Bosnien_006-300x200.jpg 300w, https:\/\/insideamateurfussball-ffm.de\/wp-content\/uploads\/2025\/05\/250523-Vilbel-Bosnien_006-768x512.jpg 768w, https:\/\/insideamateurfussball-ffm.de\/wp-content\/uploads\/2025\/05\/250523-Vilbel-Bosnien_006-1536x1024.jpg 1536w, https:\/\/insideamateurfussball-ffm.de\/wp-content\/uploads\/2025\/05\/250523-Vilbel-Bosnien_006-2048x1365.jpg 2048w\" sizes=\"auto, (max-width: 1024px) 100vw, 1024px\" \/><\/figure>\n\n\n\n<figure class=\"wp-block-image size-large\"><img loading=\"lazy\" decoding=\"async\" width=\"1024\" height=\"683\" src=\"http:\/\/insideamateurfussball-ffm.de\/wp-content\/uploads\/2025\/05\/250523-Vilbel-Bosnien_007-1024x683.jpg\" alt=\"\" class=\"wp-image-25745\" srcset=\"https:\/\/insideamateurfussball-ffm.de\/wp-content\/uploads\/2025\/05\/250523-Vilbel-Bosnien_007-1024x683.jpg 1024w, https:\/\/insideamateurfussball-ffm.de\/wp-content\/uploads\/2025\/05\/250523-Vilbel-Bosnien_007-300x200.jpg 300w, https:\/\/insideamateurfussball-ffm.de\/wp-content\/uploads\/2025\/05\/250523-Vilbel-Bosnien_007-768x512.jpg 768w, https:\/\/insideamateurfussball-ffm.de\/wp-content\/uploads\/2025\/05\/250523-Vilbel-Bosnien_007-1536x1024.jpg 1536w, https:\/\/insideamateurfussball-ffm.de\/wp-content\/uploads\/2025\/05\/250523-Vilbel-Bosnien_007-2048x1365.jpg 2048w\" sizes=\"auto, (max-width: 1024px) 100vw, 1024px\" \/><\/figure>\n\n\n\n<figure class=\"wp-block-image size-large\"><img loading=\"lazy\" decoding=\"async\" width=\"1024\" height=\"683\" src=\"http:\/\/insideamateurfussball-ffm.de\/wp-content\/uploads\/2025\/05\/250523-Vilbel-Bosnien_010-1024x683.jpg\" alt=\"\" class=\"wp-image-25746\" srcset=\"https:\/\/insideamateurfussball-ffm.de\/wp-content\/uploads\/2025\/05\/250523-Vilbel-Bosnien_010-1024x683.jpg 1024w, https:\/\/insideamateurfussball-ffm.de\/wp-content\/uploads\/2025\/05\/250523-Vilbel-Bosnien_010-300x200.jpg 300w, https:\/\/insideamateurfussball-ffm.de\/wp-content\/uploads\/2025\/05\/250523-Vilbel-Bosnien_010-768x512.jpg 768w, https:\/\/insideamateurfussball-ffm.de\/wp-content\/uploads\/2025\/05\/250523-Vilbel-Bosnien_010-1536x1024.jpg 1536w, https:\/\/insideamateurfussball-ffm.de\/wp-content\/uploads\/2025\/05\/250523-Vilbel-Bosnien_010-2048x1365.jpg 2048w\" sizes=\"auto, (max-width: 1024px) 100vw, 1024px\" \/><\/figure>\n\n\n\n<figure class=\"wp-block-image size-large\"><img loading=\"lazy\" decoding=\"async\" width=\"1024\" height=\"683\" src=\"http:\/\/insideamateurfussball-ffm.de\/wp-content\/uploads\/2025\/05\/250523-Vilbel-Bosnien_011-1024x683.jpg\" alt=\"\" class=\"wp-image-25747\" srcset=\"https:\/\/insideamateurfussball-ffm.de\/wp-content\/uploads\/2025\/05\/250523-Vilbel-Bosnien_011-1024x683.jpg 1024w, https:\/\/insideamateurfussball-ffm.de\/wp-content\/uploads\/2025\/05\/250523-Vilbel-Bosnien_011-300x200.jpg 300w, https:\/\/insideamateurfussball-ffm.de\/wp-content\/uploads\/2025\/05\/250523-Vilbel-Bosnien_011-768x512.jpg 768w, https:\/\/insideamateurfussball-ffm.de\/wp-content\/uploads\/2025\/05\/250523-Vilbel-Bosnien_011-1536x1024.jpg 1536w, https:\/\/insideamateurfussball-ffm.de\/wp-content\/uploads\/2025\/05\/250523-Vilbel-Bosnien_011-2048x1365.jpg 2048w\" sizes=\"auto, (max-width: 1024px) 100vw, 1024px\" \/><\/figure>\n\n\n\n<figure class=\"wp-block-image size-large\"><img loading=\"lazy\" decoding=\"async\" width=\"1024\" height=\"683\" src=\"http:\/\/insideamateurfussball-ffm.de\/wp-content\/uploads\/2025\/05\/250523-Vilbel-Bosnien_012-1024x683.jpg\" alt=\"\" class=\"wp-image-25748\" srcset=\"https:\/\/insideamateurfussball-ffm.de\/wp-content\/uploads\/2025\/05\/250523-Vilbel-Bosnien_012-1024x683.jpg 1024w, https:\/\/insideamateurfussball-ffm.de\/wp-content\/uploads\/2025\/05\/250523-Vilbel-Bosnien_012-300x200.jpg 300w, https:\/\/insideamateurfussball-ffm.de\/wp-content\/uploads\/2025\/05\/250523-Vilbel-Bosnien_012-768x512.jpg 768w, https:\/\/insideamateurfussball-ffm.de\/wp-content\/uploads\/2025\/05\/250523-Vilbel-Bosnien_012-1536x1024.jpg 1536w, https:\/\/insideamateurfussball-ffm.de\/wp-content\/uploads\/2025\/05\/250523-Vilbel-Bosnien_012-2048x1365.jpg 2048w\" sizes=\"auto, (max-width: 1024px) 100vw, 1024px\" \/><\/figure>\n\n\n\n<figure class=\"wp-block-image size-large\"><img loading=\"lazy\" decoding=\"async\" width=\"1024\" height=\"683\" src=\"http:\/\/insideamateurfussball-ffm.de\/wp-content\/uploads\/2025\/05\/250523-Vilbel-Bosnien_015-1024x683.jpg\" alt=\"\" class=\"wp-image-25749\" srcset=\"https:\/\/insideamateurfussball-ffm.de\/wp-content\/uploads\/2025\/05\/250523-Vilbel-Bosnien_015-1024x683.jpg 1024w, https:\/\/insideamateurfussball-ffm.de\/wp-content\/uploads\/2025\/05\/250523-Vilbel-Bosnien_015-300x200.jpg 300w, https:\/\/insideamateurfussball-ffm.de\/wp-content\/uploads\/2025\/05\/250523-Vilbel-Bosnien_015-768x512.jpg 768w, https:\/\/insideamateurfussball-ffm.de\/wp-content\/uploads\/2025\/05\/250523-Vilbel-Bosnien_015-1536x1024.jpg 1536w, https:\/\/insideamateurfussball-ffm.de\/wp-content\/uploads\/2025\/05\/250523-Vilbel-Bosnien_015-2048x1365.jpg 2048w\" sizes=\"auto, (max-width: 1024px) 100vw, 1024px\" \/><\/figure>\n\n\n\n<figure class=\"wp-block-image size-large\"><img loading=\"lazy\" decoding=\"async\" width=\"1024\" height=\"683\" src=\"http:\/\/insideamateurfussball-ffm.de\/wp-content\/uploads\/2025\/05\/250523-Vilbel-Bosnien_017-1024x683.jpg\" alt=\"\" class=\"wp-image-25750\" srcset=\"https:\/\/insideamateurfussball-ffm.de\/wp-content\/uploads\/2025\/05\/250523-Vilbel-Bosnien_017-1024x683.jpg 1024w, https:\/\/insideamateurfussball-ffm.de\/wp-content\/uploads\/2025\/05\/250523-Vilbel-Bosnien_017-300x200.jpg 300w, https:\/\/insideamateurfussball-ffm.de\/wp-content\/uploads\/2025\/05\/250523-Vilbel-Bosnien_017-768x512.jpg 768w, https:\/\/insideamateurfussball-ffm.de\/wp-content\/uploads\/2025\/05\/250523-Vilbel-Bosnien_017-1536x1024.jpg 1536w, https:\/\/insideamateurfussball-ffm.de\/wp-content\/uploads\/2025\/05\/250523-Vilbel-Bosnien_017-2048x1365.jpg 2048w\" sizes=\"auto, (max-width: 1024px) 100vw, 1024px\" \/><\/figure>\n\n\n\n<figure class=\"wp-block-image size-large\"><img loading=\"lazy\" decoding=\"async\" width=\"1024\" height=\"683\" src=\"http:\/\/insideamateurfussball-ffm.de\/wp-content\/uploads\/2025\/05\/250523-Vilbel-Bosnien_018-1024x683.jpg\" alt=\"\" class=\"wp-image-25751\" srcset=\"https:\/\/insideamateurfussball-ffm.de\/wp-content\/uploads\/2025\/05\/250523-Vilbel-Bosnien_018-1024x683.jpg 1024w, https:\/\/insideamateurfussball-ffm.de\/wp-content\/uploads\/2025\/05\/250523-Vilbel-Bosnien_018-300x200.jpg 300w, https:\/\/insideamateurfussball-ffm.de\/wp-content\/uploads\/2025\/05\/250523-Vilbel-Bosnien_018-768x512.jpg 768w, https:\/\/insideamateurfussball-ffm.de\/wp-content\/uploads\/2025\/05\/250523-Vilbel-Bosnien_018-1536x1024.jpg 1536w, https:\/\/insideamateurfussball-ffm.de\/wp-content\/uploads\/2025\/05\/250523-Vilbel-Bosnien_018-2048x1365.jpg 2048w\" sizes=\"auto, (max-width: 1024px) 100vw, 1024px\" \/><\/figure>\n\n\n\n<figure class=\"wp-block-image size-large\"><img loading=\"lazy\" decoding=\"async\" width=\"1024\" height=\"683\" src=\"http:\/\/insideamateurfussball-ffm.de\/wp-content\/uploads\/2025\/05\/250523-Vilbel-Bosnien_020-1024x683.jpg\" alt=\"\" class=\"wp-image-25753\" srcset=\"https:\/\/insideamateurfussball-ffm.de\/wp-content\/uploads\/2025\/05\/250523-Vilbel-Bosnien_020-1024x683.jpg 1024w, https:\/\/insideamateurfussball-ffm.de\/wp-content\/uploads\/2025\/05\/250523-Vilbel-Bosnien_020-300x200.jpg 300w, https:\/\/insideamateurfussball-ffm.de\/wp-content\/uploads\/2025\/05\/250523-Vilbel-Bosnien_020-768x512.jpg 768w, https:\/\/insideamateurfussball-ffm.de\/wp-content\/uploads\/2025\/05\/250523-Vilbel-Bosnien_020-1536x1024.jpg 1536w, https:\/\/insideamateurfussball-ffm.de\/wp-content\/uploads\/2025\/05\/250523-Vilbel-Bosnien_020-2048x1365.jpg 2048w\" sizes=\"auto, (max-width: 1024px) 100vw, 1024px\" \/><\/figure>\n\n\n\n<figure class=\"wp-block-image size-large\"><img loading=\"lazy\" decoding=\"async\" width=\"1024\" height=\"683\" src=\"http:\/\/insideamateurfussball-ffm.de\/wp-content\/uploads\/2025\/05\/250523-Vilbel-Bosnien_021-1024x683.jpg\" alt=\"\" class=\"wp-image-25754\" srcset=\"https:\/\/insideamateurfussball-ffm.de\/wp-content\/uploads\/2025\/05\/250523-Vilbel-Bosnien_021-1024x683.jpg 1024w, https:\/\/insideamateurfussball-ffm.de\/wp-content\/uploads\/2025\/05\/250523-Vilbel-Bosnien_021-300x200.jpg 300w, https:\/\/insideamateurfussball-ffm.de\/wp-content\/uploads\/2025\/05\/250523-Vilbel-Bosnien_021-768x512.jpg 768w, https:\/\/insideamateurfussball-ffm.de\/wp-content\/uploads\/2025\/05\/250523-Vilbel-Bosnien_021-1536x1024.jpg 1536w, https:\/\/insideamateurfussball-ffm.de\/wp-content\/uploads\/2025\/05\/250523-Vilbel-Bosnien_021-2048x1365.jpg 2048w\" sizes=\"auto, (max-width: 1024px) 100vw, 1024px\" \/><\/figure>\n","protected":false},"excerpt":{"rendered":"<p>Sollte Aufsteiger Spvgg. 05\/99 Bomber Bad Homburg am Sonntagabend gegen das abgeschlagene Schlusslicht FFV Sportfreunde 04 nur einen Punkt holen, w\u00e4re der FV Bad Vilbel nach dem 0:2 gegen den SV Bosnien\/Herzegowina abgestiegen. FV Bad Vilbel &#8211; SV Bosnien\/Herzegowina 0:2 (0:1) F\u00fcr den FV Bad Vilbel war die Ausgangslage klar, die beiden restlichen Spiele mussten [&hellip;]<\/p>\n","protected":false},"author":3,"featured_media":25752,"comment_status":"closed","ping_status":"open","sticky":true,"template":"","format":"standard","meta":{"footnotes":""},"categories":[13],"tags":[],"class_list":["post-25755","post","type-post","status-publish","format-standard","has-post-thumbnail","hentry","category-gruppenliga-frankfurt-west"],"_links":{"self":[{"href":"https:\/\/insideamateurfussball-ffm.de\/index.php?rest_route=\/wp\/v2\/posts\/25755","targetHints":{"allow":["GET"]}}],"collection":[{"href":"https:\/\/insideamateurfussball-ffm.de\/index.php?rest_route=\/wp\/v2\/posts"}],"about":[{"href":"https:\/\/insideamateurfussball-ffm.de\/index.php?rest_route=\/wp\/v2\/types\/post"}],"author":[{"embeddable":true,"href":"https:\/\/insideamateurfussball-ffm.de\/index.php?rest_route=\/wp\/v2\/users\/3"}],"replies":[{"embeddable":true,"href":"https:\/\/insideamateurfussball-ffm.de\/index.php?rest_route=%2Fwp%2Fv2%2Fcomments&post=25755"}],"version-history":[{"count":3,"href":"https:\/\/insideamateurfussball-ffm.de\/index.php?rest_route=\/wp\/v2\/posts\/25755\/revisions"}],"predecessor-version":[{"id":25758,"href":"https:\/\/insideamateurfussball-ffm.de\/index.php?rest_route=\/wp\/v2\/posts\/25755\/revisions\/25758"}],"wp:featuredmedia":[{"embeddable":true,"href":"https:\/\/insideamateurfussball-ffm.de\/index.php?rest_route=\/wp\/v2\/media\/25752"}],"wp:attachment":[{"href":"https:\/\/insideamateurfussball-ffm.de\/index.php?rest_route=%2Fwp%2Fv2%2Fmedia&parent=25755"}],"wp:term":[{"taxonomy":"category","embeddable":true,"href":"https:\/\/insideamateurfussball-ffm.de\/index.php?rest_route=%2Fwp%2Fv2%2Fcategories&post=25755"},{"taxonomy":"post_tag","embeddable":true,"href":"https:\/\/insideamateurfussball-ffm.de\/index.php?rest_route=%2Fwp%2Fv2%2Ftags&post=25755"}],"curies":[{"name":"wp","href":"https:\/\/api.w.org\/{rel}","templated":true}]}}