{"id":25729,"date":"2025-05-22T21:34:36","date_gmt":"2025-05-22T20:34:36","guid":{"rendered":"https:\/\/insideamateurfussball-ffm.de\/?p=25729"},"modified":"2025-05-22T21:34:36","modified_gmt":"2025-05-22T20:34:36","slug":"bsc-strafe-03-wertung-und-drei-punkte-abzug","status":"publish","type":"post","link":"https:\/\/insideamateurfussball-ffm.de\/?p=25729","title":{"rendered":"BSC-Strafe: 0:3-Wertung und drei Punkte Abzug"},"content":{"rendered":"<h4>In Sachen Sportgerichtsurteile kommt notgedrungen Bewegung in die Sache. Das beim Stande von 4:5 abgebrochene Meisterschaftsspiel zwischen dem BSC Schwarz-Wei\u00df 19 und Union Niederrad wird mit einem 3:0-Sieg am gr\u00fcnen Tisch f\u00fcr die G\u00e4ste gewertet. Die wegen einer schweren Verletzung eines kosovarischen Spielers abgebrochene Partie zwischen dem FC Kosova und dem SV 07 Heddernheim wird wie zum Zeitpunkt des Abbruchs stehend 8:2 f\u00fcr den KOL-Meister gewertet.<\/h4>\n<figure id=\"attachment_25163\" aria-describedby=\"caption-attachment-25163\" style=\"width: 836px\" class=\"wp-caption alignnone\"><img loading=\"lazy\" decoding=\"async\" class=\"wp-image-25163\" src=\"http:\/\/insideamateurfussball-ffm.de\/wp-content\/uploads\/2025\/04\/bsc5-1.jpg\" alt=\"\" width=\"836\" height=\"649\" srcset=\"https:\/\/insideamateurfussball-ffm.de\/wp-content\/uploads\/2025\/04\/bsc5-1.jpg 827w, https:\/\/insideamateurfussball-ffm.de\/wp-content\/uploads\/2025\/04\/bsc5-1-300x233.jpg 300w, https:\/\/insideamateurfussball-ffm.de\/wp-content\/uploads\/2025\/04\/bsc5-1-768x596.jpg 768w\" sizes=\"auto, (max-width: 836px) 100vw, 836px\" \/><figcaption id=\"caption-attachment-25163\" class=\"wp-caption-text\">Der BSC verlor drei Punkte am gr\u00fcnen Tisch. Foto: Archiv Mithat G\u00fcrser.<\/figcaption><\/figure>\n<p><img loading=\"lazy\" decoding=\"async\" class=\"alignnone size-full wp-image-285\" src=\"http:\/\/insideamateurfussball-ffm.de\/wp-content\/uploads\/2022\/05\/BSC-19.jpg\" alt=\"\" width=\"80\" height=\"61\" \/><\/p>\n<p>Die Unioner haben damit den vierten Rang sicher. Dem Ballspielclub tut der Abzug der drei Z\u00e4hler nicht weh. Man bleibt sogar vorerst auf dem neunten Rang. Was war passiert? Am 24. M\u00e4rz hatte ein umstrittener Elfmeter f\u00fcr Niederrad f\u00fcr das 4:5 gesorgt, daraufhin brach der Schiedsrichter ab. Das Sportgericht unter dem Vorsitz von Swaantje Dirks sah es als erwiesen an, dass einige Spieler vom BSC den Spielleiter bedroht und beleidigt haben sollen. Ferner wurden Spielsperren gegen die beteiligten Spieler verh\u00e4ngt. BSC-Abteilungsleiter Christian Reinmold kommentierte das Urteil aus Sicht seines Vereins mit einer langen Stellungnahme: &#8222;Mit dem Ergebnis, dass das Spiel mit 3:0 f\u00fcr Niederrad gewertet wird und wir zus\u00e4tzlich noch 3 Punkte Abzug bekommen, k\u00f6nnen wir leben. Es bleibt jedoch noch immer der Beigeschmack, dass der Schiedsrichter an diesem Tage mitbestimmen beigetragen hat, dass dieses Spiel so eskalieren konnte und letztlich zum Spielabbruch gef\u00fchrt hat. Gef\u00fchlt tragen wir jetzt alleine die Schuld daf\u00fcr, aber wir wissen alle, dass der Verband hinter den Schiedrichtern steht, auch wenn Gast und Heimmannschaft beide best\u00e4tigen, dass an diesem Tage ein absolut \u00fcberforderter und \u00fcberheblicher Schiedsrichter auf dem Platz stand, der die Spieler sehr herablassend behandelt hat. Die individuellen Strafen gegen 3 Spieler von uns tun sehr weh. Diese fanden wir in einem Fall etwas \u00fcberzogen. Leider wird hier allein das Wort des Schiedrichters geh\u00f6rt, weshalb wir hier chancenlos waren, etwas dagegen zu tun. Was zudem sehr weh tut ist, dass die Strafen gegen die Spieler erst ab heute laufen. Hier machen sich die 7 Wochen Wartezeit sehr schmerzlich bemerkbar. W\u00e4re fr\u00fcher ein Urteil gekommen, w\u00e4ren die Spieler bereits f\u00fcr die neue Saison wieder frei und k\u00f6nnten die Vorbereitung mit machen und an den Test Spielen teilnehmen. Durch die Wartezeit von 7 Wochen und dem sp\u00e4ten Urteil wird den Spielern leider die Chance genommen. Das finden wir als Verein mehr als ungl\u00fccklich und hoffen, dass das nicht nochmal passiert und der Verband etwas unternimmt, damit das Sportgericht besser aufgestellt ist und wir nicht mehr so lange auf Urteile warten m\u00fcssen!&#8220;<\/p>\n<p>Nun wartet die Kreisoberliga-Community noch auf das Urteil in Sachen Griesheim 02 &#8211; Germania 94, relevant f\u00fcr den Einzug in die Aufstiegsrelegation. Dieses Urteil wird f\u00fcr den Freitagnachmittag erwartet.<\/p>\n","protected":false},"excerpt":{"rendered":"<p>In Sachen Sportgerichtsurteile kommt notgedrungen Bewegung in die Sache. Das beim Stande von 4:5 abgebrochene Meisterschaftsspiel zwischen dem BSC Schwarz-Wei\u00df 19 und Union Niederrad wird mit einem 3:0-Sieg am gr\u00fcnen Tisch f\u00fcr die G\u00e4ste gewertet. Die wegen einer schweren Verletzung eines kosovarischen Spielers abgebrochene Partie zwischen dem FC Kosova und dem SV 07 Heddernheim wird [&hellip;]<\/p>\n","protected":false},"author":1,"featured_media":25163,"comment_status":"closed","ping_status":"closed","sticky":true,"template":"","format":"standard","meta":{"footnotes":""},"categories":[2],"tags":[],"class_list":["post-25729","post","type-post","status-publish","format-standard","has-post-thumbnail","hentry","category-kreisoberliga-frankfurt"],"_links":{"self":[{"href":"https:\/\/insideamateurfussball-ffm.de\/index.php?rest_route=\/wp\/v2\/posts\/25729","targetHints":{"allow":["GET"]}}],"collection":[{"href":"https:\/\/insideamateurfussball-ffm.de\/index.php?rest_route=\/wp\/v2\/posts"}],"about":[{"href":"https:\/\/insideamateurfussball-ffm.de\/index.php?rest_route=\/wp\/v2\/types\/post"}],"author":[{"embeddable":true,"href":"https:\/\/insideamateurfussball-ffm.de\/index.php?rest_route=\/wp\/v2\/users\/1"}],"replies":[{"embeddable":true,"href":"https:\/\/insideamateurfussball-ffm.de\/index.php?rest_route=%2Fwp%2Fv2%2Fcomments&post=25729"}],"version-history":[{"count":1,"href":"https:\/\/insideamateurfussball-ffm.de\/index.php?rest_route=\/wp\/v2\/posts\/25729\/revisions"}],"predecessor-version":[{"id":25730,"href":"https:\/\/insideamateurfussball-ffm.de\/index.php?rest_route=\/wp\/v2\/posts\/25729\/revisions\/25730"}],"wp:featuredmedia":[{"embeddable":true,"href":"https:\/\/insideamateurfussball-ffm.de\/index.php?rest_route=\/wp\/v2\/media\/25163"}],"wp:attachment":[{"href":"https:\/\/insideamateurfussball-ffm.de\/index.php?rest_route=%2Fwp%2Fv2%2Fmedia&parent=25729"}],"wp:term":[{"taxonomy":"category","embeddable":true,"href":"https:\/\/insideamateurfussball-ffm.de\/index.php?rest_route=%2Fwp%2Fv2%2Fcategories&post=25729"},{"taxonomy":"post_tag","embeddable":true,"href":"https:\/\/insideamateurfussball-ffm.de\/index.php?rest_route=%2Fwp%2Fv2%2Ftags&post=25729"}],"curies":[{"name":"wp","href":"https:\/\/api.w.org\/{rel}","templated":true}]}}