{"id":25704,"date":"2025-05-20T18:12:30","date_gmt":"2025-05-20T17:12:30","guid":{"rendered":"https:\/\/insideamateurfussball-ffm.de\/?p=25704"},"modified":"2025-05-21T16:10:00","modified_gmt":"2025-05-21T15:10:00","slug":"gudesding-kroent-fantastische-rueckserie-preussen-muss-rechnen","status":"publish","type":"post","link":"https:\/\/insideamateurfussball-ffm.de\/?p=25704","title":{"rendered":"Gudesding kr\u00f6nt fantastische R\u00fcckserie &#8211; Preu\u00dfen muss rechnen"},"content":{"rendered":"<h4>In der Winterpause belegte der FC Gudesding noch einen der beiden Abstiegspl\u00e4tze, holte dann ab Februar mit einer fantastischen Serie 29 Punkte dazu und kletterte nach dem 3:2 gegen den SV Viktoria Preu\u00dfen auf Rang sieben. Die G\u00e4ste hingegen verpassten eine m\u00f6gliche bessere Ausgangslage vor dem Herzschlagfinale am Sonntag. Im Heimspiel gegen Schlusslicht SG Bornheim\/Gr\u00fcn-Wei\u00df II stehen die Preu\u00dfen am Abgrund. Ein Sieg muss unbedingt her, verschiedene Konstellationen k\u00f6nnen eintreffen (siehe unten).<\/h4>\n<figure id=\"attachment_18874\" aria-describedby=\"caption-attachment-18874\" style=\"width: 2048px\" class=\"wp-caption alignnone\"><img loading=\"lazy\" decoding=\"async\" class=\"wp-image-18874 size-full\" src=\"http:\/\/insideamateurfussball-ffm.de\/wp-content\/uploads\/2024\/05\/Gudesdingroed.jpg\" alt=\"\" width=\"2048\" height=\"1536\" srcset=\"https:\/\/insideamateurfussball-ffm.de\/wp-content\/uploads\/2024\/05\/Gudesdingroed.jpg 2048w, https:\/\/insideamateurfussball-ffm.de\/wp-content\/uploads\/2024\/05\/Gudesdingroed-300x225.jpg 300w, https:\/\/insideamateurfussball-ffm.de\/wp-content\/uploads\/2024\/05\/Gudesdingroed-1024x768.jpg 1024w, https:\/\/insideamateurfussball-ffm.de\/wp-content\/uploads\/2024\/05\/Gudesdingroed-768x576.jpg 768w, https:\/\/insideamateurfussball-ffm.de\/wp-content\/uploads\/2024\/05\/Gudesdingroed-1536x1152.jpg 1536w\" sizes=\"auto, (max-width: 2048px) 100vw, 2048px\" \/><figcaption id=\"caption-attachment-18874\" class=\"wp-caption-text\">Fantastische R\u00fcckrunde des FC Gudesding. Foto: Archiv PA.<\/figcaption><\/figure>\n<h4>FC Gudesding &#8211; SV Viktoria Preu\u00dfen 3:2 (1:1)<\/h4>\n<p><img loading=\"lazy\" decoding=\"async\" class=\"alignnone size-full wp-image-10\" src=\"http:\/\/insideamateurfussball-ffm.de\/wp-content\/uploads\/2021\/11\/Gudesding.jpg\" alt=\"\" width=\"64\" height=\"80\" \/><img loading=\"lazy\" decoding=\"async\" class=\"alignnone size-full wp-image-12\" src=\"http:\/\/insideamateurfussball-ffm.de\/wp-content\/uploads\/2021\/11\/preussen.jpg\" alt=\"\" width=\"72\" height=\"80\" \/><\/p>\n<p>Gudesding-Co-Trainer Paul Weiss bezeichnete das Spiel als &#8222;Sommerkick, den wir am Ende 3:2 gewinnen konnten. Preu\u00dfen war offensiv nicht schlecht, da sind gute Kicker dabei. Wir sind froh, dass wir auch das letzte Spiel gewinnen konnten und gehen jetzt mit 43 Punkten in die wohlverdiente Sommerpause.&#8220; Weiss betonte: &#8222;Was die Jungs seit Januar geleistet haben, kann man nicht hoch genug anrechnen. Da ging ein Ruck durch die Mannschaft und alle hatten nur ein Ziel: auch n\u00e4chstes Jahr in der KOL spielen zu wollen. Die Jungs haben es \u00fcberragend gemacht, wir Trainer bedanken uns, dass sie so mitgezogen und uns vertraut haben. Das war einfach grandios! Ich glaube, dass unsere Mannschaft viel gelernt und mitgenommen hat. Alle Spieler bleiben genauso zusammen n\u00e4chstes Jahr und blicken mit gro\u00dfer Freude und Zuversicht in die n\u00e4chste Saison.&#8220;<\/p>\n<p>Arne Kuhrs (5.) und Ferdinand Hasselbeck (46.) brachten Gudesding zweimal nach vorne, Sedek Bangura glich jeweils aus (28.\/52.). Lukas M\u00fcrlebach traf nach 80 Minuten zum 3:2 und brachte die G\u00e4ste damit noch mehr in die Bredouille. Trainer Cem Caput: &#8222;Wir wollen alles negative au\u00dfen vor lassen, haben vieles positives gehabt und alles im letzten Spiel abrufen.&#8220;<\/p>\n<blockquote>\n<h4>Konstellation Gudesding: 7. Platz, 69:73 Tore, 43 Punkte.<\/h4>\n<h4>Im Winter noch abgeschlagen, beenden die &#8222;Guden&#8220; die Saison mindestens auf Rang acht, sollte Enkheim gegen Makkabi nicht siegen, sogar auf Rang sieben!<\/h4>\n<h4>Konstellation Preu\u00dfen: 15. Platz, 49:83 Tore, 27 Punkte.<\/h4>\n<h4>Von Klassenerhalt \u00fcber Relegation bis zum direkten Abstieg ist im direkten Duell gegen Schlusslicht Bornheim II alles drin. Parallel treffen Griesheim Tarik und Croatia aufeinander. Die Preu\u00dfen bleiben drin, bei Sieg gegen Bornheim, wenn Croatia Remis spielt (bessere Tordifferenz) bei unentschiedenem direkten Vergleich oder wenn Croatia bei eigenem Sieg verliert. In die Relegation muss man bei eigenem Sieg und wenn Croatia gewinnt. Bei Remis, wenn Tarik gegen Croatia nicht gewinnt. Abgestiegen w\u00e4re man bei Remis, wenn Tarik gegen Croatia gewinnt. Bei einer Niederlage der Preu\u00dfen w\u00e4re der Abstieg ebenfalls perfekt.<\/h4>\n<h4>Schiedsrichter: Justus Bechthold (SV Melitia Roth). Zuschauer: 80.<\/h4>\n<h4>Tore: 1:0 Arne Kuhrs (5.), 1:1 Sedek Bangura (28.), 2:1 Ferdinand Hasselbeck (46.), 2:2 Sedek Bangura (50.), 3:2 Lukas M\u00fcrlebach (80.).<\/h4>\n<\/blockquote>\n","protected":false},"excerpt":{"rendered":"<p>In der Winterpause belegte der FC Gudesding noch einen der beiden Abstiegspl\u00e4tze, holte dann ab Februar mit einer fantastischen Serie 29 Punkte dazu und kletterte nach dem 3:2 gegen den SV Viktoria Preu\u00dfen auf Rang sieben. Die G\u00e4ste hingegen verpassten eine m\u00f6gliche bessere Ausgangslage vor dem Herzschlagfinale am Sonntag. Im Heimspiel gegen Schlusslicht SG Bornheim\/Gr\u00fcn-Wei\u00df [&hellip;]<\/p>\n","protected":false},"author":1,"featured_media":18874,"comment_status":"closed","ping_status":"closed","sticky":true,"template":"","format":"standard","meta":{"footnotes":""},"categories":[2],"tags":[],"class_list":["post-25704","post","type-post","status-publish","format-standard","has-post-thumbnail","hentry","category-kreisoberliga-frankfurt"],"_links":{"self":[{"href":"https:\/\/insideamateurfussball-ffm.de\/index.php?rest_route=\/wp\/v2\/posts\/25704","targetHints":{"allow":["GET"]}}],"collection":[{"href":"https:\/\/insideamateurfussball-ffm.de\/index.php?rest_route=\/wp\/v2\/posts"}],"about":[{"href":"https:\/\/insideamateurfussball-ffm.de\/index.php?rest_route=\/wp\/v2\/types\/post"}],"author":[{"embeddable":true,"href":"https:\/\/insideamateurfussball-ffm.de\/index.php?rest_route=\/wp\/v2\/users\/1"}],"replies":[{"embeddable":true,"href":"https:\/\/insideamateurfussball-ffm.de\/index.php?rest_route=%2Fwp%2Fv2%2Fcomments&post=25704"}],"version-history":[{"count":3,"href":"https:\/\/insideamateurfussball-ffm.de\/index.php?rest_route=\/wp\/v2\/posts\/25704\/revisions"}],"predecessor-version":[{"id":25710,"href":"https:\/\/insideamateurfussball-ffm.de\/index.php?rest_route=\/wp\/v2\/posts\/25704\/revisions\/25710"}],"wp:featuredmedia":[{"embeddable":true,"href":"https:\/\/insideamateurfussball-ffm.de\/index.php?rest_route=\/wp\/v2\/media\/18874"}],"wp:attachment":[{"href":"https:\/\/insideamateurfussball-ffm.de\/index.php?rest_route=%2Fwp%2Fv2%2Fmedia&parent=25704"}],"wp:term":[{"taxonomy":"category","embeddable":true,"href":"https:\/\/insideamateurfussball-ffm.de\/index.php?rest_route=%2Fwp%2Fv2%2Fcategories&post=25704"},{"taxonomy":"post_tag","embeddable":true,"href":"https:\/\/insideamateurfussball-ffm.de\/index.php?rest_route=%2Fwp%2Fv2%2Ftags&post=25704"}],"curies":[{"name":"wp","href":"https:\/\/api.w.org\/{rel}","templated":true}]}}