{"id":25697,"date":"2025-05-20T17:10:05","date_gmt":"2025-05-20T16:10:05","guid":{"rendered":"https:\/\/insideamateurfussball-ffm.de\/?p=25697"},"modified":"2025-05-20T17:10:05","modified_gmt":"2025-05-20T16:10:05","slug":"union-verabschiedet-verdiente-spieler","status":"publish","type":"post","link":"https:\/\/insideamateurfussball-ffm.de\/?p=25697","title":{"rendered":"Union verabschiedet verdiente Spieler"},"content":{"rendered":"<h4>Das 4:0 des Tabellenvierten Union Niederrad \u00fcber die bereits gesicherte SG Harheim war Nebensache. An der Heinrich-Seliger-Stra\u00dfe wurden mit Torj\u00e4ger Emir Drino und der treuen Seele Michael Figueiredo langj\u00e4hrige verdiente Spieler verabschiedet.<\/h4>\n<figure id=\"attachment_25698\" aria-describedby=\"caption-attachment-25698\" style=\"width: 1536px\" class=\"wp-caption alignnone\"><img loading=\"lazy\" decoding=\"async\" class=\"wp-image-25698 size-full\" src=\"http:\/\/insideamateurfussball-ffm.de\/wp-content\/uploads\/2025\/05\/Union-Drino.jpg\" alt=\"\" width=\"1536\" height=\"2048\" srcset=\"https:\/\/insideamateurfussball-ffm.de\/wp-content\/uploads\/2025\/05\/Union-Drino.jpg 1536w, https:\/\/insideamateurfussball-ffm.de\/wp-content\/uploads\/2025\/05\/Union-Drino-225x300.jpg 225w, https:\/\/insideamateurfussball-ffm.de\/wp-content\/uploads\/2025\/05\/Union-Drino-768x1024.jpg 768w, https:\/\/insideamateurfussball-ffm.de\/wp-content\/uploads\/2025\/05\/Union-Drino-1152x1536.jpg 1152w\" sizes=\"auto, (max-width: 1536px) 100vw, 1536px\" \/><figcaption id=\"caption-attachment-25698\" class=\"wp-caption-text\">Emir Drino, die Nummer zehn der Unioner, hinterl\u00e4sst bleibende Eindr\u00fccke bei den Unionern. Foto: Einsendung Verein.<\/figcaption><\/figure>\n<h4>FC Union Niederrad &#8211; SG Harheim 4:0 (2:0)<\/h4>\n<p><img loading=\"lazy\" decoding=\"async\" class=\"alignnone size-full wp-image-38\" src=\"http:\/\/insideamateurfussball-ffm.de\/wp-content\/uploads\/2021\/11\/Union-Niederrad.jpg\" alt=\"\" width=\"80\" height=\"80\" \/><img loading=\"lazy\" decoding=\"async\" class=\"alignnone size-full wp-image-284\" src=\"http:\/\/insideamateurfussball-ffm.de\/wp-content\/uploads\/2022\/05\/Harheim.jpg\" alt=\"\" width=\"78\" height=\"80\" \/><\/p>\n<p>Beim klaren Sieg im S\u00fcd-Nord-Duell trugen sich Anas Ouakil (6.), Emir Drino (37.), Robert Wainer (68.) und Caspar Oechsler (82.) in die Torsch\u00fctzenliste ein. Drino markierte seinen 25. Saisontreffer. Union-Vorsitzender Khalid Lamjahed sagte: &#8222;Der ganze Spieltag stand unter dem Zeichen von Feiern und Abschied.&#8220;<\/p>\n<p>Bei der in die A-Klasse aufgestiegenen zweiten Mannschaft wurde Michael Figueiredo im Spiel gegen T\u00fcrkg\u00fcc\u00fc II mit Einlaufkindern verabschiedet. Im folgenden Spiel gegen Harheim lieferte Union eine starke spielerische Vorstellung ab und verabschiedete sich emotional von Sturmikone Emir Drino, der die Schuhe an den Nagel h\u00e4ngen wird.<\/p>\n<blockquote>\n<h4>&#8222;Im Hinblick auf die kommende Saison muss ich aber auf die Euphoriebremse treten, wir beginnen dann wieder bei Null&#8220; (Union-Vorsitzender Khalid Lamjahed)<\/h4>\n<\/blockquote>\n<p>Bei seiner Auswechslung bildeten die Spieler ein Spalier f\u00fcr den Bosnier. Der 18-j\u00e4hrige Luca Carrogu war an allen Toren beteiligt, gab die Vorlagen zu den Toren. &#8222;Es war eine verh\u00e4ltnism\u00e4\u00dfig gute Saison und der 4. Platz ist uns nicht mehr zu nehmen. Im Hinblick auf die kommende Saison muss ich aber auf die Euphoriebremse treten, wir beginnen dann wieder bei Null&#8220;, sagte Lamjahed.<\/p>\n<p>Harheims Trainer Christian Balzer wollte zum 0:4 nicht mehr sagen als: &#8222;Zum Gl\u00fcck hatten wir schon 34 Punkte.&#8220;<\/p>\n<blockquote>\n<h4>Konstellation Union: 4. Platz, 73:52 Tore, 53 Punkte.<\/h4>\n<h4>Die Punkte aus dem Abbruch-Spiel beim BSC sollten gut geschrieben werden, dann ist den Unionern Rang vier im letzten Spiel bei Concordia Eschersheim nicht zu nehmen.<\/h4>\n<h4>Konstellation Harheim: 11. Platz, 56:52 Tore, 34 Punkte.<\/h4>\n<h4>Am Dienstag (20 Uhr) kommt es zum Wiederholungsspiel in R\u00f6delheim. Am Sonntag geht es daheim gegen den BSC. Theoretisch ist zwischen Rang 9 und 13 noch alles m\u00f6glich.<\/h4>\n<h4>Schiedsrichter: Nurettin \u00d6zkesen (SG Sossenheim). Zuschauer: 130.<\/h4>\n<h4>Tore: 1:0 Anas Ouakil (6.), 2:0 Emir Drino (37.), 3:0 Robert Wainer (68.), 4:0 Caspar Oechsler (82.).<\/h4>\n<\/blockquote>\n","protected":false},"excerpt":{"rendered":"<p>Das 4:0 des Tabellenvierten Union Niederrad \u00fcber die bereits gesicherte SG Harheim war Nebensache. An der Heinrich-Seliger-Stra\u00dfe wurden mit Torj\u00e4ger Emir Drino und der treuen Seele Michael Figueiredo langj\u00e4hrige verdiente Spieler verabschiedet. FC Union Niederrad &#8211; SG Harheim 4:0 (2:0) Beim klaren Sieg im S\u00fcd-Nord-Duell trugen sich Anas Ouakil (6.), Emir Drino (37.), Robert Wainer [&hellip;]<\/p>\n","protected":false},"author":1,"featured_media":25698,"comment_status":"closed","ping_status":"closed","sticky":true,"template":"","format":"standard","meta":{"footnotes":""},"categories":[2],"tags":[],"class_list":["post-25697","post","type-post","status-publish","format-standard","has-post-thumbnail","hentry","category-kreisoberliga-frankfurt"],"_links":{"self":[{"href":"https:\/\/insideamateurfussball-ffm.de\/index.php?rest_route=\/wp\/v2\/posts\/25697","targetHints":{"allow":["GET"]}}],"collection":[{"href":"https:\/\/insideamateurfussball-ffm.de\/index.php?rest_route=\/wp\/v2\/posts"}],"about":[{"href":"https:\/\/insideamateurfussball-ffm.de\/index.php?rest_route=\/wp\/v2\/types\/post"}],"author":[{"embeddable":true,"href":"https:\/\/insideamateurfussball-ffm.de\/index.php?rest_route=\/wp\/v2\/users\/1"}],"replies":[{"embeddable":true,"href":"https:\/\/insideamateurfussball-ffm.de\/index.php?rest_route=%2Fwp%2Fv2%2Fcomments&post=25697"}],"version-history":[{"count":1,"href":"https:\/\/insideamateurfussball-ffm.de\/index.php?rest_route=\/wp\/v2\/posts\/25697\/revisions"}],"predecessor-version":[{"id":25699,"href":"https:\/\/insideamateurfussball-ffm.de\/index.php?rest_route=\/wp\/v2\/posts\/25697\/revisions\/25699"}],"wp:featuredmedia":[{"embeddable":true,"href":"https:\/\/insideamateurfussball-ffm.de\/index.php?rest_route=\/wp\/v2\/media\/25698"}],"wp:attachment":[{"href":"https:\/\/insideamateurfussball-ffm.de\/index.php?rest_route=%2Fwp%2Fv2%2Fmedia&parent=25697"}],"wp:term":[{"taxonomy":"category","embeddable":true,"href":"https:\/\/insideamateurfussball-ffm.de\/index.php?rest_route=%2Fwp%2Fv2%2Fcategories&post=25697"},{"taxonomy":"post_tag","embeddable":true,"href":"https:\/\/insideamateurfussball-ffm.de\/index.php?rest_route=%2Fwp%2Fv2%2Ftags&post=25697"}],"curies":[{"name":"wp","href":"https:\/\/api.w.org\/{rel}","templated":true}]}}