{"id":25670,"date":"2025-05-19T21:02:57","date_gmt":"2025-05-19T20:02:57","guid":{"rendered":"https:\/\/insideamateurfussball-ffm.de\/?p=25670"},"modified":"2025-05-19T21:02:57","modified_gmt":"2025-05-19T20:02:57","slug":"croatia-trotz-meister-kosova-ein-11-ab","status":"publish","type":"post","link":"https:\/\/insideamateurfussball-ffm.de\/?p=25670","title":{"rendered":"Croatia trotz Meister Kosova ein 1:1 ab"},"content":{"rendered":"<h4>Der FC Croatia trotzte Meister FC Kosova ein 1:1 ab, lag gegen das Topteam lange in F\u00fchrung und kann den Klassenerhalt im direkten Duell bei Griesheim Tarik fixieren, aber auch in die Relegation rutschen oder noch absteigen.<\/h4>\n<figure id=\"attachment_25674\" aria-describedby=\"caption-attachment-25674\" style=\"width: 1440px\" class=\"wp-caption alignnone\"><img loading=\"lazy\" decoding=\"async\" class=\"wp-image-25674 size-full\" src=\"http:\/\/insideamateurfussball-ffm.de\/wp-content\/uploads\/2025\/05\/Cro-Ko.jpg\" alt=\"\" width=\"1440\" height=\"1440\" srcset=\"https:\/\/insideamateurfussball-ffm.de\/wp-content\/uploads\/2025\/05\/Cro-Ko.jpg 1440w, https:\/\/insideamateurfussball-ffm.de\/wp-content\/uploads\/2025\/05\/Cro-Ko-300x300.jpg 300w, https:\/\/insideamateurfussball-ffm.de\/wp-content\/uploads\/2025\/05\/Cro-Ko-1024x1024.jpg 1024w, https:\/\/insideamateurfussball-ffm.de\/wp-content\/uploads\/2025\/05\/Cro-Ko-150x150.jpg 150w, https:\/\/insideamateurfussball-ffm.de\/wp-content\/uploads\/2025\/05\/Cro-Ko-768x768.jpg 768w\" sizes=\"auto, (max-width: 1440px) 100vw, 1440px\" \/><figcaption id=\"caption-attachment-25674\" class=\"wp-caption-text\">Kosovas Torsch\u00fctze Soufian Taadou hinter Croatias David Dulc. Foto: Verein.\u00a0\u00a0<\/figcaption><\/figure>\n<h4>FC Croatia &#8211; FC Kosova 1:1 (1:0)<\/h4>\n<p><img loading=\"lazy\" decoding=\"async\" class=\"alignnone size-full wp-image-29\" src=\"http:\/\/insideamateurfussball-ffm.de\/wp-content\/uploads\/2021\/11\/croatia.jpg\" alt=\"\" width=\"63\" height=\"80\" \/><img loading=\"lazy\" decoding=\"async\" class=\"alignnone size-full wp-image-9\" src=\"http:\/\/insideamateurfussball-ffm.de\/wp-content\/uploads\/2021\/11\/Kosova.jpg\" alt=\"\" width=\"65\" height=\"80\" \/><\/p>\n<p>Croatia setzte den Aufw\u00e4rtstrend der letzten Wochen fort und stand auch gegen den Meister sehr gut im Abwehrbereich. Nichts war zu sp\u00fcren von der exorbitanten Gegentoranzahl von 102. Kosova hatte mehr Ballanteile, aber die Kroaten hielten mit Kampfgeist dagegen. Die F\u00fchrung der Gastgeber durch Marko Krunic (31.) spielte dem vor Wochen noch abgeschlagenen Team in die Karten.<\/p>\n<p>&#8222;Heute w\u00e4re sogar ein Sieg drin gewesen, aber mit dem Punkt k\u00f6nnen wir leben&#8220;, konstatierte Croatias Sportlicher Leiter Stanislav Konta. Zehn Minuten vor dem Abpfiff egalisierte Kosovas Soufian Taadou mit einem Distanzschuss zum 1:1 (80.), sonst w\u00e4re die Ausgangslage Croatias vor dem direkten Duell bei Griesheim Tarik noch besser gewesen (siehe unten stehenden Infokasten).<\/p>\n<blockquote>\n<h4>&#8222;Gro\u00dfes Lob an die organisierte Mannschaft von Croatia&#8220; (Kosova-Trainer Jorge Huberman)<\/h4>\n<\/blockquote>\n<p>Kosova-Trainer Jorge Huberman berichtete von &#8222;einem hart umk\u00e4mpften Spiel, in dem Croatia verdient in F\u00fchrung ging. In der zweiten Halbzeit haben wir Druck gemacht und das 1:1 gemacht. Das war der verdiente Endstand. Gro\u00dfes Lob an die organisierte Mannschaft von Croatia, auch in der Abwehr sehr stark. Wir hatten keinen so guten Tag. Unser Kader ist klein, zwei unserer entscheidenden Leute sind verletzt. Wir haben nach der langen Saison mit dem kleinen Kader nicht mehr die Substanz. In der ersten Halbzeit haben wir zu viel Galeriefu\u00dfball gespielt. Wir wollten nichts abschenken und Croatia war einfach gut.&#8220;<\/p>\n<p>St\u00fcrmer Ibrahim Abbouz, der aus eigenem Antrieb das Spielfeld verlassen habe, erhielt noch eine R\u00fcge vom Meistercoach: &#8222;Das hat ein Nachspiel, denn so l\u00e4sst man seine Mannschaft nicht im Stich.&#8220;<\/p>\n<blockquote>\n<h4>Konstellation Croatia: 14. Platz, 53:102 Tore, 29 Punkte.<\/h4>\n<h4>Klassenerhalt bei Sieg bei Tarik. Bei Remis, wenn Preu\u00dfen nicht gewinnt. Gewinnen die Preu\u00dfen und spielt Croatia Remis w\u00e4ren beide punktgleich mit 30 Punkten, der direkte Vergleich Remis, die Tordifferenz spr\u00e4che f\u00fcr Preu\u00dfen und somit m\u00fcsste Croatia in die Relegation. Auch bei einer Niederlage Croatias und einem Remis der Preu\u00dfen m\u00fcssten die Kroaten in die Relegation, da der direkte Vergleich f\u00fcr Tarik spricht. Im Falle der Punktgleichheit zwischen Croatia, Tarik und Bornheim II kommt die Extra-Tabelle zur Anwendung.<\/h4>\n<h4>Konstellation Kosova: 1. Platz, 98:38 Tore, 73 Punkte.<\/h4>\n<h4>Der Aufstieg in die Gruppenliga Frankfurt West steht bereits fest. Es wird noch die Wertung des beim Stande von 8:2 abgebrochenen Spiels gegen Heddernheim erwartet. Im letzten bedeutungslosen Saisonspiel geht es noch nach R\u00f6delheim.<\/h4>\n<h4>Schiedsrichter: Dennis Jantz (1. SC Kohlheck). Zuschauer: 150.<\/h4>\n<h4>Tore: 1:0 Marko Krunic (31.), 1:1 Soufian Taadou (80.).<\/h4>\n<h4><\/h4>\n<\/blockquote>\n","protected":false},"excerpt":{"rendered":"<p>Der FC Croatia trotzte Meister FC Kosova ein 1:1 ab, lag gegen das Topteam lange in F\u00fchrung und kann den Klassenerhalt im direkten Duell bei Griesheim Tarik fixieren, aber auch in die Relegation rutschen oder noch absteigen. FC Croatia &#8211; FC Kosova 1:1 (1:0) Croatia setzte den Aufw\u00e4rtstrend der letzten Wochen fort und stand auch [&hellip;]<\/p>\n","protected":false},"author":1,"featured_media":25674,"comment_status":"closed","ping_status":"closed","sticky":true,"template":"","format":"standard","meta":{"footnotes":""},"categories":[2],"tags":[],"class_list":["post-25670","post","type-post","status-publish","format-standard","has-post-thumbnail","hentry","category-kreisoberliga-frankfurt"],"_links":{"self":[{"href":"https:\/\/insideamateurfussball-ffm.de\/index.php?rest_route=\/wp\/v2\/posts\/25670","targetHints":{"allow":["GET"]}}],"collection":[{"href":"https:\/\/insideamateurfussball-ffm.de\/index.php?rest_route=\/wp\/v2\/posts"}],"about":[{"href":"https:\/\/insideamateurfussball-ffm.de\/index.php?rest_route=\/wp\/v2\/types\/post"}],"author":[{"embeddable":true,"href":"https:\/\/insideamateurfussball-ffm.de\/index.php?rest_route=\/wp\/v2\/users\/1"}],"replies":[{"embeddable":true,"href":"https:\/\/insideamateurfussball-ffm.de\/index.php?rest_route=%2Fwp%2Fv2%2Fcomments&post=25670"}],"version-history":[{"count":1,"href":"https:\/\/insideamateurfussball-ffm.de\/index.php?rest_route=\/wp\/v2\/posts\/25670\/revisions"}],"predecessor-version":[{"id":25675,"href":"https:\/\/insideamateurfussball-ffm.de\/index.php?rest_route=\/wp\/v2\/posts\/25670\/revisions\/25675"}],"wp:featuredmedia":[{"embeddable":true,"href":"https:\/\/insideamateurfussball-ffm.de\/index.php?rest_route=\/wp\/v2\/media\/25674"}],"wp:attachment":[{"href":"https:\/\/insideamateurfussball-ffm.de\/index.php?rest_route=%2Fwp%2Fv2%2Fmedia&parent=25670"}],"wp:term":[{"taxonomy":"category","embeddable":true,"href":"https:\/\/insideamateurfussball-ffm.de\/index.php?rest_route=%2Fwp%2Fv2%2Fcategories&post=25670"},{"taxonomy":"post_tag","embeddable":true,"href":"https:\/\/insideamateurfussball-ffm.de\/index.php?rest_route=%2Fwp%2Fv2%2Ftags&post=25670"}],"curies":[{"name":"wp","href":"https:\/\/api.w.org\/{rel}","templated":true}]}}